
{"id":100250,"date":"2020-02-10T09:00:08","date_gmt":"2020-02-10T08:00:08","guid":{"rendered":"http:\/\/uniavisen.dk\/rektor-henrik-wegener-faar-nyt-bijob-med-fri-bolig-ved-frederiksberg-have\/"},"modified":"2020-02-10T10:44:50","modified_gmt":"2020-02-10T09:44:50","slug":"rector-henrik-wegener-takes-on-second-job-with-free-housing-near-frederiksberg-have","status":"publish","type":"post","link":"https:\/\/uniavisen.dk\/en\/rector-henrik-wegener-takes-on-second-job-with-free-housing-near-frederiksberg-have\/","title":{"rendered":"Rector Henrik Wegener takes on second job with free housing near Frederiksberg Have"},"content":{"rendered":"<p>A large two-storey apartment in a villa bordering Frederiksberg Have. That is the compensation rector of the University of Copenhagen, Henrik Wegener, will receive for his new second job as head \u2014 or so-called <em>ephor<\/em> \u2014 of 4. Maj Kollegiet on Frederiksberg. Heat and electricity not included.<\/p>\n<p>The independent media outlet Fundats, which specializes in foundations, has covered the story of the rector\u2019s new job, which he received ahead of 22 other applicants, in two articles.<\/p>\n<p>As ephor of the dormitory, the rector will be responsible for financial matters, budgeting, and accounting. He will also manage day to day operations as well as maintain the public interests of the dormitory which among other things entails \u00bbraising funds to maintain the infrastructure,\u00ab <a href=\"https:\/\/fundats.dk\/fondsledelse\/ku-rektor-stillingen-er-et-akademisk-ombud\/\">Wegener tells Fundats<\/a>.<\/p>\n<p>According to Fundats, rector\u2019s new position as ephor was approved by the former chairman of the university board, Mads Krogsagaard Thomsen.<\/p>\n<p>As rector of the country\u2019s largest university, Henrik Wegener makes approximately 1.8 million kroner a year. The job as rector is a full-time position and according to a draft of a new trust deed for 4. Maj Kollegiet, the position as ephor is at minimum \u00bba half-time position.\u00ab<\/p>\n<p>To Fundats, Henrik Wegener explains that he expects to fulfil his duties as ephor \u2018primarily after hours on weekdays and on weekends\u2019 and that the position as ephor \u00bbis just as much a lifestyle as it is a job.\u00ab<\/p>\n<h3>Department heads are often busier than the rector<\/h3>\n<p>\u00bbIn most cases, ephors are department heads or professors. And a department head at a modern university who is responsible for hundreds of employees and a budget of several hundred millions of kroner is subject to the same level of work pressure as a rector is,\u00ab Henrik Wegener says to Fundats.<\/p>\n<p>It is true that other ephors in the past have fulfilled their duties while simultaneously working full-time. Head of the Regensen dormitory Stuart Ward, also serves as head of the Saxo Institute at the University of Copenhagen.<\/p>\n<p>The current ephor at 4. Maj Kollegiet, John E. Andersen, who is a professor emeritus at the University of Copenhagen, has served as department head for years while simultaneously fulfilling his duties as ephor.<\/p>\n<p>\u00bbIt\u2019s not a half-time job,\u00ab says John E. Andersen to the University Post. \u00bbAnd it hasn\u2019t been in practice.\u00ab<\/p>\n<p>According to him, it is a misunderstanding and an error that the new trust deed draft states that \u00bbhalf-time employees at the dormitory, including the ephor and the caretaker, are allowed to participate in board meetings,\u00ab because it implies that the job as ephor is a half-time position.<\/p>\n<blockquote><p>It\u2019s the best job in the world.<\/p>\n<p class=\"quotee\">John E. Andersen, current ephor<\/p>\n<\/blockquote>\n<p>\u00bbI\u2019ve had the job for 16 years and I have never spent half of my working hours on it,\u00ab says John E. Andersen adding that he initially applied for the position as ephor to strengthen his bond with the student community. As ephor you live in close proximity to the students and take part in their everyday life.<\/p>\n<p>\u00bbIt\u2019s the best job in the world,\u00ab says John E. Andersen.<\/p>\n<p>The newly appointed chairwoman of the board at 4. Maj Kollegiet, Helle Sjelle, who is also a conservative member of the Frederiksberg city council, agrees that the job as ephor is not a regular half-time position.<\/p>\n<p>\u00bbIt would be hard to clearly asses how much time is spent on this job. Being an ephor is more of a lifestyle than anything else,\u00ab says Helle Sjelle.<\/p>\n<p>Henrik Wegener also uses the term \u201clifestyle\u201d in describing his new second job:<\/p>\n<p>\u00bbThe definition of an ephor is someone who lives at the dormitory alongside the young people themselves,\u00ab says Henrik Wegener to the University Post. \u00bbThat\u2019s why I use the term lifestyle. One has to want to be at the centre of social and academic life at the dormitory.\u00ab<\/p>\n<p>\u00bbIt will create a positive synergy with my work as rector. I believe it will make me a better rector seeing eye to eye with the students, whom I at the moment see far too little of.\u00ab<\/p>\n<p>Henrik Wegener states that the job listing in no way mentioned how much time the ephor could expect to spend on his or her new duties. He was, however, encouraged to inquire with the current ephor which he did.<\/p>\n<p>\u00bbBased on what I have been told, I see no cause for alarm. Even though I am rector of the university I still have time off to myself. My duties as ephor will be handled during odd hours.\u00ab<\/p>\n<p>When he served as vice-rector at Denmark\u2019s Technical College, Henrik Wegener adds, he also took on a score of trusted positions in addition to his job. He had to give those up when accepting the position as rector at the University of Copenhagen, but now he has time to take on more duties. According to Henrik Wegener, ephors typically have full-time positions in academia which is also the case at other dormitories.<\/p>\n<h3>Age limit delays handover<\/h3>\n<p>According to the 4. Maj Kollegiet-website, Henrik Wegener will start his new job on October 1. It is, however, also stated that the handover of responsibilities to the new ephor \u00bbis contingent on an agreement being reached between the board and Henrik C. Wegener during the negotiation of employment terms.\u00ab<\/p>\n<p>This revision of the original statement in the dormitory\u2019s website was made subsequent to Fundats-journalist Sune Holm Pedersen publishing his story about the new ephor.<\/p>\n<blockquote><p>It will make me a better rector seeing eye to eye with the students, whom I at the moment see far too little of.<\/p>\n<p class=\"quotee\">Henrik Wegener<\/p>\n<\/blockquote>\n<p>One potential problem is the fact that Henrik Wegener does not live up to the demands of an ephor as stated in the current dormitory rules. An ephor cannot serve in the position \u00bbpast the age of 60.\u00ab Henrik Wegener is 61.<\/p>\n<p>However, current ephor, John E. Andersen, is even older, so if the dormitory board eventually decides to break its own rules in hiring Henrik Wegener, it will not be the first time. The trust deed from 1997 also contains other outdated rules, for instance that part of the board is elected by the university senate at University of Copenhagen, which no longer exists.<\/p>\n<p><a href=\"https:\/\/fundats.dk\/fondsledelse\/bestyrelsesarbejde\/ku-rektor-ansaettes-som-fondsdirektoer-i-strid-med-vedtaegter\/\">According to the media outlet Fundats<\/a>, S\u00f8ren Bergenser, a solicitor, PhD, and expert in managerial responsibility in foundations, believes that the hiring of Henrik Wegener is \u00bbis completely opposed to the foundation ordinances and thus in violation of foundation legislation.\u00ab<\/p>\n<p>Henrik Wegener explains that he does not intend to begin in his new position as ephor as long as the current rules apply:<\/p>\n<p>\u00bbI cannot begin my tenure as ephor if the trust deed explicitly states that I am too old for the job. The trust deed has to be updated, and it would of course have been better if that had happened prior to me being offered the position. I was informed that the trust deed was in the process of being updated,\u00ab he says.<\/p>\n<h3>Helle Sjelle promises an updated set of rules<\/h3>\n<p>According to Henrik Wegener, the most contentious point for the dormitory board to decide on is the future admittance of students as there are fewer and fewer direct descendants of freedom fighters in the university student age group. This is in part why the update to the trust deed has been a prolonged affair.<\/p>\n<p>Chairwoman of 4. Maj Kollegiet, Helle Sjelle, says to the University Post that an updated set of rules is in the making.<\/p>\n<p>\u00bbIt\u2019s a long process which should have ended at our last board meeting which it didn\u2019t, but long ago the board decided to abolish the age limit.\u00ab According to her, the revisions have already been sent to the municipality of Frederiksberg for approval. \u00bbHenrik Wegener\u2019s new job doesn\u2019t start until October 1. if all goes well,\u00ab says Helle Sjelle.<\/p>\n<p>The ephor apartment by Frederiksberg Have is, according to its current resident John E. Andersen, \u00bba nice, big apartment, but it does need some repair.\u00ab<\/p>\n<p>\u00bbIt\u2019s a lovely building. I loved living there,\u00ab he says.<\/p>\n<p>However, John E. Andersen explains that the free housing is not tax exempt.<\/p>\n<p><em>Translation: Theis Duelund<\/em><br \/>\n<!-- end of module 1 --><\/p>\n","protected":false},"excerpt":{"rendered":"<p>The rector the University of Copenhagen has applied for and subsequently been offered a position as head of 4. Maj Kollegiet. This according to media outlet Fundats. Henrik Wegener says that he has time to take on the added responsibilities which he calls \u00bba lifestyle\u00ab and that living among the students will make him a better rector.<\/p>\n","protected":false},"author":7,"featured_media":100087,"comment_status":"closed","ping_status":"closed","sticky":false,"template":"","format":"standard","meta":{"_acf_changed":false,"om_disable_all_campaigns":false,"_monsterinsights_skip_tracking":false,"_monsterinsights_sitenote_active":false,"_monsterinsights_sitenote_note":"","_monsterinsights_sitenote_category":0,"_uf_show_specific_survey":0,"_uf_disable_surveys":false,"footnotes":""},"categories":[2972],"tags":[2973,2974,322,2975,2006],"class_list":["post-100250","post","type-post","status-publish","format-standard","has-post-thumbnail","hentry","category-cribs-en","tag-4-maj-kollegiet-en","tag-fri-bolig-en","tag-henrik-wegener-en","tag-kollegie-en","tag-kollegium-en","expression-news_article"],"acf":[],"aioseo_notices":[],"yoast_head":"<!-- This site is optimized with the Yoast SEO plugin v27.5 - https:\/\/yoast.com\/product\/yoast-seo-wordpress\/ -->\n<title>Rector Henrik Wegener takes on second job with free housing near Frederiksberg Have<\/title>\n<meta name=\"robots\" content=\"index, follow, max-snippet:-1, max-image-preview:large, max-video-preview:-1\" \/>\n<link rel=\"canonical\" href=\"https:\/\/uniavisen.dk\/en\/rector-henrik-wegener-takes-on-second-job-with-free-housing-near-frederiksberg-have\/\" \/>\n<meta property=\"og:locale\" content=\"en_US\" \/>\n<meta property=\"og:type\" content=\"article\" \/>\n<meta property=\"og:title\" content=\"Rector Henrik Wegener takes on second job with free housing near Frederiksberg Have\" \/>\n<meta property=\"og:description\" content=\"The rector the University of Copenhagen has applied for and subsequently been offered a position as head of 4. Maj Kollegiet. This according to media outlet Fundats. Henrik Wegener says that he has time to take on the added responsibilities which he calls \u00bba lifestyle\u00ab and that living among the students will make him a better rector.\" \/>\n<meta property=\"og:url\" content=\"https:\/\/uniavisen.dk\/en\/rector-henrik-wegener-takes-on-second-job-with-free-housing-near-frederiksberg-have\/\" \/>\n<meta property=\"og:site_name\" content=\"University Post\" \/>\n<meta property=\"article:publisher\" content=\"https:\/\/www.facebook.com\/uniavis\" \/>\n<meta property=\"article:author\" content=\"https:\/\/www.facebook.com\/christoffer.zieler\" \/>\n<meta property=\"article:published_time\" content=\"2020-02-10T08:00:08+00:00\" \/>\n<meta property=\"article:modified_time\" content=\"2020-02-10T09:44:50+00:00\" \/>\n<meta property=\"og:image\" content=\"http:\/\/uniavisen.dk\/wp-content\/uploads\/2020\/01\/kollegium.jpg\" \/>\n\t<meta property=\"og:image:width\" content=\"1600\" \/>\n\t<meta property=\"og:image:height\" content=\"1068\" \/>\n\t<meta property=\"og:image:type\" content=\"image\/jpeg\" \/>\n<meta name=\"author\" content=\"Christoffer Zieler\" \/>\n<meta name=\"twitter:card\" content=\"summary_large_image\" \/>\n<meta name=\"twitter:creator\" content=\"@Uniavisen\" \/>\n<meta name=\"twitter:site\" content=\"@Uniavisen\" \/>\n<meta name=\"twitter:label1\" content=\"Written by\" \/>\n\t<meta name=\"twitter:data1\" content=\"Christoffer Zieler\" \/>\n\t<meta name=\"twitter:label2\" content=\"Est. reading time\" \/>\n\t<meta name=\"twitter:data2\" content=\"7 minutes\" \/>\n<script type=\"application\/ld+json\" class=\"yoast-schema-graph\">{\"@context\":\"https:\\\/\\\/schema.org\",\"@graph\":[{\"@type\":\"Article\",\"@id\":\"https:\\\/\\\/uniavisen.dk\\\/en\\\/rector-henrik-wegener-takes-on-second-job-with-free-housing-near-frederiksberg-have\\\/#article\",\"isPartOf\":{\"@id\":\"https:\\\/\\\/uniavisen.dk\\\/en\\\/rector-henrik-wegener-takes-on-second-job-with-free-housing-near-frederiksberg-have\\\/\"},\"author\":{\"name\":\"Christoffer Zieler\",\"@id\":\"https:\\\/\\\/uniavisen.dk\\\/#\\\/schema\\\/person\\\/a96cc389f544930451424dd312b34b8c\"},\"headline\":\"Rector Henrik Wegener takes on second job with free housing near Frederiksberg Have\",\"datePublished\":\"2020-02-10T08:00:08+00:00\",\"dateModified\":\"2020-02-10T09:44:50+00:00\",\"mainEntityOfPage\":{\"@id\":\"https:\\\/\\\/uniavisen.dk\\\/en\\\/rector-henrik-wegener-takes-on-second-job-with-free-housing-near-frederiksberg-have\\\/\"},\"wordCount\":1366,\"image\":{\"@id\":\"https:\\\/\\\/uniavisen.dk\\\/en\\\/rector-henrik-wegener-takes-on-second-job-with-free-housing-near-frederiksberg-have\\\/#primaryimage\"},\"thumbnailUrl\":\"https:\\\/\\\/uniavisen.dk\\\/wp-content\\\/uploads\\\/2020\\\/01\\\/kollegium.jpg\",\"keywords\":[\"4. Maj Kollegiet\",\"Fri bolig\",\"Henrik Wegener\",\"kollegie\",\"kollegium\"],\"articleSection\":[\"Cribs\"],\"inLanguage\":\"en-US\"},{\"@type\":\"WebPage\",\"@id\":\"https:\\\/\\\/uniavisen.dk\\\/en\\\/rector-henrik-wegener-takes-on-second-job-with-free-housing-near-frederiksberg-have\\\/\",\"url\":\"https:\\\/\\\/uniavisen.dk\\\/en\\\/rector-henrik-wegener-takes-on-second-job-with-free-housing-near-frederiksberg-have\\\/\",\"name\":\"Rector Henrik Wegener takes on second job with free housing near Frederiksberg Have\",\"isPartOf\":{\"@id\":\"https:\\\/\\\/uniavisen.dk\\\/#website\"},\"primaryImageOfPage\":{\"@id\":\"https:\\\/\\\/uniavisen.dk\\\/en\\\/rector-henrik-wegener-takes-on-second-job-with-free-housing-near-frederiksberg-have\\\/#primaryimage\"},\"image\":{\"@id\":\"https:\\\/\\\/uniavisen.dk\\\/en\\\/rector-henrik-wegener-takes-on-second-job-with-free-housing-near-frederiksberg-have\\\/#primaryimage\"},\"thumbnailUrl\":\"https:\\\/\\\/uniavisen.dk\\\/wp-content\\\/uploads\\\/2020\\\/01\\\/kollegium.jpg\",\"datePublished\":\"2020-02-10T08:00:08+00:00\",\"dateModified\":\"2020-02-10T09:44:50+00:00\",\"author\":{\"@id\":\"https:\\\/\\\/uniavisen.dk\\\/#\\\/schema\\\/person\\\/a96cc389f544930451424dd312b34b8c\"},\"breadcrumb\":{\"@id\":\"https:\\\/\\\/uniavisen.dk\\\/en\\\/rector-henrik-wegener-takes-on-second-job-with-free-housing-near-frederiksberg-have\\\/#breadcrumb\"},\"inLanguage\":\"en-US\",\"potentialAction\":[{\"@type\":\"ReadAction\",\"target\":[\"https:\\\/\\\/uniavisen.dk\\\/en\\\/rector-henrik-wegener-takes-on-second-job-with-free-housing-near-frederiksberg-have\\\/\"]}]},{\"@type\":\"ImageObject\",\"inLanguage\":\"en-US\",\"@id\":\"https:\\\/\\\/uniavisen.dk\\\/en\\\/rector-henrik-wegener-takes-on-second-job-with-free-housing-near-frederiksberg-have\\\/#primaryimage\",\"url\":\"https:\\\/\\\/uniavisen.dk\\\/wp-content\\\/uploads\\\/2020\\\/01\\\/kollegium.jpg\",\"contentUrl\":\"https:\\\/\\\/uniavisen.dk\\\/wp-content\\\/uploads\\\/2020\\\/01\\\/kollegium.jpg\",\"width\":1600,\"height\":1068,\"caption\":\"Efor for 4. Maj Kollegiet\"},{\"@type\":\"BreadcrumbList\",\"@id\":\"https:\\\/\\\/uniavisen.dk\\\/en\\\/rector-henrik-wegener-takes-on-second-job-with-free-housing-near-frederiksberg-have\\\/#breadcrumb\",\"itemListElement\":[{\"@type\":\"ListItem\",\"position\":1,\"name\":\"Home\",\"item\":\"https:\\\/\\\/uniavisen.dk\\\/en\\\/\"},{\"@type\":\"ListItem\",\"position\":2,\"name\":\"Rector Henrik Wegener takes on second job with free housing near Frederiksberg Have\"}]},{\"@type\":\"WebSite\",\"@id\":\"https:\\\/\\\/uniavisen.dk\\\/#website\",\"url\":\"https:\\\/\\\/uniavisen.dk\\\/\",\"name\":\"University Post\",\"description\":\"Independent of management\",\"potentialAction\":[{\"@type\":\"SearchAction\",\"target\":{\"@type\":\"EntryPoint\",\"urlTemplate\":\"https:\\\/\\\/uniavisen.dk\\\/?s={search_term_string}\"},\"query-input\":{\"@type\":\"PropertyValueSpecification\",\"valueRequired\":true,\"valueName\":\"search_term_string\"}}],\"inLanguage\":\"en-US\"},{\"@type\":\"Person\",\"@id\":\"https:\\\/\\\/uniavisen.dk\\\/#\\\/schema\\\/person\\\/a96cc389f544930451424dd312b34b8c\",\"name\":\"Christoffer Zieler\",\"image\":{\"@type\":\"ImageObject\",\"inLanguage\":\"en-US\",\"@id\":\"https:\\\/\\\/secure.gravatar.com\\\/avatar\\\/4bf8592c5d42f63ff76abd26557ba3887d83a2e784a2508b81d423cf582346fa?s=96&d=identicon&r=g\",\"url\":\"https:\\\/\\\/secure.gravatar.com\\\/avatar\\\/4bf8592c5d42f63ff76abd26557ba3887d83a2e784a2508b81d423cf582346fa?s=96&d=identicon&r=g\",\"contentUrl\":\"https:\\\/\\\/secure.gravatar.com\\\/avatar\\\/4bf8592c5d42f63ff76abd26557ba3887d83a2e784a2508b81d423cf582346fa?s=96&d=identicon&r=g\",\"caption\":\"Christoffer Zieler\"},\"sameAs\":[\"https:\\\/\\\/www.facebook.com\\\/christoffer.zieler\"],\"url\":\"https:\\\/\\\/uniavisen.dk\\\/en\\\/author\\\/christoffer\\\/\"}]}<\/script>\n<!-- \/ Yoast SEO plugin. -->","yoast_head_json":{"title":"Rector Henrik Wegener takes on second job with free housing near Frederiksberg Have","robots":{"index":"index","follow":"follow","max-snippet":"max-snippet:-1","max-image-preview":"max-image-preview:large","max-video-preview":"max-video-preview:-1"},"canonical":"https:\/\/uniavisen.dk\/en\/rector-henrik-wegener-takes-on-second-job-with-free-housing-near-frederiksberg-have\/","og_locale":"en_US","og_type":"article","og_title":"Rector Henrik Wegener takes on second job with free housing near Frederiksberg Have","og_description":"The rector the University of Copenhagen has applied for and subsequently been offered a position as head of 4. Maj Kollegiet. This according to media outlet Fundats. Henrik Wegener says that he has time to take on the added responsibilities which he calls \u00bba lifestyle\u00ab and that living among the students will make him a better rector.","og_url":"https:\/\/uniavisen.dk\/en\/rector-henrik-wegener-takes-on-second-job-with-free-housing-near-frederiksberg-have\/","og_site_name":"University Post","article_publisher":"https:\/\/www.facebook.com\/uniavis","article_author":"https:\/\/www.facebook.com\/christoffer.zieler","article_published_time":"2020-02-10T08:00:08+00:00","article_modified_time":"2020-02-10T09:44:50+00:00","og_image":[{"width":1600,"height":1068,"url":"http:\/\/uniavisen.dk\/wp-content\/uploads\/2020\/01\/kollegium.jpg","type":"image\/jpeg"}],"author":"Christoffer Zieler","twitter_card":"summary_large_image","twitter_creator":"@Uniavisen","twitter_site":"@Uniavisen","twitter_misc":{"Written by":"Christoffer Zieler","Est. reading time":"7 minutes"},"schema":{"@context":"https:\/\/schema.org","@graph":[{"@type":"Article","@id":"https:\/\/uniavisen.dk\/en\/rector-henrik-wegener-takes-on-second-job-with-free-housing-near-frederiksberg-have\/#article","isPartOf":{"@id":"https:\/\/uniavisen.dk\/en\/rector-henrik-wegener-takes-on-second-job-with-free-housing-near-frederiksberg-have\/"},"author":{"name":"Christoffer Zieler","@id":"https:\/\/uniavisen.dk\/#\/schema\/person\/a96cc389f544930451424dd312b34b8c"},"headline":"Rector Henrik Wegener takes on second job with free housing near Frederiksberg Have","datePublished":"2020-02-10T08:00:08+00:00","dateModified":"2020-02-10T09:44:50+00:00","mainEntityOfPage":{"@id":"https:\/\/uniavisen.dk\/en\/rector-henrik-wegener-takes-on-second-job-with-free-housing-near-frederiksberg-have\/"},"wordCount":1366,"image":{"@id":"https:\/\/uniavisen.dk\/en\/rector-henrik-wegener-takes-on-second-job-with-free-housing-near-frederiksberg-have\/#primaryimage"},"thumbnailUrl":"https:\/\/uniavisen.dk\/wp-content\/uploads\/2020\/01\/kollegium.jpg","keywords":["4. Maj Kollegiet","Fri bolig","Henrik Wegener","kollegie","kollegium"],"articleSection":["Cribs"],"inLanguage":"en-US"},{"@type":"WebPage","@id":"https:\/\/uniavisen.dk\/en\/rector-henrik-wegener-takes-on-second-job-with-free-housing-near-frederiksberg-have\/","url":"https:\/\/uniavisen.dk\/en\/rector-henrik-wegener-takes-on-second-job-with-free-housing-near-frederiksberg-have\/","name":"Rector Henrik Wegener takes on second job with free housing near Frederiksberg Have","isPartOf":{"@id":"https:\/\/uniavisen.dk\/#website"},"primaryImageOfPage":{"@id":"https:\/\/uniavisen.dk\/en\/rector-henrik-wegener-takes-on-second-job-with-free-housing-near-frederiksberg-have\/#primaryimage"},"image":{"@id":"https:\/\/uniavisen.dk\/en\/rector-henrik-wegener-takes-on-second-job-with-free-housing-near-frederiksberg-have\/#primaryimage"},"thumbnailUrl":"https:\/\/uniavisen.dk\/wp-content\/uploads\/2020\/01\/kollegium.jpg","datePublished":"2020-02-10T08:00:08+00:00","dateModified":"2020-02-10T09:44:50+00:00","author":{"@id":"https:\/\/uniavisen.dk\/#\/schema\/person\/a96cc389f544930451424dd312b34b8c"},"breadcrumb":{"@id":"https:\/\/uniavisen.dk\/en\/rector-henrik-wegener-takes-on-second-job-with-free-housing-near-frederiksberg-have\/#breadcrumb"},"inLanguage":"en-US","potentialAction":[{"@type":"ReadAction","target":["https:\/\/uniavisen.dk\/en\/rector-henrik-wegener-takes-on-second-job-with-free-housing-near-frederiksberg-have\/"]}]},{"@type":"ImageObject","inLanguage":"en-US","@id":"https:\/\/uniavisen.dk\/en\/rector-henrik-wegener-takes-on-second-job-with-free-housing-near-frederiksberg-have\/#primaryimage","url":"https:\/\/uniavisen.dk\/wp-content\/uploads\/2020\/01\/kollegium.jpg","contentUrl":"https:\/\/uniavisen.dk\/wp-content\/uploads\/2020\/01\/kollegium.jpg","width":1600,"height":1068,"caption":"Efor for 4. Maj Kollegiet"},{"@type":"BreadcrumbList","@id":"https:\/\/uniavisen.dk\/en\/rector-henrik-wegener-takes-on-second-job-with-free-housing-near-frederiksberg-have\/#breadcrumb","itemListElement":[{"@type":"ListItem","position":1,"name":"Home","item":"https:\/\/uniavisen.dk\/en\/"},{"@type":"ListItem","position":2,"name":"Rector Henrik Wegener takes on second job with free housing near Frederiksberg Have"}]},{"@type":"WebSite","@id":"https:\/\/uniavisen.dk\/#website","url":"https:\/\/uniavisen.dk\/","name":"University Post","description":"Independent of management","potentialAction":[{"@type":"SearchAction","target":{"@type":"EntryPoint","urlTemplate":"https:\/\/uniavisen.dk\/?s={search_term_string}"},"query-input":{"@type":"PropertyValueSpecification","valueRequired":true,"valueName":"search_term_string"}}],"inLanguage":"en-US"},{"@type":"Person","@id":"https:\/\/uniavisen.dk\/#\/schema\/person\/a96cc389f544930451424dd312b34b8c","name":"Christoffer Zieler","image":{"@type":"ImageObject","inLanguage":"en-US","@id":"https:\/\/secure.gravatar.com\/avatar\/4bf8592c5d42f63ff76abd26557ba3887d83a2e784a2508b81d423cf582346fa?s=96&d=identicon&r=g","url":"https:\/\/secure.gravatar.com\/avatar\/4bf8592c5d42f63ff76abd26557ba3887d83a2e784a2508b81d423cf582346fa?s=96&d=identicon&r=g","contentUrl":"https:\/\/secure.gravatar.com\/avatar\/4bf8592c5d42f63ff76abd26557ba3887d83a2e784a2508b81d423cf582346fa?s=96&d=identicon&r=g","caption":"Christoffer Zieler"},"sameAs":["https:\/\/www.facebook.com\/christoffer.zieler"],"url":"https:\/\/uniavisen.dk\/en\/author\/christoffer\/"}]}},"advancedCustomFields":{"layout_group":[{"acf_fc_layout":"Headline","use_post_title":true,"headline":"","style":"default","highlighted_words":"","text_size":"small"},{"acf_fc_layout":"Image","image":{"ID":100086,"id":100086,"title":"Kollegium","filename":"kollegium.jpg","filesize":680734,"url":"https:\/\/uniavisen.dk\/wp-content\/uploads\/2020\/01\/kollegium.jpg","link":"https:\/\/uniavisen.dk\/en\/rektor-henrik-wegener-faar-nyt-bijob-med-fri-bolig-ved-frederiksberg-have\/kollegium\/","alt":"","author":"7","description":"","caption":"Rektorhybel \u2013 Efor for 4. Maj Kollegiet f\u00e5r en lejlighed p\u00e5 f\u00f8rste og anden sal stillet til r\u00e5dighed. Den nuv\u00e6rende efor kalder det \u00bben stor fin lejlighed, som dog tr\u00e6nger til noget istands\u00e6ttelse.\u00ab Der st\u00e5r i \u00f8vrigt \"Hassagers\" p\u00e5 bygningen, fordi den tilh\u00f8rte Dorthea Hassager, som i sin tid testamenterede sin ejendom til opf\u00f8relsen af et kollegium. Hassagers Kollegium er en selvst\u00e6ndig del af det samlede 4. Maj Kollegiet og Hassagers Kollegium, og det har 10 v\u00e6relser i kollegiebygningen. Efor er den samme for begge kollegier. ","name":"kollegium","status":"inherit","uploaded_to":100085,"date":"2020-01-31 10:41:12","modified":"2020-02-03 07:20:26","menu_order":0,"mime_type":"image\/jpeg","type":"image","subtype":"jpeg","icon":"https:\/\/uniavisen.dk\/wp-includes\/images\/media\/default.png","width":1600,"height":1068,"sizes":{"thumbnail":"https:\/\/uniavisen.dk\/wp-content\/uploads\/2020\/01\/kollegium-150x150.jpg","thumbnail-width":150,"thumbnail-height":150,"medium":"https:\/\/uniavisen.dk\/wp-content\/uploads\/2020\/01\/kollegium-480x320.jpg","medium-width":480,"medium-height":320,"medium_large":"https:\/\/uniavisen.dk\/wp-content\/uploads\/2020\/01\/kollegium-768x513.jpg","medium_large-width":768,"medium_large-height":513,"large":"https:\/\/uniavisen.dk\/wp-content\/uploads\/2020\/01\/kollegium-1280x854.jpg","large-width":1280,"large-height":854,"1536x1536":"https:\/\/uniavisen.dk\/wp-content\/uploads\/2020\/01\/kollegium-1536x1025.jpg","1536x1536-width":1536,"1536x1536-height":1025,"2048x2048":"https:\/\/uniavisen.dk\/wp-content\/uploads\/2020\/01\/kollegium.jpg","2048x2048-width":1600,"2048x2048-height":1068,"featured-soft":"https:\/\/uniavisen.dk\/wp-content\/uploads\/2020\/01\/kollegium-290x194.jpg","featured-soft-width":290,"featured-soft-height":194,"featured-hard":"https:\/\/uniavisen.dk\/wp-content\/uploads\/2020\/01\/kollegium-290x180.jpg","featured-hard-width":290,"featured-hard-height":180,"narrow":"https:\/\/uniavisen.dk\/wp-content\/uploads\/2020\/01\/kollegium-700x467.jpg","narrow-width":700,"narrow-height":467,"extended":"https:\/\/uniavisen.dk\/wp-content\/uploads\/2020\/01\/kollegium-990x661.jpg","extended-width":990,"extended-height":661}},"style":"full","text_placement":"metadata-below","image_link_url":"","image_link_title":"","caption_prefix":"Rector\u2019s new digs","enable_alternative_caption":true,"alternative_caption":"The dormitory ephor of 4. Maj Kollegiet has a two-storey apartment at his disposal. The current ephor says that \u00bbit\u2019s a nice, big apartment, but it does need some repair.\u00ab The fa\u00e7ade reads 'Hassagers' because the building belonged to Dorthea Hassager who stipulated in her will that the property be used for a dormitory. Hassagers Kollegium is an independent part of the collective 4. Maj Kollegiet and Hassagers Kollegium with ten bedrooms available. The ephor is responsible for both dormitories."},{"acf_fc_layout":"Standfirst","subject":"","text":"The rector the University of Copenhagen has applied for and subsequently been offered a position as head of 4. Maj Kollegiet. This according to media outlet Fundats. Henrik Wegener says that he has time to take on the added responsibilities which he calls \u00bba lifestyle\u00ab and that living among the students will make him a better rector.","use_post_excerpt":false},{"acf_fc_layout":"Byline","is_author":true,"contributors":false},{"acf_fc_layout":"Content","content":"<p>A large two-storey apartment in a villa bordering Frederiksberg Have. That is the compensation rector of the University of Copenhagen, Henrik Wegener, will receive for his new second job as head \u2014 or so-called <em>ephor<\/em> \u2014 of 4. Maj Kollegiet on Frederiksberg. Heat and electricity not included.<\/p>\n<p>The independent media outlet Fundats, which specializes in foundations, has covered the story of the rector\u2019s new job, which he received ahead of 22 other applicants, in two articles.<\/p>\n<p>As ephor of the dormitory, the rector will be responsible for financial matters, budgeting, and accounting. He will also manage day to day operations as well as maintain the public interests of the dormitory which among other things entails \u00bbraising funds to maintain the infrastructure,\u00ab <a href=\"https:\/\/fundats.dk\/fondsledelse\/ku-rektor-stillingen-er-et-akademisk-ombud\/\">Wegener tells Fundats<\/a>.<\/p>\n<p>According to Fundats, rector\u2019s new position as ephor was approved by the former chairman of the university board, Mads Krogsagaard Thomsen.<\/p>\n<p>As rector of the country\u2019s largest university, Henrik Wegener makes approximately 1.8 million kroner a year. The job as rector is a full-time position and according to a draft of a new trust deed for 4. Maj Kollegiet, the position as ephor is at minimum \u00bba half-time position.\u00ab<\/p>\n<p>To Fundats, Henrik Wegener explains that he expects to fulfil his duties as ephor \u2018primarily after hours on weekdays and on weekends\u2019 and that the position as ephor \u00bbis just as much a lifestyle as it is a job.\u00ab<\/p>\n<h3>Department heads are often busier than the rector<\/h3>\n<p>\u00bbIn most cases, ephors are department heads or professors. And a department head at a modern university who is responsible for hundreds of employees and a budget of several hundred millions of kroner is subject to the same level of work pressure as a rector is,\u00ab Henrik Wegener says to Fundats.<\/p>\n<p>It is true that other ephors in the past have fulfilled their duties while simultaneously working full-time. Head of the Regensen dormitory Stuart Ward, also serves as head of the Saxo Institute at the University of Copenhagen.<\/p>\n<p>The current ephor at 4. Maj Kollegiet, John E. Andersen, who is a professor emeritus at the University of Copenhagen, has served as department head for years while simultaneously fulfilling his duties as ephor.<\/p>\n<p>\u00bbIt\u2019s not a half-time job,\u00ab says John E. Andersen to the University Post. \u00bbAnd it hasn\u2019t been in practice.\u00ab<\/p>\n<p>According to him, it is a misunderstanding and an error that the new trust deed draft states that \u00bbhalf-time employees at the dormitory, including the ephor and the caretaker, are allowed to participate in board meetings,\u00ab because it implies that the job as ephor is a half-time position.<\/p>\n<blockquote><p>It\u2019s the best job in the world.<\/p>\n<p class=\"quotee\">John E. Andersen, current ephor<\/p>\n<\/blockquote>\n<p>\u00bbI\u2019ve had the job for 16 years and I have never spent half of my working hours on it,\u00ab says John E. Andersen adding that he initially applied for the position as ephor to strengthen his bond with the student community. As ephor you live in close proximity to the students and take part in their everyday life.<\/p>\n<p>\u00bbIt\u2019s the best job in the world,\u00ab says John E. Andersen.<\/p>\n<p>The newly appointed chairwoman of the board at 4. Maj Kollegiet, Helle Sjelle, who is also a conservative member of the Frederiksberg city council, agrees that the job as ephor is not a regular half-time position.<\/p>\n<p>\u00bbIt would be hard to clearly asses how much time is spent on this job. Being an ephor is more of a lifestyle than anything else,\u00ab says Helle Sjelle.<\/p>\n<p>Henrik Wegener also uses the term \u201clifestyle\u201d in describing his new second job:<\/p>\n<p>\u00bbThe definition of an ephor is someone who lives at the dormitory alongside the young people themselves,\u00ab says Henrik Wegener to the University Post. \u00bbThat\u2019s why I use the term lifestyle. One has to want to be at the centre of social and academic life at the dormitory.\u00ab<\/p>\n<p>\u00bbIt will create a positive synergy with my work as rector. I believe it will make me a better rector seeing eye to eye with the students, whom I at the moment see far too little of.\u00ab<\/p>\n<p>Henrik Wegener states that the job listing in no way mentioned how much time the ephor could expect to spend on his or her new duties. He was, however, encouraged to inquire with the current ephor which he did.<\/p>\n<p>\u00bbBased on what I have been told, I see no cause for alarm. Even though I am rector of the university I still have time off to myself. My duties as ephor will be handled during odd hours.\u00ab<\/p>\n<p>When he served as vice-rector at Denmark\u2019s Technical College, Henrik Wegener adds, he also took on a score of trusted positions in addition to his job. He had to give those up when accepting the position as rector at the University of Copenhagen, but now he has time to take on more duties. According to Henrik Wegener, ephors typically have full-time positions in academia which is also the case at other dormitories.<\/p>\n<h3>Age limit delays handover<\/h3>\n<p>According to the 4. Maj Kollegiet-website, Henrik Wegener will start his new job on October 1. It is, however, also stated that the handover of responsibilities to the new ephor \u00bbis contingent on an agreement being reached between the board and Henrik C. Wegener during the negotiation of employment terms.\u00ab<\/p>\n<p>This revision of the original statement in the dormitory\u2019s website was made subsequent to Fundats-journalist Sune Holm Pedersen publishing his story about the new ephor.<\/p>\n<blockquote><p>It will make me a better rector seeing eye to eye with the students, whom I at the moment see far too little of.<\/p>\n<p class=\"quotee\">Henrik Wegener<\/p>\n<\/blockquote>\n<p>One potential problem is the fact that Henrik Wegener does not live up to the demands of an ephor as stated in the current dormitory rules. An ephor cannot serve in the position \u00bbpast the age of 60.\u00ab Henrik Wegener is 61.<\/p>\n<p>However, current ephor, John E. Andersen, is even older, so if the dormitory board eventually decides to break its own rules in hiring Henrik Wegener, it will not be the first time. The trust deed from 1997 also contains other outdated rules, for instance that part of the board is elected by the university senate at University of Copenhagen, which no longer exists.<\/p>\n<p><a href=\"https:\/\/fundats.dk\/fondsledelse\/bestyrelsesarbejde\/ku-rektor-ansaettes-som-fondsdirektoer-i-strid-med-vedtaegter\/\">According to the media outlet Fundats<\/a>, S\u00f8ren Bergenser, a solicitor, PhD, and expert in managerial responsibility in foundations, believes that the hiring of Henrik Wegener is \u00bbis completely opposed to the foundation ordinances and thus in violation of foundation legislation.\u00ab<\/p>\n<p>Henrik Wegener explains that he does not intend to begin in his new position as ephor as long as the current rules apply:<\/p>\n<p>\u00bbI cannot begin my tenure as ephor if the trust deed explicitly states that I am too old for the job. The trust deed has to be updated, and it would of course have been better if that had happened prior to me being offered the position. I was informed that the trust deed was in the process of being updated,\u00ab he says.<\/p>\n<h3>Helle Sjelle promises an updated set of rules<\/h3>\n<p>According to Henrik Wegener, the most contentious point for the dormitory board to decide on is the future admittance of students as there are fewer and fewer direct descendants of freedom fighters in the university student age group. This is in part why the update to the trust deed has been a prolonged affair.<\/p>\n<p>Chairwoman of 4. Maj Kollegiet, Helle Sjelle, says to the University Post that an updated set of rules is in the making.<\/p>\n<p>\u00bbIt\u2019s a long process which should have ended at our last board meeting which it didn\u2019t, but long ago the board decided to abolish the age limit.\u00ab According to her, the revisions have already been sent to the municipality of Frederiksberg for approval. \u00bbHenrik Wegener\u2019s new job doesn\u2019t start until October 1. if all goes well,\u00ab says Helle Sjelle.<\/p>\n<p>The ephor apartment by Frederiksberg Have is, according to its current resident John E. Andersen, \u00bba nice, big apartment, but it does need some repair.\u00ab<\/p>\n<p>\u00bbIt\u2019s a lovely building. I loved living there,\u00ab he says.<\/p>\n<p>However, John E. Andersen explains that the free housing is not tax exempt.<\/p>\n<p><em>Translation: Theis Duelund<\/em><\/p>\n"},{"acf_fc_layout":"ArticleEnd"},{"acf_fc_layout":"Newsletter","lang_select":"Dansk","identifier":"Nyhedsbrev","headline":"Modtag et ugentligt nyhedsoverblik i din inbox","button_text":"Tilmeld nu","class":""},{"acf_fc_layout":"OtherStories","headline":"","hand_picked_posts":false,"references":false,"category":false,"theme":false,"number_of_posts":"4","style":"default"}],"expression":{"term_id":15,"name":"News Article","slug":"news_article","term_group":0,"term_taxonomy_id":15,"taxonomy":"expression","description":"","parent":0,"count":11493,"filter":"raw"},"enable_comments":true,"align_content":"alignleft","feature_color":""},"taxonomyData":{"category":[{"term_id":2972,"name":"Cribs","slug":"cribs-en","term_group":0,"term_taxonomy_id":2972,"taxonomy":"category","description":"","parent":0,"count":1,"filter":"raw"}],"post_tag":[{"term_id":2973,"name":"4. Maj Kollegiet","slug":"4-maj-kollegiet-en","term_group":0,"term_taxonomy_id":2973,"taxonomy":"post_tag","description":"","parent":0,"count":1,"filter":"raw"},{"term_id":2974,"name":"Fri bolig","slug":"fri-bolig-en","term_group":0,"term_taxonomy_id":2974,"taxonomy":"post_tag","description":"","parent":0,"count":1,"filter":"raw"},{"term_id":322,"name":"Henrik Wegener","slug":"henrik-wegener-en","term_group":0,"term_taxonomy_id":322,"taxonomy":"post_tag","description":"","parent":0,"count":7,"filter":"raw"},{"term_id":2975,"name":"kollegie","slug":"kollegie-en","term_group":0,"term_taxonomy_id":2975,"taxonomy":"post_tag","description":"","parent":0,"count":2,"filter":"raw"},{"term_id":2006,"name":"kollegium","slug":"kollegium-en","term_group":0,"term_taxonomy_id":2006,"taxonomy":"post_tag","description":"","parent":0,"count":1,"filter":"raw"}],"post_format":[],"expression":[{"term_id":15,"name":"News Article","slug":"news_article","term_group":0,"term_taxonomy_id":15,"taxonomy":"expression","description":"","parent":0,"count":11493,"filter":"raw"}],"translation_priority":[{"term_id":5468,"name":"Optional","slug":"optional-en","term_group":0,"term_taxonomy_id":5468,"taxonomy":"translation_priority","description":"","parent":0,"count":674,"filter":"raw"}]},"featured_media_url":"https:\/\/uniavisen.dk\/wp-content\/uploads\/2020\/01\/kollegium-1280x854.jpg","_links":{"self":[{"href":"https:\/\/uniavisen.dk\/en\/wp-json\/wp\/v2\/posts\/100250","targetHints":{"allow":["GET"]}}],"collection":[{"href":"https:\/\/uniavisen.dk\/en\/wp-json\/wp\/v2\/posts"}],"about":[{"href":"https:\/\/uniavisen.dk\/en\/wp-json\/wp\/v2\/types\/post"}],"author":[{"embeddable":true,"href":"https:\/\/uniavisen.dk\/en\/wp-json\/wp\/v2\/users\/7"}],"replies":[{"embeddable":true,"href":"https:\/\/uniavisen.dk\/en\/wp-json\/wp\/v2\/comments?post=100250"}],"version-history":[{"count":5,"href":"https:\/\/uniavisen.dk\/en\/wp-json\/wp\/v2\/posts\/100250\/revisions"}],"predecessor-version":[{"id":100346,"href":"https:\/\/uniavisen.dk\/en\/wp-json\/wp\/v2\/posts\/100250\/revisions\/100346"}],"wp:featuredmedia":[{"embeddable":true,"href":"https:\/\/uniavisen.dk\/en\/wp-json\/wp\/v2\/media\/100087"}],"wp:attachment":[{"href":"https:\/\/uniavisen.dk\/en\/wp-json\/wp\/v2\/media?parent=100250"}],"wp:term":[{"taxonomy":"category","embeddable":true,"href":"https:\/\/uniavisen.dk\/en\/wp-json\/wp\/v2\/categories?post=100250"},{"taxonomy":"post_tag","embeddable":true,"href":"https:\/\/uniavisen.dk\/en\/wp-json\/wp\/v2\/tags?post=100250"}],"curies":[{"name":"wp","href":"https:\/\/api.w.org\/{rel}","templated":true}]}}