
{"id":126261,"date":"2021-11-03T08:20:09","date_gmt":"2021-11-03T07:20:09","guid":{"rendered":"https:\/\/uniavisen.dk\/tidslinje-2011-2021-13-nedslag-i-rundbarberingen-af-humaniora\/"},"modified":"2021-11-08T12:48:18","modified_gmt":"2021-11-08T11:48:18","slug":"timeline-13-cuts-to-danish-humanities-since-2011","status":"publish","type":"post","link":"https:\/\/uniavisen.dk\/en\/timeline-13-cuts-to-danish-humanities-since-2011\/","title":{"rendered":"Timeline: 13 cuts to Danish humanities since 2011"},"content":{"rendered":"<p><strong>January 2011: Layoffs<\/strong><br \/>\nThe Faculty of Humanities at the University of Copenhagen (UCPH) cuts 35 jobs as part of a plan to reduce costs.<\/p>\n<p><strong>September 2014:\u00a0Slashing admissions<\/strong><br \/>\nThe <secret text=\"Made up of Social Democrats and the Danish Social Liberal Party, under Helle Thorning-Schmidt.\">government<\/secret>, under the guidance of Minister of Education Sofie Carsten Nielsen, presents a plan to cut student numbers on certain programmes based on graduate unemployment. This means that the Faculty of Humanities at the University of Copenhagen must reduce admissions to Master\u2019s programmes by a third.<\/p>\n<p><strong>September 2015:\u00a0Reprioritisation contribution<\/strong><br \/>\nA majority consisting of <secret text=\"The party in government at the time.\">Denmark's Liberal Party<\/secret>, the Danish People&#8217;s Party, the Liberal Alliance and the Conservatives includes a reprioritisation contribution in the annual budget. This requires all educational institutions to reduce costs by 2 per cent annually for the next three years.<\/p>\n<div class=\"factbox\">\n<p class=\"factbox-header feature-color\">A Glimmer of hope<\/p>\n<p>In September 2019, a majority consisting of the Social Democrat government, the Social Liberal party, the Red-Green Alliance, the Socialist People&#8217;s Party and the Alternative Party decide to abolish the reprioritisation contribution&#8217;s annual two percent cut on the 2020 budget and at the same time extend a so-called taximeter subsidy increase for the humanities and social sciences.<\/p>\n<p>Degree programmes primarily receive subsidies determined\u00a0 by the taximeter. In addition, the annual budget included a completion bonus and a subsidy for exchange students.<\/p>\n<p>The various faculties get different amounts of taximeter subsidies per student. Humanities and social science subjects tend to receive the lowest rate, namely rate 1, DKK 32,500 per student full-time equivalent (student FTE) in 2021.<\/p>\n<p>Since 2010, the humanities and social sciences have received a taximeter increase of DKK 5,000 per student FTE, after a report concluded that these programmes were underfunded.<\/p>\n<\/div>\n<p><strong>October 2015:\u00a0Programme closures<\/strong><br \/>\nThe Faculty of Humanities closes the Information Science and Cultural Communication programmes at Aalborg University.<\/p>\n<p><strong>May 2016: Layoffs<\/strong><br \/>\nThe Faculty of Humanities at the University of Copenhagen slashes 86 positions as part of a plan to cut costs.<\/p>\n<p><strong>April 2016:\u00a0Closures and mergers<\/strong><br \/>\nThe Faculty of Humanities at the University of Copenhagen closes five programmes: Indonesian \/ Southeast Asian Studies, Finnish; Tibetology; Thai \/ Southeast Asian Studies and Indology. At the same time, Indo-European studies merged with Linguistics, and Hebrew and Turkish merged with Arabic and Persian, to become Middle Eastern studies.<\/p>\n<p><strong>September 2016: Merger<\/strong><br \/>\nThe Department of Nordic Studies and Linguistics merges with the Nordic Research Institute at the University of Copenhagen.<\/p>\n<p><strong>September 2018: Merger<\/strong><br \/>\nThe Faculty of Humanities at the University of Copenhagen combines the subjects Eastern and Southeast European Studies, Balkan Studies, Polish and Russian into Eastern European Studies<\/p>\n<p><strong>February 2019:\u00a0Merger<\/strong><br \/>\nThe Faculty of Humanities&#8217; Department of Information Studies and the Department of Media, Cognition and Communication at the University of Copenhagen are merged.<\/p>\n<p><strong>May 2019: Layoffs<\/strong><br \/>\nThe Faculty of Humanities at the University of Copenhagen cuts 48 positions as part of a plan to save money.<\/p>\n<p><strong>June 2021: Relocation<\/strong><br \/>\nThe Social Democrats&#8217; relocation plan, which means that the University of Copenhagen must relocate or reduce admissions by 10 per cent is enacted by a wide majority.<\/p>\n<p><strong>October 2021: Admissions slashed<\/strong><br \/>\nThe University of Copenhagen announces <a href=\"https:\/\/uniavisen.dk\/en\/ucph-humanities-faculty-to-slash-student-admissions-by-24-per-cent\/\">that it is reducing admissions to the Faculty of Humanities by a quarter as a result of the government&#8217;s relocation plan.<\/a><br \/>\n<!-- end of module 1 --><\/p>\n","protected":false},"excerpt":{"rendered":"<p>The University of Copenhagen is about to cut admissions to the Faculty of Humanities by a quarter as a result of the government&#8217;s relocation plan. But this is just the latest jaw-dropping development in a decade of bad news for the humanities. See the timeline here.<\/p>\n","protected":false},"author":83,"featured_media":126262,"comment_status":"closed","ping_status":"closed","sticky":false,"template":"","format":"standard","meta":{"_acf_changed":false,"om_disable_all_campaigns":false,"_monsterinsights_skip_tracking":false,"_monsterinsights_sitenote_active":false,"_monsterinsights_sitenote_note":"","_monsterinsights_sitenote_category":0,"_uf_show_specific_survey":0,"_uf_disable_surveys":false,"footnotes":""},"categories":[42,48,46],"tags":[774,5063,578,471,4714,5062,641],"class_list":["post-126261","post","type-post","status-publish","format-standard","has-post-thumbnail","hentry","category-education","category-politics","category-science","tag-budget","tag-cutbacks","tag-humanities","tag-layoffs","tag-relocation","tag-reprioritisation-contribution","tag-taximeter","expression-news_article"],"acf":[],"aioseo_notices":[],"yoast_head":"<!-- This site is optimized with the Yoast SEO plugin v27.4 - https:\/\/yoast.com\/product\/yoast-seo-wordpress\/ -->\n<title>Timeline: 13 cuts to Danish humanities since 2011 \u2014 University Post<\/title>\n<meta name=\"description\" content=\"The University of Copenhagen is about to cut admissions to the Faculty of Humanities by a quarter as a result of the government&#039;s relocation plan. But this is just the latest jaw-dropping development in a decade of bad news for the humanities. See the timeline here.\" \/>\n<meta name=\"robots\" content=\"index, follow, max-snippet:-1, max-image-preview:large, max-video-preview:-1\" \/>\n<link rel=\"canonical\" href=\"https:\/\/uniavisen.dk\/en\/timeline-13-cuts-to-danish-humanities-since-2011\/\" \/>\n<meta property=\"og:locale\" content=\"en_US\" \/>\n<meta property=\"og:type\" content=\"article\" \/>\n<meta property=\"og:title\" content=\"Timeline: 13 cuts to Danish humanities since 2011 \u2014 University Post\" \/>\n<meta property=\"og:description\" content=\"The University of Copenhagen is about to cut admissions to the Faculty of Humanities by a quarter as a result of the government&#039;s relocation plan. But this is just the latest jaw-dropping development in a decade of bad news for the humanities. See the timeline here.\" \/>\n<meta property=\"og:url\" content=\"https:\/\/uniavisen.dk\/en\/timeline-13-cuts-to-danish-humanities-since-2011\/\" \/>\n<meta property=\"og:site_name\" content=\"University Post\" \/>\n<meta property=\"article:publisher\" content=\"https:\/\/www.facebook.com\/uniavis\" \/>\n<meta property=\"article:published_time\" content=\"2021-11-03T07:20:09+00:00\" \/>\n<meta property=\"article:modified_time\" content=\"2021-11-08T11:48:18+00:00\" \/>\n<meta property=\"og:image\" content=\"https:\/\/uniavisen.dk\/wp-content\/uploads\/2021\/11\/kuabyggeri04torvaugust2018.jpg\" \/>\n\t<meta property=\"og:image:width\" content=\"1800\" \/>\n\t<meta property=\"og:image:height\" content=\"1200\" \/>\n\t<meta property=\"og:image:type\" content=\"image\/jpeg\" \/>\n<meta name=\"author\" content=\"Anna Trads Viemose\" \/>\n<meta name=\"twitter:card\" content=\"summary_large_image\" \/>\n<meta name=\"twitter:image\" content=\"https:\/\/uniavisen.dk\/wp-content\/uploads\/2021\/11\/kuabyggeri04torvaugust2018.jpg\" \/>\n<meta name=\"twitter:creator\" content=\"@Uniavisen\" \/>\n<meta name=\"twitter:site\" content=\"@Uniavisen\" \/>\n<meta name=\"twitter:label1\" content=\"Written by\" \/>\n\t<meta name=\"twitter:data1\" content=\"Anna Trads Viemose\" \/>\n\t<meta name=\"twitter:label2\" content=\"Est. reading time\" \/>\n\t<meta name=\"twitter:data2\" content=\"3 minutes\" \/>\n<script type=\"application\/ld+json\" class=\"yoast-schema-graph\">{\"@context\":\"https:\\\/\\\/schema.org\",\"@graph\":[{\"@type\":\"Article\",\"@id\":\"https:\\\/\\\/uniavisen.dk\\\/en\\\/timeline-13-cuts-to-danish-humanities-since-2011\\\/#article\",\"isPartOf\":{\"@id\":\"https:\\\/\\\/uniavisen.dk\\\/en\\\/timeline-13-cuts-to-danish-humanities-since-2011\\\/\"},\"author\":{\"name\":\"Anna Trads Viemose\",\"@id\":\"https:\\\/\\\/uniavisen.dk\\\/#\\\/schema\\\/person\\\/25ab3af5454616ba18de358e61979d03\"},\"headline\":\"Timeline: 13 cuts to Danish humanities since 2011\",\"datePublished\":\"2021-11-03T07:20:09+00:00\",\"dateModified\":\"2021-11-08T11:48:18+00:00\",\"mainEntityOfPage\":{\"@id\":\"https:\\\/\\\/uniavisen.dk\\\/en\\\/timeline-13-cuts-to-danish-humanities-since-2011\\\/\"},\"wordCount\":537,\"image\":{\"@id\":\"https:\\\/\\\/uniavisen.dk\\\/en\\\/timeline-13-cuts-to-danish-humanities-since-2011\\\/#primaryimage\"},\"thumbnailUrl\":\"https:\\\/\\\/uniavisen.dk\\\/wp-content\\\/uploads\\\/2018\\\/08\\\/kuabyggeri03torvaugust2018.jpg\",\"keywords\":[\"budget\",\"cutbacks\",\"Humanities\",\"layoffs\",\"relocation\",\"reprioritisation contribution\",\"taximeter\"],\"articleSection\":[\"Education\",\"Politics\",\"Science\"],\"inLanguage\":\"en-US\"},{\"@type\":\"WebPage\",\"@id\":\"https:\\\/\\\/uniavisen.dk\\\/en\\\/timeline-13-cuts-to-danish-humanities-since-2011\\\/\",\"url\":\"https:\\\/\\\/uniavisen.dk\\\/en\\\/timeline-13-cuts-to-danish-humanities-since-2011\\\/\",\"name\":\"Timeline: 13 cuts to Danish humanities since 2011 \u2014 University Post\",\"isPartOf\":{\"@id\":\"https:\\\/\\\/uniavisen.dk\\\/#website\"},\"primaryImageOfPage\":{\"@id\":\"https:\\\/\\\/uniavisen.dk\\\/en\\\/timeline-13-cuts-to-danish-humanities-since-2011\\\/#primaryimage\"},\"image\":{\"@id\":\"https:\\\/\\\/uniavisen.dk\\\/en\\\/timeline-13-cuts-to-danish-humanities-since-2011\\\/#primaryimage\"},\"thumbnailUrl\":\"https:\\\/\\\/uniavisen.dk\\\/wp-content\\\/uploads\\\/2018\\\/08\\\/kuabyggeri03torvaugust2018.jpg\",\"datePublished\":\"2021-11-03T07:20:09+00:00\",\"dateModified\":\"2021-11-08T11:48:18+00:00\",\"author\":{\"@id\":\"https:\\\/\\\/uniavisen.dk\\\/#\\\/schema\\\/person\\\/25ab3af5454616ba18de358e61979d03\"},\"description\":\"The University of Copenhagen is about to cut admissions to the Faculty of Humanities by a quarter as a result of the government's relocation plan. But this is just the latest jaw-dropping development in a decade of bad news for the humanities. See the timeline here.\",\"breadcrumb\":{\"@id\":\"https:\\\/\\\/uniavisen.dk\\\/en\\\/timeline-13-cuts-to-danish-humanities-since-2011\\\/#breadcrumb\"},\"inLanguage\":\"en-US\",\"potentialAction\":[{\"@type\":\"ReadAction\",\"target\":[\"https:\\\/\\\/uniavisen.dk\\\/en\\\/timeline-13-cuts-to-danish-humanities-since-2011\\\/\"]}]},{\"@type\":\"ImageObject\",\"inLanguage\":\"en-US\",\"@id\":\"https:\\\/\\\/uniavisen.dk\\\/en\\\/timeline-13-cuts-to-danish-humanities-since-2011\\\/#primaryimage\",\"url\":\"https:\\\/\\\/uniavisen.dk\\\/wp-content\\\/uploads\\\/2018\\\/08\\\/kuabyggeri03torvaugust2018.jpg\",\"contentUrl\":\"https:\\\/\\\/uniavisen.dk\\\/wp-content\\\/uploads\\\/2018\\\/08\\\/kuabyggeri03torvaugust2018.jpg\",\"width\":1800,\"height\":1200},{\"@type\":\"BreadcrumbList\",\"@id\":\"https:\\\/\\\/uniavisen.dk\\\/en\\\/timeline-13-cuts-to-danish-humanities-since-2011\\\/#breadcrumb\",\"itemListElement\":[{\"@type\":\"ListItem\",\"position\":1,\"name\":\"Home\",\"item\":\"https:\\\/\\\/uniavisen.dk\\\/en\\\/\"},{\"@type\":\"ListItem\",\"position\":2,\"name\":\"Timeline: 13 cuts to Danish humanities since 2011\"}]},{\"@type\":\"WebSite\",\"@id\":\"https:\\\/\\\/uniavisen.dk\\\/#website\",\"url\":\"https:\\\/\\\/uniavisen.dk\\\/\",\"name\":\"University Post\",\"description\":\"Independent of management\",\"potentialAction\":[{\"@type\":\"SearchAction\",\"target\":{\"@type\":\"EntryPoint\",\"urlTemplate\":\"https:\\\/\\\/uniavisen.dk\\\/?s={search_term_string}\"},\"query-input\":{\"@type\":\"PropertyValueSpecification\",\"valueRequired\":true,\"valueName\":\"search_term_string\"}}],\"inLanguage\":\"en-US\"},{\"@type\":\"Person\",\"@id\":\"https:\\\/\\\/uniavisen.dk\\\/#\\\/schema\\\/person\\\/25ab3af5454616ba18de358e61979d03\",\"name\":\"Anna Trads Viemose\",\"image\":{\"@type\":\"ImageObject\",\"inLanguage\":\"en-US\",\"@id\":\"https:\\\/\\\/secure.gravatar.com\\\/avatar\\\/afa15b7327d69c030eca8ba9053218367c8bd353988caa981bc7c33b23a4a44d?s=96&d=identicon&r=g\",\"url\":\"https:\\\/\\\/secure.gravatar.com\\\/avatar\\\/afa15b7327d69c030eca8ba9053218367c8bd353988caa981bc7c33b23a4a44d?s=96&d=identicon&r=g\",\"contentUrl\":\"https:\\\/\\\/secure.gravatar.com\\\/avatar\\\/afa15b7327d69c030eca8ba9053218367c8bd353988caa981bc7c33b23a4a44d?s=96&d=identicon&r=g\",\"caption\":\"Anna Trads Viemose\"},\"sameAs\":[\"https:\\\/\\\/uniavisen.dk\\\/\"],\"url\":\"https:\\\/\\\/uniavisen.dk\\\/en\\\/author\\\/anna-trads-viemose\\\/\"}]}<\/script>\n<!-- \/ Yoast SEO plugin. -->","yoast_head_json":{"title":"Timeline: 13 cuts to Danish humanities since 2011 \u2014 University Post","description":"The University of Copenhagen is about to cut admissions to the Faculty of Humanities by a quarter as a result of the government's relocation plan. But this is just the latest jaw-dropping development in a decade of bad news for the humanities. See the timeline here.","robots":{"index":"index","follow":"follow","max-snippet":"max-snippet:-1","max-image-preview":"max-image-preview:large","max-video-preview":"max-video-preview:-1"},"canonical":"https:\/\/uniavisen.dk\/en\/timeline-13-cuts-to-danish-humanities-since-2011\/","og_locale":"en_US","og_type":"article","og_title":"Timeline: 13 cuts to Danish humanities since 2011 \u2014 University Post","og_description":"The University of Copenhagen is about to cut admissions to the Faculty of Humanities by a quarter as a result of the government's relocation plan. But this is just the latest jaw-dropping development in a decade of bad news for the humanities. See the timeline here.","og_url":"https:\/\/uniavisen.dk\/en\/timeline-13-cuts-to-danish-humanities-since-2011\/","og_site_name":"University Post","article_publisher":"https:\/\/www.facebook.com\/uniavis","article_published_time":"2021-11-03T07:20:09+00:00","article_modified_time":"2021-11-08T11:48:18+00:00","og_image":[{"width":1800,"height":1200,"url":"https:\/\/uniavisen.dk\/wp-content\/uploads\/2021\/11\/kuabyggeri04torvaugust2018.jpg","type":"image\/jpeg"}],"author":"Anna Trads Viemose","twitter_card":"summary_large_image","twitter_image":"https:\/\/uniavisen.dk\/wp-content\/uploads\/2021\/11\/kuabyggeri04torvaugust2018.jpg","twitter_creator":"@Uniavisen","twitter_site":"@Uniavisen","twitter_misc":{"Written by":"Anna Trads Viemose","Est. reading time":"3 minutes"},"schema":{"@context":"https:\/\/schema.org","@graph":[{"@type":"Article","@id":"https:\/\/uniavisen.dk\/en\/timeline-13-cuts-to-danish-humanities-since-2011\/#article","isPartOf":{"@id":"https:\/\/uniavisen.dk\/en\/timeline-13-cuts-to-danish-humanities-since-2011\/"},"author":{"name":"Anna Trads Viemose","@id":"https:\/\/uniavisen.dk\/#\/schema\/person\/25ab3af5454616ba18de358e61979d03"},"headline":"Timeline: 13 cuts to Danish humanities since 2011","datePublished":"2021-11-03T07:20:09+00:00","dateModified":"2021-11-08T11:48:18+00:00","mainEntityOfPage":{"@id":"https:\/\/uniavisen.dk\/en\/timeline-13-cuts-to-danish-humanities-since-2011\/"},"wordCount":537,"image":{"@id":"https:\/\/uniavisen.dk\/en\/timeline-13-cuts-to-danish-humanities-since-2011\/#primaryimage"},"thumbnailUrl":"https:\/\/uniavisen.dk\/wp-content\/uploads\/2018\/08\/kuabyggeri03torvaugust2018.jpg","keywords":["budget","cutbacks","Humanities","layoffs","relocation","reprioritisation contribution","taximeter"],"articleSection":["Education","Politics","Science"],"inLanguage":"en-US"},{"@type":"WebPage","@id":"https:\/\/uniavisen.dk\/en\/timeline-13-cuts-to-danish-humanities-since-2011\/","url":"https:\/\/uniavisen.dk\/en\/timeline-13-cuts-to-danish-humanities-since-2011\/","name":"Timeline: 13 cuts to Danish humanities since 2011 \u2014 University Post","isPartOf":{"@id":"https:\/\/uniavisen.dk\/#website"},"primaryImageOfPage":{"@id":"https:\/\/uniavisen.dk\/en\/timeline-13-cuts-to-danish-humanities-since-2011\/#primaryimage"},"image":{"@id":"https:\/\/uniavisen.dk\/en\/timeline-13-cuts-to-danish-humanities-since-2011\/#primaryimage"},"thumbnailUrl":"https:\/\/uniavisen.dk\/wp-content\/uploads\/2018\/08\/kuabyggeri03torvaugust2018.jpg","datePublished":"2021-11-03T07:20:09+00:00","dateModified":"2021-11-08T11:48:18+00:00","author":{"@id":"https:\/\/uniavisen.dk\/#\/schema\/person\/25ab3af5454616ba18de358e61979d03"},"description":"The University of Copenhagen is about to cut admissions to the Faculty of Humanities by a quarter as a result of the government's relocation plan. But this is just the latest jaw-dropping development in a decade of bad news for the humanities. See the timeline here.","breadcrumb":{"@id":"https:\/\/uniavisen.dk\/en\/timeline-13-cuts-to-danish-humanities-since-2011\/#breadcrumb"},"inLanguage":"en-US","potentialAction":[{"@type":"ReadAction","target":["https:\/\/uniavisen.dk\/en\/timeline-13-cuts-to-danish-humanities-since-2011\/"]}]},{"@type":"ImageObject","inLanguage":"en-US","@id":"https:\/\/uniavisen.dk\/en\/timeline-13-cuts-to-danish-humanities-since-2011\/#primaryimage","url":"https:\/\/uniavisen.dk\/wp-content\/uploads\/2018\/08\/kuabyggeri03torvaugust2018.jpg","contentUrl":"https:\/\/uniavisen.dk\/wp-content\/uploads\/2018\/08\/kuabyggeri03torvaugust2018.jpg","width":1800,"height":1200},{"@type":"BreadcrumbList","@id":"https:\/\/uniavisen.dk\/en\/timeline-13-cuts-to-danish-humanities-since-2011\/#breadcrumb","itemListElement":[{"@type":"ListItem","position":1,"name":"Home","item":"https:\/\/uniavisen.dk\/en\/"},{"@type":"ListItem","position":2,"name":"Timeline: 13 cuts to Danish humanities since 2011"}]},{"@type":"WebSite","@id":"https:\/\/uniavisen.dk\/#website","url":"https:\/\/uniavisen.dk\/","name":"University Post","description":"Independent of management","potentialAction":[{"@type":"SearchAction","target":{"@type":"EntryPoint","urlTemplate":"https:\/\/uniavisen.dk\/?s={search_term_string}"},"query-input":{"@type":"PropertyValueSpecification","valueRequired":true,"valueName":"search_term_string"}}],"inLanguage":"en-US"},{"@type":"Person","@id":"https:\/\/uniavisen.dk\/#\/schema\/person\/25ab3af5454616ba18de358e61979d03","name":"Anna Trads Viemose","image":{"@type":"ImageObject","inLanguage":"en-US","@id":"https:\/\/secure.gravatar.com\/avatar\/afa15b7327d69c030eca8ba9053218367c8bd353988caa981bc7c33b23a4a44d?s=96&d=identicon&r=g","url":"https:\/\/secure.gravatar.com\/avatar\/afa15b7327d69c030eca8ba9053218367c8bd353988caa981bc7c33b23a4a44d?s=96&d=identicon&r=g","contentUrl":"https:\/\/secure.gravatar.com\/avatar\/afa15b7327d69c030eca8ba9053218367c8bd353988caa981bc7c33b23a4a44d?s=96&d=identicon&r=g","caption":"Anna Trads Viemose"},"sameAs":["https:\/\/uniavisen.dk\/"],"url":"https:\/\/uniavisen.dk\/en\/author\/anna-trads-viemose\/"}]}},"advancedCustomFields":{"expression":{"term_id":15,"name":"News Article","slug":"news_article","term_group":0,"term_taxonomy_id":15,"taxonomy":"expression","description":"","parent":0,"count":11492,"filter":"raw"},"enable_comments":true,"align_content":"alignleft","feature_color":"","article_updated":"","layout_group":[{"acf_fc_layout":"Headline","use_post_title":true,"headline":"","style":"default","highlighted_words":"","text_size":"small"},{"acf_fc_layout":"Image","image":{"ID":72519,"id":72519,"title":"KUA byggeri 04 torv august 2018","filename":"kuabyggeri04torvaugust2018.jpg","filesize":605085,"url":"https:\/\/uniavisen.dk\/wp-content\/uploads\/2018\/08\/kuabyggeri04torvaugust2018.jpg","link":"https:\/\/uniavisen.dk\/en\/tidslinje-2011-2021-13-nedslag-i-rundbarberingen-af-humaniora\/kua-byggeri-04-torv-august-2018\/","alt":"","author":"8","description":"","caption":"","name":"kua-byggeri-04-torv-august-2018","status":"inherit","uploaded_to":126069,"date":"2018-08-15 09:06:30","modified":"2021-10-26 11:15:52","menu_order":0,"mime_type":"image\/jpeg","type":"image","subtype":"jpeg","icon":"https:\/\/uniavisen.dk\/wp-includes\/images\/media\/default.png","width":1800,"height":1200,"sizes":{"thumbnail":"https:\/\/uniavisen.dk\/wp-content\/uploads\/2018\/08\/kuabyggeri04torvaugust2018-150x150.jpg","thumbnail-width":150,"thumbnail-height":150,"medium":"https:\/\/uniavisen.dk\/wp-content\/uploads\/2018\/08\/kuabyggeri04torvaugust2018-480x320.jpg","medium-width":480,"medium-height":320,"medium_large":"https:\/\/uniavisen.dk\/wp-content\/uploads\/2018\/08\/kuabyggeri04torvaugust2018-768x512.jpg","medium_large-width":768,"medium_large-height":512,"large":"https:\/\/uniavisen.dk\/wp-content\/uploads\/2018\/08\/kuabyggeri04torvaugust2018-1280x853.jpg","large-width":1280,"large-height":853,"1536x1536":"https:\/\/uniavisen.dk\/wp-content\/uploads\/2018\/08\/kuabyggeri04torvaugust2018.jpg","1536x1536-width":1536,"1536x1536-height":1024,"2048x2048":"https:\/\/uniavisen.dk\/wp-content\/uploads\/2018\/08\/kuabyggeri04torvaugust2018.jpg","2048x2048-width":1800,"2048x2048-height":1200,"featured-soft":"https:\/\/uniavisen.dk\/wp-content\/uploads\/2018\/08\/kuabyggeri04torvaugust2018-290x193.jpg","featured-soft-width":290,"featured-soft-height":193,"featured-hard":"https:\/\/uniavisen.dk\/wp-content\/uploads\/2018\/08\/kuabyggeri04torvaugust2018-290x180.jpg","featured-hard-width":290,"featured-hard-height":180,"narrow":"https:\/\/uniavisen.dk\/wp-content\/uploads\/2018\/08\/kuabyggeri04torvaugust2018-700x467.jpg","narrow-width":700,"narrow-height":467,"extended":"https:\/\/uniavisen.dk\/wp-content\/uploads\/2018\/08\/kuabyggeri04torvaugust2018-990x660.jpg","extended-width":990,"extended-height":660}},"style":"extended","text_placement":"metadata-below","image_link_url":"","image_link_title":"","caption_prefix":"","enable_alternative_caption":true,"alternative_caption":"An attractive square on South Campus in the final phase of construction work in 2018. In the future, there will be less congestion at the Faculty of Humanities. "},{"acf_fc_layout":"Standfirst","subject":"Overview","text":"K\u00f8benhavns Universitet st\u00e5r til at lukke en fjerdedel af studiepladserne p\u00e5 Det Humanistiske Fakultet som f\u00f8lge af regeringens udflytningsplan. Det er den seneste k\u00e6berasler i et grumt \u00e5rti for humaniora. Se tidslinjen her.","use_post_excerpt":true},{"acf_fc_layout":"Byline","is_author":true,"contributors":false},{"acf_fc_layout":"Content","content":"<p><strong>January 2011: Layoffs<\/strong><br \/>\nThe Faculty of Humanities at the University of Copenhagen (UCPH) cuts 35 jobs as part of a plan to reduce costs.<\/p>\n<p><strong>September 2014:\u00a0Slashing admissions<\/strong><br \/>\nThe <secret text=\"Made up of Social Democrats and the Danish Social Liberal Party, under Helle Thorning-Schmidt.\">government<\/secret>, under the guidance of Minister of Education Sofie Carsten Nielsen, presents a plan to cut student numbers on certain programmes based on graduate unemployment. This means that the Faculty of Humanities at the University of Copenhagen must reduce admissions to Master\u2019s programmes by a third.<\/p>\n<p><strong>September 2015:\u00a0Reprioritisation contribution<\/strong><br \/>\nA majority consisting of <secret text=\"The party in government at the time.\">Denmark's Liberal Party<\/secret>, the Danish People&#8217;s Party, the Liberal Alliance and the Conservatives includes a reprioritisation contribution in the annual budget. This requires all educational institutions to reduce costs by 2 per cent annually for the next three years.<\/p>\n<div class=\"factbox\">\n<p class=\"factbox-header feature-color\">A Glimmer of hope<\/p>\n<p>In September 2019, a majority consisting of the Social Democrat government, the Social Liberal party, the Red-Green Alliance, the Socialist People&#8217;s Party and the Alternative Party decide to abolish the reprioritisation contribution&#8217;s annual two percent cut on the 2020 budget and at the same time extend a so-called taximeter subsidy increase for the humanities and social sciences.<\/p>\n<p>Degree programmes primarily receive subsidies determined\u00a0 by the taximeter. In addition, the annual budget included a completion bonus and a subsidy for exchange students.<\/p>\n<p>The various faculties get different amounts of taximeter subsidies per student. Humanities and social science subjects tend to receive the lowest rate, namely rate 1, DKK 32,500 per student full-time equivalent (student FTE) in 2021.<\/p>\n<p>Since 2010, the humanities and social sciences have received a taximeter increase of DKK 5,000 per student FTE, after a report concluded that these programmes were underfunded.<\/p>\n<\/div>\n<p><strong>October 2015:\u00a0Programme closures<\/strong><br \/>\nThe Faculty of Humanities closes the Information Science and Cultural Communication programmes at Aalborg University.<\/p>\n<p><strong>May 2016: Layoffs<\/strong><br \/>\nThe Faculty of Humanities at the University of Copenhagen slashes 86 positions as part of a plan to cut costs.<\/p>\n<p><strong>April 2016:\u00a0Closures and mergers<\/strong><br \/>\nThe Faculty of Humanities at the University of Copenhagen closes five programmes: Indonesian \/ Southeast Asian Studies, Finnish; Tibetology; Thai \/ Southeast Asian Studies and Indology. At the same time, Indo-European studies merged with Linguistics, and Hebrew and Turkish merged with Arabic and Persian, to become Middle Eastern studies.<\/p>\n<p><strong>September 2016: Merger<\/strong><br \/>\nThe Department of Nordic Studies and Linguistics merges with the Nordic Research Institute at the University of Copenhagen.<\/p>\n<p><strong>September 2018: Merger<\/strong><br \/>\nThe Faculty of Humanities at the University of Copenhagen combines the subjects Eastern and Southeast European Studies, Balkan Studies, Polish and Russian into Eastern European Studies<\/p>\n<p><strong>February 2019:\u00a0Merger<\/strong><br \/>\nThe Faculty of Humanities&#8217; Department of Information Studies and the Department of Media, Cognition and Communication at the University of Copenhagen are merged.<\/p>\n<p><strong>May 2019: Layoffs<\/strong><br \/>\nThe Faculty of Humanities at the University of Copenhagen cuts 48 positions as part of a plan to save money.<\/p>\n<p><strong>June 2021: Relocation<\/strong><br \/>\nThe Social Democrats&#8217; relocation plan, which means that the University of Copenhagen must relocate or reduce admissions by 10 per cent is enacted by a wide majority.<\/p>\n<p><strong>October 2021: Admissions slashed<\/strong><br \/>\nThe University of Copenhagen announces <a href=\"https:\/\/uniavisen.dk\/en\/ucph-humanities-faculty-to-slash-student-admissions-by-24-per-cent\/\">that it is reducing admissions to the Faculty of Humanities by a quarter as a result of the government&#8217;s relocation plan.<\/a><\/p>\n"},{"acf_fc_layout":"ArticleEnd"},{"acf_fc_layout":"Newsletter","lang_select":"en","identifier":"Newsletter","headline":"Get an email with our top stories","button_text":"Sign up here","class":""},{"acf_fc_layout":"OtherStories","headline":"","hand_picked_posts":false,"references":false,"category":false,"theme":false,"number_of_posts":"4","style":"default"}]},"taxonomyData":{"category":[{"term_id":42,"name":"Education","slug":"education","term_group":0,"term_taxonomy_id":42,"taxonomy":"category","description":"","parent":0,"count":661,"filter":"raw"},{"term_id":48,"name":"Politics","slug":"politics","term_group":0,"term_taxonomy_id":48,"taxonomy":"category","description":"","parent":0,"count":1036,"filter":"raw"},{"term_id":46,"name":"Science","slug":"science","term_group":0,"term_taxonomy_id":46,"taxonomy":"category","description":"","parent":0,"count":832,"filter":"raw"}],"post_tag":[{"term_id":774,"name":"budget","slug":"budget","term_group":0,"term_taxonomy_id":774,"taxonomy":"post_tag","description":"","parent":0,"count":9,"filter":"raw"},{"term_id":5063,"name":"cutbacks","slug":"cutbacks","term_group":0,"term_taxonomy_id":5063,"taxonomy":"post_tag","description":"","parent":0,"count":1,"filter":"raw"},{"term_id":578,"name":"Humanities","slug":"humanities","term_group":0,"term_taxonomy_id":578,"taxonomy":"post_tag","description":"","parent":0,"count":27,"filter":"raw"},{"term_id":471,"name":"layoffs","slug":"layoffs","term_group":0,"term_taxonomy_id":471,"taxonomy":"post_tag","description":"","parent":0,"count":4,"filter":"raw"},{"term_id":4714,"name":"relocation","slug":"relocation","term_group":0,"term_taxonomy_id":4714,"taxonomy":"post_tag","description":"","parent":0,"count":6,"filter":"raw"},{"term_id":5062,"name":"reprioritisation contribution","slug":"reprioritisation-contribution","term_group":0,"term_taxonomy_id":5062,"taxonomy":"post_tag","description":"","parent":0,"count":1,"filter":"raw"},{"term_id":641,"name":"taximeter","slug":"taximeter","term_group":0,"term_taxonomy_id":641,"taxonomy":"post_tag","description":"","parent":0,"count":3,"filter":"raw"}],"post_format":[],"expression":[{"term_id":15,"name":"News Article","slug":"news_article","term_group":0,"term_taxonomy_id":15,"taxonomy":"expression","description":"","parent":0,"count":11492,"filter":"raw"}],"translation_priority":[]},"featured_media_url":"https:\/\/uniavisen.dk\/wp-content\/uploads\/2018\/08\/kuabyggeri03torvaugust2018-1280x853.jpg","_links":{"self":[{"href":"https:\/\/uniavisen.dk\/en\/wp-json\/wp\/v2\/posts\/126261","targetHints":{"allow":["GET"]}}],"collection":[{"href":"https:\/\/uniavisen.dk\/en\/wp-json\/wp\/v2\/posts"}],"about":[{"href":"https:\/\/uniavisen.dk\/en\/wp-json\/wp\/v2\/types\/post"}],"author":[{"embeddable":true,"href":"https:\/\/uniavisen.dk\/en\/wp-json\/wp\/v2\/users\/83"}],"replies":[{"embeddable":true,"href":"https:\/\/uniavisen.dk\/en\/wp-json\/wp\/v2\/comments?post=126261"}],"version-history":[{"count":5,"href":"https:\/\/uniavisen.dk\/en\/wp-json\/wp\/v2\/posts\/126261\/revisions"}],"predecessor-version":[{"id":126552,"href":"https:\/\/uniavisen.dk\/en\/wp-json\/wp\/v2\/posts\/126261\/revisions\/126552"}],"wp:featuredmedia":[{"embeddable":true,"href":"https:\/\/uniavisen.dk\/en\/wp-json\/wp\/v2\/media\/126262"}],"wp:attachment":[{"href":"https:\/\/uniavisen.dk\/en\/wp-json\/wp\/v2\/media?parent=126261"}],"wp:term":[{"taxonomy":"category","embeddable":true,"href":"https:\/\/uniavisen.dk\/en\/wp-json\/wp\/v2\/categories?post=126261"},{"taxonomy":"post_tag","embeddable":true,"href":"https:\/\/uniavisen.dk\/en\/wp-json\/wp\/v2\/tags?post=126261"}],"curies":[{"name":"wp","href":"https:\/\/api.w.org\/{rel}","templated":true}]}}