
{"id":135829,"date":"2022-06-20T07:53:35","date_gmt":"2022-06-20T05:53:35","guid":{"rendered":"https:\/\/uniavisen.dk\/ny-prorektors-maal-er-flere-ku-t-shirts-jeg-forstaar-godt-at-folk-undrer-sig\/"},"modified":"2022-06-22T08:46:37","modified_gmt":"2022-06-22T06:46:37","slug":"new-prorector-wants-more-ucph-t-shirts-i-understand-why-people-find-this-a-bit-weird","status":"publish","type":"post","link":"https:\/\/uniavisen.dk\/en\/new-prorector-wants-more-ucph-t-shirts-i-understand-why-people-find-this-a-bit-weird\/","title":{"rendered":"New prorector wants more UCPH T-Shirts: \u00bbI understand why people find this a bit weird\u00ab"},"content":{"rendered":"<p><span class=\"dropcap\">T<\/span>here&#8217;s a real mess in Kristian Lauta&#8217;s office. The white walls are empty, and there is a folded moving box behind the door. The law professor, who has been associate dean for education at the Faculty of Law for the past three years, has got a new job in UCPH top management as Prorector for Education.<\/p>\n<p>The post is the culmination of a skyrocketing university career for the only 40-year-old law professor, who completed his PhD in 2011. But it is not the speed of his upward trajectory that has attracted most attention to Kristian Lauta&#8217;s new appointment.<\/p>\n<p>He announced that he wants to be evaluated on something very unusual. Not graduate unemployment, not well-being, not grade point average. No. The new prorector wants, instead, to be assessed on how many people show up for their class reunions in a UCPH T-shirt.<\/p>\n<p>Kristian Lauta laughs when the topic is brought up \u2013 because it is not the first time he has been sceptically quizzed about this particular goal, he admits.<\/p>\n<p>\u00bbNow I get this unique opportunity to shape this university as prorector, and I focus on something so banal as a T-shirt \u2013 and I get it: It can seem weird.\u00ab<\/p>\n<blockquote><p>You go to war for the nation, but you die for your comrades in arms. It is specific communities that get people to thrive in their daily lives.<\/p>\n<p class=\"quotee\">Kristian Lauta, Prorector for Education<\/p>\n<\/blockquote>\n<p>But for Kristian Lauta, it&#8217;s not just a question of the \u00bbdamned T-shirt,\u00ab as he calls it. It&#8217;s about the pride, the community, and the common identity that is needed for you to want to put on this T-shirt at your secondary school\u2019s class reunion party.<\/p>\n<p>Because it is in the identity, and in the community that, according to Kristian Lauta, you have to find solutions to many of the challenges that UCPH faces. And there are almost no limits to what the community can help solve, he says.<\/p>\n<p>He mentions a few of the challenges: Political pressure, innovation, the transition to the labour market, interdisciplinarity, well-being.<\/p>\n<p>\u00bbThe more people that share this community feeling, the easier I think it will be to tackle these challenges. Even though it may sound silly, the T-shirt is one of the many indicators of how well we are doing as a university. And that is why I&#8217;d like to be measured on a T-shirt, even though it may sound stupid.\u00ab<\/p>\n<p>The question is whether it is possible at all to create a shared identity across the entire University of Copenhagen, spread across four campuses and 36 departments, each with their own separate identities. And if the identities, traditions and symbols are so important for UCPH, why is there no longer, say, a real diploma on graduating, but only an electronic one. And why is the traditional master&#8217;s thesis defence threatened with being cut?<br \/>\n<!-- end of module 1 --><\/p>\n<h3>The university as a society<\/h3>\n<p>The idea that \u2018community\u2019 is key, is not new to the prorector. In April \u2013 in connection with his 40-year birthday \u2014 a Danish news site Politiken referred to Kristian Lauta&#8217;s strong connection to the local community outside Roskilde, where he currently lives.<\/p>\n<p>\u00bbIt is important to feel that you belong somewhere. It makes you resilient in the face of adversity to be part of a local community,\u00ab he said to the news site.<\/p>\n<p>You get the feeling that he sees the University of Copenhagen the same way. When he talks about employees and students, he uses the term &#8216;the university society&#8217; or &#8216;the university populace&#8217;, and when he talks about the community of his dreams, he draws parallels to both local communities and to national communities. The University of Copenhagen is more than just an organisation, you see.<\/p>\n<div class=\"factbox\">\n<p class=\"factbox-header feature-color\">Kristian Lauta<\/p>\n<p>Born 1982<\/p>\n<p>Started 15 June as Prorector for Education at the University of Copenhagen.<\/p>\n<p>Has since 2019 been Associate Dean for Education at the Faculty of Law.<\/p>\n<p>Professor at the Center for International Law, Conflict and Crisis.<\/p>\n<p>His research field is the interaction between law and disasters, climate, and risks.<\/p>\n<p>Published a book last year &#8216;Katastrofer \u2013 og hvad de kan l\u00e6re os om os selv\u2019 or \u2018Disasters \u2013 and what they can teach us about ourselves&#8217;, which offers insight into disasters and how we as people, and as societies, react when they arise.<\/p>\n<\/div>\n<p>\u00bbThe students at UCPH should feel the same things that you [Danes, ed.] do as being a part of Denmark,\u00ab he says, for example.<\/p>\n<p>He points to the feeling Danes get when they meet other Danes on holidays in Greece.<\/p>\n<p>\u00bbYou suddenly feel that there is something you are connected to. It gives a sense of homesickness, of community, of identity and not least of belonging.\u00ab<\/p>\n<p>He wants the university\u2019s students to get this feeling.<\/p>\n<p>\u00bbWhen you meet a student who is also a UCPH graduate, I would like you to feel that you have something in common. And that this community is something that you can rejoin.\u00ab<\/p>\n<p>The university is far from being able to create this feeling up until now. There are not enough, so to speak, that pop up for their school reunion parties in UCPH T-shirts. And the explanation is, according to Kristian Lauta, that identity simply has not been a big enough priority for management.<\/p>\n<p>\u00bbI do not think that we have done enough to foster this identity over the past 30-40 years. And this is not meant as a critique of previous management teams. There has been plenty of other stuff that they had to take care of. But I think we&#8217;re at this place now \u2014 and that I can convince the university&#8217;s populace that we need it.\u00ab<\/p>\n<p><em>We have seen a UCPH that has abolished the physical exam diploma and reduced the options for the traditional master\u2019s thesis defence. Is this not, precisely, a removal of the rituals and symbols that are required to create the community you want?<\/em><\/p>\n<p>\u00bbInstead of criticising previous decisions, I&#8217;d rather focus on what we can do now. But I&#8217;m fully aware that we need to stick to everything we have of things that actually make you feel connected \u2014 and that we need more of it. Whether this is a master\u2019s thesis defence, a graduation ceremony on the central campus square at Vor Frue Plads, or some other traditions in the ceremonial hall, I don&#8217;t know. We need to work this out together.\u00ab<br \/>\n<!-- end of module 2 --><\/p>\n<h3>Disaster communities<\/h3>\n<p>The community is not just a goal in itself, emphasises Kristian Lauta. It is also a means to tackle many of the challenges that UCPH faces. This applies, for example, to well-being, which he would like to see improved among students.<\/p>\n<p>\u00bbWhat is it that gets you to show up on a rainy Monday?\u00ab Kristian Lauta asks rhetorically.<\/p>\n<p>\u00bbYou go to war for the nation, but you die for your comrades in arms. These are specific communities that get people to thrive in their daily lives. You start university, of course, to make something of yourself and learn something. But when it gets difficult, and learning is about friction \u2013 then you need someone to support you in the same situation. It is a question of community.\u00ab<\/p>\n<blockquote><p>All the disaster research that has been done demonstrates how people want to help each other, first and foremost.<\/p>\n<p class=\"quotee\">Kristian Lauta<\/p>\n<p>&nbsp;<\/p><\/blockquote>\n<p>In fact, it has never been more important for students to have a sense of community at the university, he says.<\/p>\n<p>\u00bbIt is not just about the university. The world feels gigantic, complex, and uncertain for many people, and this feeling will not disappear. That&#8217;s why we need some communities within which we can find meaning and identity\u00ab.<\/p>\n<p>When the law professor holds forth on phrases like identity and communities, it is partly due to his long-standing research into people&#8217;s specific behaviour during disasters. Catastrophes reveal new aspects of societies, he says. And one of the aspects revealed by disasters like, for example, the coronavirus crisis is that we, as people, strive for a sense of community.<\/p>\n<p>\u00bbWhen there are disasters, some people think that everyone will start fighting for themselves. But all disaster research demonstrates that people first and foremost want to help each other. You can see that neighbours help each other, and that a particular type of solidarity arises, where people are energized by doing things for each other. We have seen this with corona, but also right now with Ukraine. And this is the potential I want to have for UCPH.\u00ab<br \/>\n<!-- end of module 3 --><\/p>\n<h3>The other side of the road<\/h3>\n<p>Another challenge that the community is to help solve, according to Kristian Lauta, is that there is not enough interdisciplinarity at the university.<\/p>\n<p>\u00bbMost people start today on five-year degree programmes and stay on this track with no diversions. But we need to be better at course trajectories where you can be at different faculties. And if the community is there, I also think it will be easier for a law student to move over to the other side of the street where the humanities are,\u00ab he says.<\/p>\n<p>For Kristian Lauta, the community is not just about the fact that the university needs to be better connected to itself. He also points out that part of the project is connecting to the outside world through our alumni, which we \u00bbhave not used enough\u00ab.<\/p>\n<p>He sees this happening by inviting more alumni to the university to talk about their practical experience and the challenges that students can help solve. This can be done through master\u2019s thesis collaborations.<\/p>\n<blockquote><p>And if the community is there, I also think it will be easier for a law student to move over to the other side of the street where the humanities are.<\/p>\n<p class=\"quotee\">Kristian Lauta<\/p>\n<p>&nbsp;<\/p><\/blockquote>\n<p>\u00bbThese master\u2019s theses are a giga-production of knowledge from talented people. And the vast majority of them end up in a drawer somewhere, and this is a huge loss. If we can get students to do collaborations with alumni and businesses that actually solve things in the real world, then this is good. Also because it builds a bridge to the world of work after university.\u00ab<\/p>\n<p>It can sound abstract and distant with talk of values, community and identity. And when you ask the new prorector what the values are that we are talking about, and how the community should emerge in practice, he is reticent in his responses. For good reason, he believes.<\/p>\n<p>\u00bbI&#8217;m not going to be a prorector that sits here saying, &#8216;listen up, friends, this is how we&#8217;ll run this place&#8217;. One part of the formation of identity is precisely that decisions are from the bottom up. If we are to succeed in creating a sense that the university is a place we own together, then it is important that there is a certain leeway across the university for things to look different.\u00ab<\/p>\n<p><em>Can one part of the explanation that people do not identify with UCPH as a joint community be, that UCPH has been criticised as being managed top-down?<\/em><\/p>\n<p>\u00bbI don\u2019t think so. I&#8217;m aware that it might seem to be the case. But I don&#8217;t remember the identity as being that much stronger before 2003 [where a new Danish university act abolished self-governing universities and introduced boards with a majority of external members, ed.]. It is not a given that a different management system will ensure the emergence of this identity. And I will say that, in the field of education, where I am to be manager, virtually all the power is placed locally in the different boards of studies. I want to work to ensure that they become as strong as possible, so they can assume responsibility.\u00ab<\/p>\n<p><em>If it is so crucial for the community that things are created bottom up, does this not then mean, like many people think, that top-down management is opposed to this goal?<\/em><\/p>\n<p>\u00bbThis seems overstated. I can speak for my own area. I believe that you can have quality education by taking ownership. And I don&#8217;t think there&#8217;s a contradiction between this, and the fact that we also have to make some joint decisions that can be difficult.\u00ab<br \/>\n<!-- end of module 4 --><\/p>\n","protected":false},"excerpt":{"rendered":"<p>Some people reacted with scepticism when the University of Copenhagen\u2019s newly appointed prorector Kristian Lauta announced that he wanted to be evaluated on the number of UCPH T-shirts were worn at Danish secondary-school class reunions. But, according to the new prorector, if you can get people to put on the T-shirt, you can solve everything from well-being to interdisciplinarity.<\/p>\n","protected":false},"author":87,"featured_media":135643,"comment_status":"closed","ping_status":"closed","sticky":false,"template":"","format":"standard","meta":{"_acf_changed":false,"om_disable_all_campaigns":false,"_monsterinsights_skip_tracking":false,"_monsterinsights_sitenote_active":false,"_monsterinsights_sitenote_note":"","_monsterinsights_sitenote_category":0,"_uf_show_specific_survey":0,"_uf_disable_surveys":false,"footnotes":""},"categories":[3160],"tags":[5565,681,5566],"class_list":["post-135829","post","type-post","status-publish","format-standard","has-post-thumbnail","hentry","category-people","tag-kristian-lauta-en","tag-prorector","tag-t-shirt-en","expression-portrait_article"],"acf":[],"aioseo_notices":[],"yoast_head":"<!-- This site is optimized with the Yoast SEO plugin v27.4 - https:\/\/yoast.com\/product\/yoast-seo-wordpress\/ -->\n<title>New prorector wants more UCPH T-Shirts: \u00bbI understand why people find this a bit weird\u00ab \u2014 University Post<\/title>\n<meta name=\"description\" content=\"Some people reacted with scepticism when the University of Copenhagen\u2019s newly appointed prorector Kristian Lauta announced that he wanted to be evaluated on the number of UCPH T-shirts were worn at Danish secondary-school class reunions. But, according to the new prorector, if you can get people to put on the T-shirt, you can solve everything from well-being to interdisciplinarity.\" \/>\n<meta name=\"robots\" content=\"index, follow, max-snippet:-1, max-image-preview:large, max-video-preview:-1\" \/>\n<link rel=\"canonical\" href=\"https:\/\/uniavisen.dk\/en\/new-prorector-wants-more-ucph-t-shirts-i-understand-why-people-find-this-a-bit-weird\/\" \/>\n<meta property=\"og:locale\" content=\"en_US\" \/>\n<meta property=\"og:type\" content=\"article\" \/>\n<meta property=\"og:title\" content=\"New prorector wants more UCPH T-Shirts: \u00bbI understand why people find this a bit weird\u00ab \u2014 University Post\" \/>\n<meta property=\"og:description\" content=\"Some people reacted with scepticism when the University of Copenhagen\u2019s newly appointed prorector Kristian Lauta announced that he wanted to be evaluated on the number of UCPH T-shirts were worn at Danish secondary-school class reunions. But, according to the new prorector, if you can get people to put on the T-shirt, you can solve everything from well-being to interdisciplinarity.\" \/>\n<meta property=\"og:url\" content=\"https:\/\/uniavisen.dk\/en\/new-prorector-wants-more-ucph-t-shirts-i-understand-why-people-find-this-a-bit-weird\/\" \/>\n<meta property=\"og:site_name\" content=\"University Post\" \/>\n<meta property=\"article:publisher\" content=\"https:\/\/www.facebook.com\/uniavis\" \/>\n<meta property=\"article:published_time\" content=\"2022-06-20T05:53:35+00:00\" \/>\n<meta property=\"article:modified_time\" content=\"2022-06-22T06:46:37+00:00\" \/>\n<meta property=\"og:image\" content=\"http:\/\/uniavisen.dk\/wp-content\/uploads\/2022\/06\/dsc_6319xx-1280x853.jpg\" \/>\n\t<meta property=\"og:image:width\" content=\"1280\" \/>\n\t<meta property=\"og:image:height\" content=\"853\" \/>\n\t<meta property=\"og:image:type\" content=\"image\/jpeg\" \/>\n<meta name=\"author\" content=\"Serge Savin\" \/>\n<meta name=\"twitter:card\" content=\"summary_large_image\" \/>\n<meta name=\"twitter:image\" content=\"https:\/\/uniavisen.dk\/wp-content\/uploads\/2022\/06\/ny22.jpg\" \/>\n<meta name=\"twitter:creator\" content=\"@Uniavisen\" \/>\n<meta name=\"twitter:site\" content=\"@Uniavisen\" \/>\n<meta name=\"twitter:label1\" content=\"Written by\" \/>\n\t<meta name=\"twitter:data1\" content=\"Serge Savin\" \/>\n\t<meta name=\"twitter:label2\" content=\"Est. reading time\" \/>\n\t<meta name=\"twitter:data2\" content=\"10 minutes\" \/>\n<script type=\"application\/ld+json\" class=\"yoast-schema-graph\">{\"@context\":\"https:\\\/\\\/schema.org\",\"@graph\":[{\"@type\":\"Article\",\"@id\":\"https:\\\/\\\/uniavisen.dk\\\/en\\\/new-prorector-wants-more-ucph-t-shirts-i-understand-why-people-find-this-a-bit-weird\\\/#article\",\"isPartOf\":{\"@id\":\"https:\\\/\\\/uniavisen.dk\\\/en\\\/new-prorector-wants-more-ucph-t-shirts-i-understand-why-people-find-this-a-bit-weird\\\/\"},\"author\":{\"name\":\"Serge Savin\",\"@id\":\"https:\\\/\\\/uniavisen.dk\\\/#\\\/schema\\\/person\\\/62c36c5486fdf49440d25c26b61ca3a9\"},\"headline\":\"New prorector wants more UCPH T-Shirts: \u00bbI understand why people find this a bit weird\u00ab\",\"datePublished\":\"2022-06-20T05:53:35+00:00\",\"dateModified\":\"2022-06-22T06:46:37+00:00\",\"mainEntityOfPage\":{\"@id\":\"https:\\\/\\\/uniavisen.dk\\\/en\\\/new-prorector-wants-more-ucph-t-shirts-i-understand-why-people-find-this-a-bit-weird\\\/\"},\"wordCount\":2043,\"image\":{\"@id\":\"https:\\\/\\\/uniavisen.dk\\\/en\\\/new-prorector-wants-more-ucph-t-shirts-i-understand-why-people-find-this-a-bit-weird\\\/#primaryimage\"},\"thumbnailUrl\":\"https:\\\/\\\/uniavisen.dk\\\/wp-content\\\/uploads\\\/2022\\\/06\\\/dsc_6319xxcrop-scaled.jpg\",\"keywords\":[\"kristian lauta\",\"Prorector\",\"t-shirt\"],\"articleSection\":[\"People\"],\"inLanguage\":\"en-US\"},{\"@type\":\"WebPage\",\"@id\":\"https:\\\/\\\/uniavisen.dk\\\/en\\\/new-prorector-wants-more-ucph-t-shirts-i-understand-why-people-find-this-a-bit-weird\\\/\",\"url\":\"https:\\\/\\\/uniavisen.dk\\\/en\\\/new-prorector-wants-more-ucph-t-shirts-i-understand-why-people-find-this-a-bit-weird\\\/\",\"name\":\"New prorector wants more UCPH T-Shirts: \u00bbI understand why people find this a bit weird\u00ab \u2014 University Post\",\"isPartOf\":{\"@id\":\"https:\\\/\\\/uniavisen.dk\\\/#website\"},\"primaryImageOfPage\":{\"@id\":\"https:\\\/\\\/uniavisen.dk\\\/en\\\/new-prorector-wants-more-ucph-t-shirts-i-understand-why-people-find-this-a-bit-weird\\\/#primaryimage\"},\"image\":{\"@id\":\"https:\\\/\\\/uniavisen.dk\\\/en\\\/new-prorector-wants-more-ucph-t-shirts-i-understand-why-people-find-this-a-bit-weird\\\/#primaryimage\"},\"thumbnailUrl\":\"https:\\\/\\\/uniavisen.dk\\\/wp-content\\\/uploads\\\/2022\\\/06\\\/dsc_6319xxcrop-scaled.jpg\",\"datePublished\":\"2022-06-20T05:53:35+00:00\",\"dateModified\":\"2022-06-22T06:46:37+00:00\",\"author\":{\"@id\":\"https:\\\/\\\/uniavisen.dk\\\/#\\\/schema\\\/person\\\/62c36c5486fdf49440d25c26b61ca3a9\"},\"description\":\"Some people reacted with scepticism when the University of Copenhagen\u2019s newly appointed prorector Kristian Lauta announced that he wanted to be evaluated on the number of UCPH T-shirts were worn at Danish secondary-school class reunions. But, according to the new prorector, if you can get people to put on the T-shirt, you can solve everything from well-being to interdisciplinarity.\",\"breadcrumb\":{\"@id\":\"https:\\\/\\\/uniavisen.dk\\\/en\\\/new-prorector-wants-more-ucph-t-shirts-i-understand-why-people-find-this-a-bit-weird\\\/#breadcrumb\"},\"inLanguage\":\"en-US\",\"potentialAction\":[{\"@type\":\"ReadAction\",\"target\":[\"https:\\\/\\\/uniavisen.dk\\\/en\\\/new-prorector-wants-more-ucph-t-shirts-i-understand-why-people-find-this-a-bit-weird\\\/\"]}]},{\"@type\":\"ImageObject\",\"inLanguage\":\"en-US\",\"@id\":\"https:\\\/\\\/uniavisen.dk\\\/en\\\/new-prorector-wants-more-ucph-t-shirts-i-understand-why-people-find-this-a-bit-weird\\\/#primaryimage\",\"url\":\"https:\\\/\\\/uniavisen.dk\\\/wp-content\\\/uploads\\\/2022\\\/06\\\/dsc_6319xxcrop-scaled.jpg\",\"contentUrl\":\"https:\\\/\\\/uniavisen.dk\\\/wp-content\\\/uploads\\\/2022\\\/06\\\/dsc_6319xxcrop-scaled.jpg\",\"width\":2560,\"height\":1978},{\"@type\":\"BreadcrumbList\",\"@id\":\"https:\\\/\\\/uniavisen.dk\\\/en\\\/new-prorector-wants-more-ucph-t-shirts-i-understand-why-people-find-this-a-bit-weird\\\/#breadcrumb\",\"itemListElement\":[{\"@type\":\"ListItem\",\"position\":1,\"name\":\"Home\",\"item\":\"https:\\\/\\\/uniavisen.dk\\\/en\\\/\"},{\"@type\":\"ListItem\",\"position\":2,\"name\":\"New prorector wants more UCPH T-Shirts: \u00bbI understand why people find this a bit weird\u00ab\"}]},{\"@type\":\"WebSite\",\"@id\":\"https:\\\/\\\/uniavisen.dk\\\/#website\",\"url\":\"https:\\\/\\\/uniavisen.dk\\\/\",\"name\":\"University Post\",\"description\":\"Independent of management\",\"potentialAction\":[{\"@type\":\"SearchAction\",\"target\":{\"@type\":\"EntryPoint\",\"urlTemplate\":\"https:\\\/\\\/uniavisen.dk\\\/?s={search_term_string}\"},\"query-input\":{\"@type\":\"PropertyValueSpecification\",\"valueRequired\":true,\"valueName\":\"search_term_string\"}}],\"inLanguage\":\"en-US\"},{\"@type\":\"Person\",\"@id\":\"https:\\\/\\\/uniavisen.dk\\\/#\\\/schema\\\/person\\\/62c36c5486fdf49440d25c26b61ca3a9\",\"name\":\"Serge Savin\",\"image\":{\"@type\":\"ImageObject\",\"inLanguage\":\"en-US\",\"@id\":\"https:\\\/\\\/secure.gravatar.com\\\/avatar\\\/4e5a8415205635c832b6ccb322b5aa36a40c136e73dee3ffb085e4d94c8f4afd?s=96&d=identicon&r=g\",\"url\":\"https:\\\/\\\/secure.gravatar.com\\\/avatar\\\/4e5a8415205635c832b6ccb322b5aa36a40c136e73dee3ffb085e4d94c8f4afd?s=96&d=identicon&r=g\",\"contentUrl\":\"https:\\\/\\\/secure.gravatar.com\\\/avatar\\\/4e5a8415205635c832b6ccb322b5aa36a40c136e73dee3ffb085e4d94c8f4afd?s=96&d=identicon&r=g\",\"caption\":\"Serge Savin\"},\"url\":\"https:\\\/\\\/uniavisen.dk\\\/en\\\/author\\\/vicki-therkildsenuniavisen-dk\\\/\"}]}<\/script>\n<!-- \/ Yoast SEO plugin. -->","yoast_head_json":{"title":"New prorector wants more UCPH T-Shirts: \u00bbI understand why people find this a bit weird\u00ab \u2014 University Post","description":"Some people reacted with scepticism when the University of Copenhagen\u2019s newly appointed prorector Kristian Lauta announced that he wanted to be evaluated on the number of UCPH T-shirts were worn at Danish secondary-school class reunions. But, according to the new prorector, if you can get people to put on the T-shirt, you can solve everything from well-being to interdisciplinarity.","robots":{"index":"index","follow":"follow","max-snippet":"max-snippet:-1","max-image-preview":"max-image-preview:large","max-video-preview":"max-video-preview:-1"},"canonical":"https:\/\/uniavisen.dk\/en\/new-prorector-wants-more-ucph-t-shirts-i-understand-why-people-find-this-a-bit-weird\/","og_locale":"en_US","og_type":"article","og_title":"New prorector wants more UCPH T-Shirts: \u00bbI understand why people find this a bit weird\u00ab \u2014 University Post","og_description":"Some people reacted with scepticism when the University of Copenhagen\u2019s newly appointed prorector Kristian Lauta announced that he wanted to be evaluated on the number of UCPH T-shirts were worn at Danish secondary-school class reunions. But, according to the new prorector, if you can get people to put on the T-shirt, you can solve everything from well-being to interdisciplinarity.","og_url":"https:\/\/uniavisen.dk\/en\/new-prorector-wants-more-ucph-t-shirts-i-understand-why-people-find-this-a-bit-weird\/","og_site_name":"University Post","article_publisher":"https:\/\/www.facebook.com\/uniavis","article_published_time":"2022-06-20T05:53:35+00:00","article_modified_time":"2022-06-22T06:46:37+00:00","og_image":[{"width":1280,"height":853,"url":"http:\/\/uniavisen.dk\/wp-content\/uploads\/2022\/06\/dsc_6319xx-1280x853.jpg","type":"image\/jpeg"}],"author":"Serge Savin","twitter_card":"summary_large_image","twitter_image":"https:\/\/uniavisen.dk\/wp-content\/uploads\/2022\/06\/ny22.jpg","twitter_creator":"@Uniavisen","twitter_site":"@Uniavisen","twitter_misc":{"Written by":"Serge Savin","Est. reading time":"10 minutes"},"schema":{"@context":"https:\/\/schema.org","@graph":[{"@type":"Article","@id":"https:\/\/uniavisen.dk\/en\/new-prorector-wants-more-ucph-t-shirts-i-understand-why-people-find-this-a-bit-weird\/#article","isPartOf":{"@id":"https:\/\/uniavisen.dk\/en\/new-prorector-wants-more-ucph-t-shirts-i-understand-why-people-find-this-a-bit-weird\/"},"author":{"name":"Serge Savin","@id":"https:\/\/uniavisen.dk\/#\/schema\/person\/62c36c5486fdf49440d25c26b61ca3a9"},"headline":"New prorector wants more UCPH T-Shirts: \u00bbI understand why people find this a bit weird\u00ab","datePublished":"2022-06-20T05:53:35+00:00","dateModified":"2022-06-22T06:46:37+00:00","mainEntityOfPage":{"@id":"https:\/\/uniavisen.dk\/en\/new-prorector-wants-more-ucph-t-shirts-i-understand-why-people-find-this-a-bit-weird\/"},"wordCount":2043,"image":{"@id":"https:\/\/uniavisen.dk\/en\/new-prorector-wants-more-ucph-t-shirts-i-understand-why-people-find-this-a-bit-weird\/#primaryimage"},"thumbnailUrl":"https:\/\/uniavisen.dk\/wp-content\/uploads\/2022\/06\/dsc_6319xxcrop-scaled.jpg","keywords":["kristian lauta","Prorector","t-shirt"],"articleSection":["People"],"inLanguage":"en-US"},{"@type":"WebPage","@id":"https:\/\/uniavisen.dk\/en\/new-prorector-wants-more-ucph-t-shirts-i-understand-why-people-find-this-a-bit-weird\/","url":"https:\/\/uniavisen.dk\/en\/new-prorector-wants-more-ucph-t-shirts-i-understand-why-people-find-this-a-bit-weird\/","name":"New prorector wants more UCPH T-Shirts: \u00bbI understand why people find this a bit weird\u00ab \u2014 University Post","isPartOf":{"@id":"https:\/\/uniavisen.dk\/#website"},"primaryImageOfPage":{"@id":"https:\/\/uniavisen.dk\/en\/new-prorector-wants-more-ucph-t-shirts-i-understand-why-people-find-this-a-bit-weird\/#primaryimage"},"image":{"@id":"https:\/\/uniavisen.dk\/en\/new-prorector-wants-more-ucph-t-shirts-i-understand-why-people-find-this-a-bit-weird\/#primaryimage"},"thumbnailUrl":"https:\/\/uniavisen.dk\/wp-content\/uploads\/2022\/06\/dsc_6319xxcrop-scaled.jpg","datePublished":"2022-06-20T05:53:35+00:00","dateModified":"2022-06-22T06:46:37+00:00","author":{"@id":"https:\/\/uniavisen.dk\/#\/schema\/person\/62c36c5486fdf49440d25c26b61ca3a9"},"description":"Some people reacted with scepticism when the University of Copenhagen\u2019s newly appointed prorector Kristian Lauta announced that he wanted to be evaluated on the number of UCPH T-shirts were worn at Danish secondary-school class reunions. But, according to the new prorector, if you can get people to put on the T-shirt, you can solve everything from well-being to interdisciplinarity.","breadcrumb":{"@id":"https:\/\/uniavisen.dk\/en\/new-prorector-wants-more-ucph-t-shirts-i-understand-why-people-find-this-a-bit-weird\/#breadcrumb"},"inLanguage":"en-US","potentialAction":[{"@type":"ReadAction","target":["https:\/\/uniavisen.dk\/en\/new-prorector-wants-more-ucph-t-shirts-i-understand-why-people-find-this-a-bit-weird\/"]}]},{"@type":"ImageObject","inLanguage":"en-US","@id":"https:\/\/uniavisen.dk\/en\/new-prorector-wants-more-ucph-t-shirts-i-understand-why-people-find-this-a-bit-weird\/#primaryimage","url":"https:\/\/uniavisen.dk\/wp-content\/uploads\/2022\/06\/dsc_6319xxcrop-scaled.jpg","contentUrl":"https:\/\/uniavisen.dk\/wp-content\/uploads\/2022\/06\/dsc_6319xxcrop-scaled.jpg","width":2560,"height":1978},{"@type":"BreadcrumbList","@id":"https:\/\/uniavisen.dk\/en\/new-prorector-wants-more-ucph-t-shirts-i-understand-why-people-find-this-a-bit-weird\/#breadcrumb","itemListElement":[{"@type":"ListItem","position":1,"name":"Home","item":"https:\/\/uniavisen.dk\/en\/"},{"@type":"ListItem","position":2,"name":"New prorector wants more UCPH T-Shirts: \u00bbI understand why people find this a bit weird\u00ab"}]},{"@type":"WebSite","@id":"https:\/\/uniavisen.dk\/#website","url":"https:\/\/uniavisen.dk\/","name":"University Post","description":"Independent of management","potentialAction":[{"@type":"SearchAction","target":{"@type":"EntryPoint","urlTemplate":"https:\/\/uniavisen.dk\/?s={search_term_string}"},"query-input":{"@type":"PropertyValueSpecification","valueRequired":true,"valueName":"search_term_string"}}],"inLanguage":"en-US"},{"@type":"Person","@id":"https:\/\/uniavisen.dk\/#\/schema\/person\/62c36c5486fdf49440d25c26b61ca3a9","name":"Serge Savin","image":{"@type":"ImageObject","inLanguage":"en-US","@id":"https:\/\/secure.gravatar.com\/avatar\/4e5a8415205635c832b6ccb322b5aa36a40c136e73dee3ffb085e4d94c8f4afd?s=96&d=identicon&r=g","url":"https:\/\/secure.gravatar.com\/avatar\/4e5a8415205635c832b6ccb322b5aa36a40c136e73dee3ffb085e4d94c8f4afd?s=96&d=identicon&r=g","contentUrl":"https:\/\/secure.gravatar.com\/avatar\/4e5a8415205635c832b6ccb322b5aa36a40c136e73dee3ffb085e4d94c8f4afd?s=96&d=identicon&r=g","caption":"Serge Savin"},"url":"https:\/\/uniavisen.dk\/en\/author\/vicki-therkildsenuniavisen-dk\/"}]}},"advancedCustomFields":{"expression":{"term_id":14,"name":"Portrait Article","slug":"portrait_article","term_group":0,"term_taxonomy_id":14,"taxonomy":"expression","description":"","parent":0,"count":802,"filter":"raw"},"enable_comments":true,"align_content":"alignleft","feature_color":"#961839","article_updated":"","layout_group":[{"acf_fc_layout":"Headline","use_post_title":false,"headline":"New prorector wants more UCPH T-Shirts: \u00bbI understand why people find this a bit weird\u00ab","style":"classic","highlighted_words":"prorector weird\u00ab","text_size":"small"},{"acf_fc_layout":"Image","image":{"ID":135572,"id":135572,"title":"DSC_6319 xx","filename":"dsc_6319xx.jpg","filesize":2831465,"url":"https:\/\/uniavisen.dk\/wp-content\/uploads\/2022\/06\/dsc_6319xx.jpg","link":"https:\/\/uniavisen.dk\/en\/ny-prorektors-maal-er-flere-ku-t-shirts-jeg-forstaar-godt-at-folk-undrer-sig\/dsc_6319-xx\/","alt":"","author":"87","description":"","caption":"\u00bbSelvom det kan lyde fjollet, er T-shirten p\u00e5 den m\u00e5de en af de mange indikatorer, vi kan have p\u00e5, hvor godt vi egentlig klarer os som universitet,\u00ab siger Kristian Lauta om sit m\u00e5l som KU's nye prorektor.","name":"dsc_6319-xx","status":"inherit","uploaded_to":135564,"date":"2022-06-14 12:40:46","modified":"2022-06-15 12:10:26","menu_order":0,"mime_type":"image\/jpeg","type":"image","subtype":"jpeg","icon":"https:\/\/uniavisen.dk\/wp-includes\/images\/media\/default.png","width":8256,"height":5504,"sizes":{"thumbnail":"https:\/\/uniavisen.dk\/wp-content\/uploads\/2022\/06\/dsc_6319xx-150x150.jpg","thumbnail-width":150,"thumbnail-height":150,"medium":"https:\/\/uniavisen.dk\/wp-content\/uploads\/2022\/06\/dsc_6319xx-480x320.jpg","medium-width":480,"medium-height":320,"medium_large":"https:\/\/uniavisen.dk\/wp-content\/uploads\/2022\/06\/dsc_6319xx-768x512.jpg","medium_large-width":768,"medium_large-height":512,"large":"https:\/\/uniavisen.dk\/wp-content\/uploads\/2022\/06\/dsc_6319xx-1280x853.jpg","large-width":1280,"large-height":853,"1536x1536":"https:\/\/uniavisen.dk\/wp-content\/uploads\/2022\/06\/dsc_6319xx-1536x1024.jpg","1536x1536-width":1536,"1536x1536-height":1024,"2048x2048":"https:\/\/uniavisen.dk\/wp-content\/uploads\/2022\/06\/dsc_6319xx.jpg","2048x2048-width":2048,"2048x2048-height":1365,"featured-soft":"https:\/\/uniavisen.dk\/wp-content\/uploads\/2022\/06\/dsc_6319xx-290x193.jpg","featured-soft-width":290,"featured-soft-height":193,"featured-hard":"https:\/\/uniavisen.dk\/wp-content\/uploads\/2022\/06\/dsc_6319xx-290x180.jpg","featured-hard-width":290,"featured-hard-height":180,"narrow":"https:\/\/uniavisen.dk\/wp-content\/uploads\/2022\/06\/dsc_6319xx-700x467.jpg","narrow-width":700,"narrow-height":467,"extended":"https:\/\/uniavisen.dk\/wp-content\/uploads\/2022\/06\/dsc_6319xx-990x660.jpg","extended-width":990,"extended-height":660}},"style":"extended","text_placement":"metadata-below","image_link_url":"","image_link_title":"","caption_prefix":"","enable_alternative_caption":true,"alternative_caption":"\u00bbIt may sound silly, but the T-shirt is one of the many indicators on how well we are doing as a university,\u00ab says Kristian Lauta referring to his goal as new prorector at the University of Copenhagen."},{"acf_fc_layout":"Standfirst","subject":"","text":"Some people reacted with scepticism when the University of Copenhagen\u2019s newly appointed prorector Kristian Lauta announced that he wants to be evaluated on the number of UCPH T-shirts worn at Danish secondary-school class reunions. But, according to the new prorector, if you can get people to put on the T-shirt, you can solve everything from well-being to interdisciplinarity.","use_post_excerpt":false},{"acf_fc_layout":"Byline","is_author":true,"contributors":false},{"acf_fc_layout":"Content","content":"<p><span class=\"dropcap\">T<\/span>here&#8217;s a real mess in Kristian Lauta&#8217;s office. The white walls are empty, and there is a folded moving box behind the door. The law professor, who has been associate dean for education at the Faculty of Law for the past three years, has got a new job in UCPH top management as Prorector for Education.<\/p>\n<p>The post is the culmination of a skyrocketing university career for the only 40-year-old law professor, who completed his PhD in 2011. But it is not the speed of his upward trajectory that has attracted most attention to Kristian Lauta&#8217;s new appointment.<\/p>\n<p>He announced that he wants to be evaluated on something very unusual. Not graduate unemployment, not well-being, not grade point average. No. The new prorector wants, instead, to be assessed on how many people show up for their class reunions in a UCPH T-shirt.<\/p>\n<p>Kristian Lauta laughs when the topic is brought up \u2013 because it is not the first time he has been sceptically quizzed about this particular goal, he admits.<\/p>\n<p>\u00bbNow I get this unique opportunity to shape this university as prorector, and I focus on something so banal as a T-shirt \u2013 and I get it: It can seem weird.\u00ab<\/p>\n<blockquote><p>You go to war for the nation, but you die for your comrades in arms. It is specific communities that get people to thrive in their daily lives.<\/p>\n<p class=\"quotee\">Kristian Lauta, Prorector for Education<\/p>\n<\/blockquote>\n<p>But for Kristian Lauta, it&#8217;s not just a question of the \u00bbdamned T-shirt,\u00ab as he calls it. It&#8217;s about the pride, the community, and the common identity that is needed for you to want to put on this T-shirt at your secondary school\u2019s class reunion party.<\/p>\n<p>Because it is in the identity, and in the community that, according to Kristian Lauta, you have to find solutions to many of the challenges that UCPH faces. And there are almost no limits to what the community can help solve, he says.<\/p>\n<p>He mentions a few of the challenges: Political pressure, innovation, the transition to the labour market, interdisciplinarity, well-being.<\/p>\n<p>\u00bbThe more people that share this community feeling, the easier I think it will be to tackle these challenges. Even though it may sound silly, the T-shirt is one of the many indicators of how well we are doing as a university. And that is why I&#8217;d like to be measured on a T-shirt, even though it may sound stupid.\u00ab<\/p>\n<p>The question is whether it is possible at all to create a shared identity across the entire University of Copenhagen, spread across four campuses and 36 departments, each with their own separate identities. And if the identities, traditions and symbols are so important for UCPH, why is there no longer, say, a real diploma on graduating, but only an electronic one. And why is the traditional master&#8217;s thesis defence threatened with being cut?<\/p>\n"},{"acf_fc_layout":"Image","image":{"ID":135566,"id":135566,"title":"1DSC_6297","filename":"1dsc_6297-scaled-e1686127148282.jpg","filesize":382942,"url":"https:\/\/uniavisen.dk\/wp-content\/uploads\/2022\/06\/1dsc_6297-scaled-e1686127148282.jpg","link":"https:\/\/uniavisen.dk\/en\/ny-prorektors-maal-er-flere-ku-t-shirts-jeg-forstaar-godt-at-folk-undrer-sig\/1dsc_6297\/","alt":"","author":"87","description":"","caption":"","name":"1dsc_6297","status":"inherit","uploaded_to":135564,"date":"2022-06-14 12:31:41","modified":"2023-06-07 08:39:22","menu_order":0,"mime_type":"image\/jpeg","type":"image","subtype":"jpeg","icon":"https:\/\/uniavisen.dk\/wp-includes\/images\/media\/default.png","width":1200,"height":738,"sizes":{"thumbnail":"https:\/\/uniavisen.dk\/wp-content\/uploads\/2022\/06\/1dsc_6297-scaled-e1686127148282-150x150.jpg","thumbnail-width":150,"thumbnail-height":150,"medium":"https:\/\/uniavisen.dk\/wp-content\/uploads\/2022\/06\/1dsc_6297-scaled-e1686127148282-480x295.jpg","medium-width":480,"medium-height":295,"medium_large":"https:\/\/uniavisen.dk\/wp-content\/uploads\/2022\/06\/1dsc_6297-scaled-e1686127148282-768x472.jpg","medium_large-width":768,"medium_large-height":472,"large":"https:\/\/uniavisen.dk\/wp-content\/uploads\/2022\/06\/1dsc_6297-1280x787.jpg","large-width":1280,"large-height":787,"1536x1536":"https:\/\/uniavisen.dk\/wp-content\/uploads\/2022\/06\/1dsc_6297-1536x944.jpg","1536x1536-width":1536,"1536x1536-height":944,"2048x2048":"https:\/\/uniavisen.dk\/wp-content\/uploads\/2022\/06\/1dsc_6297-2048x1259.jpg","2048x2048-width":2048,"2048x2048-height":1259,"featured-soft":"https:\/\/uniavisen.dk\/wp-content\/uploads\/2022\/06\/1dsc_6297-scaled-e1686127148282-290x178.jpg","featured-soft-width":290,"featured-soft-height":178,"featured-hard":"https:\/\/uniavisen.dk\/wp-content\/uploads\/2022\/06\/1dsc_6297-scaled-e1686127148282-290x180.jpg","featured-hard-width":290,"featured-hard-height":180,"narrow":"https:\/\/uniavisen.dk\/wp-content\/uploads\/2022\/06\/1dsc_6297-scaled-e1686127148282-700x431.jpg","narrow-width":700,"narrow-height":431,"extended":"https:\/\/uniavisen.dk\/wp-content\/uploads\/2022\/06\/1dsc_6297-scaled-e1686127148282-990x609.jpg","extended-width":990,"extended-height":609}},"style":"extended","text_placement":"metadata-below","image_link_url":"","image_link_title":"","caption_prefix":"","enable_alternative_caption":true,"alternative_caption":"Kristian Lauta does not think enough has been done to forge a university identity over the past years: \u00bbAnd this is not necessarily a harsh criticism of previous management teams. There have been plenty of other stuff that they had to take care of.\u00ab"},{"acf_fc_layout":"Content","content":"<h3>The university as a society<\/h3>\n<p>The idea that \u2018community\u2019 is key, is not new to the prorector. In April \u2013 in connection with his 40-year birthday \u2014 a Danish news site Politiken referred to Kristian Lauta&#8217;s strong connection to the local community outside Roskilde, where he currently lives.<\/p>\n<p>\u00bbIt is important to feel that you belong somewhere. It makes you resilient in the face of adversity to be part of a local community,\u00ab he said to the news site.<\/p>\n<p>You get the feeling that he sees the University of Copenhagen the same way. When he talks about employees and students, he uses the term &#8216;the university society&#8217; or &#8216;the university populace&#8217;, and when he talks about the community of his dreams, he draws parallels to both local communities and to national communities. The University of Copenhagen is more than just an organisation, you see.<\/p>\n<div class=\"factbox\">\n<p class=\"factbox-header feature-color\">Kristian Lauta<\/p>\n<p>Born 1982<\/p>\n<p>Started 15 June as Prorector for Education at the University of Copenhagen.<\/p>\n<p>Has since 2019 been Associate Dean for Education at the Faculty of Law.<\/p>\n<p>Professor at the Center for International Law, Conflict and Crisis.<\/p>\n<p>His research field is the interaction between law and disasters, climate, and risks.<\/p>\n<p>Published a book last year &#8216;Katastrofer \u2013 og hvad de kan l\u00e6re os om os selv\u2019 or \u2018Disasters \u2013 and what they can teach us about ourselves&#8217;, which offers insight into disasters and how we as people, and as societies, react when they arise.<\/p>\n<\/div>\n<p>\u00bbThe students at UCPH should feel the same things that you [Danes, ed.] do as being a part of Denmark,\u00ab he says, for example.<\/p>\n<p>He points to the feeling Danes get when they meet other Danes on holidays in Greece.<\/p>\n<p>\u00bbYou suddenly feel that there is something you are connected to. It gives a sense of homesickness, of community, of identity and not least of belonging.\u00ab<\/p>\n<p>He wants the university\u2019s students to get this feeling.<\/p>\n<p>\u00bbWhen you meet a student who is also a UCPH graduate, I would like you to feel that you have something in common. And that this community is something that you can rejoin.\u00ab<\/p>\n<p>The university is far from being able to create this feeling up until now. There are not enough, so to speak, that pop up for their school reunion parties in UCPH T-shirts. And the explanation is, according to Kristian Lauta, that identity simply has not been a big enough priority for management.<\/p>\n<p>\u00bbI do not think that we have done enough to foster this identity over the past 30-40 years. And this is not meant as a critique of previous management teams. There has been plenty of other stuff that they had to take care of. But I think we&#8217;re at this place now \u2014 and that I can convince the university&#8217;s populace that we need it.\u00ab<\/p>\n<p><em>We have seen a UCPH that has abolished the physical exam diploma and reduced the options for the traditional master\u2019s thesis defence. Is this not, precisely, a removal of the rituals and symbols that are required to create the community you want?<\/em><\/p>\n<p>\u00bbInstead of criticising previous decisions, I&#8217;d rather focus on what we can do now. But I&#8217;m fully aware that we need to stick to everything we have of things that actually make you feel connected \u2014 and that we need more of it. Whether this is a master\u2019s thesis defence, a graduation ceremony on the central campus square at Vor Frue Plads, or some other traditions in the ceremonial hall, I don&#8217;t know. We need to work this out together.\u00ab<\/p>\n"},{"acf_fc_layout":"Image","image":{"ID":135609,"id":135609,"title":"ny11","filename":"ny11.jpg","filesize":720971,"url":"https:\/\/uniavisen.dk\/wp-content\/uploads\/2022\/06\/ny11.jpg","link":"https:\/\/uniavisen.dk\/en\/ny-prorektors-maal-er-flere-ku-t-shirts-jeg-forstaar-godt-at-folk-undrer-sig\/ny11\/","alt":"","author":"87","description":"","caption":"\u00bbVerden som helhed f\u00f8les for mange gigantisk, kompleks og usikker, og den f\u00f8lelse kommer overhovedet ikke til at forsvinde. Derfor har vi s\u00e5 meget brug for nogle f\u00e6llesskaber, vi kan finde mening og identitet i,\u00ab mener Kristian Lauta.","name":"ny11","status":"inherit","uploaded_to":135564,"date":"2022-06-14 13:17:48","modified":"2022-06-15 09:02:41","menu_order":0,"mime_type":"image\/jpeg","type":"image","subtype":"jpeg","icon":"https:\/\/uniavisen.dk\/wp-includes\/images\/media\/default.png","width":1773,"height":1182,"sizes":{"thumbnail":"https:\/\/uniavisen.dk\/wp-content\/uploads\/2022\/06\/ny11-150x150.jpg","thumbnail-width":150,"thumbnail-height":150,"medium":"https:\/\/uniavisen.dk\/wp-content\/uploads\/2022\/06\/ny11-480x320.jpg","medium-width":480,"medium-height":320,"medium_large":"https:\/\/uniavisen.dk\/wp-content\/uploads\/2022\/06\/ny11-768x512.jpg","medium_large-width":768,"medium_large-height":512,"large":"https:\/\/uniavisen.dk\/wp-content\/uploads\/2022\/06\/ny11-1280x853.jpg","large-width":1280,"large-height":853,"1536x1536":"https:\/\/uniavisen.dk\/wp-content\/uploads\/2022\/06\/ny11-1536x1024.jpg","1536x1536-width":1536,"1536x1536-height":1024,"2048x2048":"https:\/\/uniavisen.dk\/wp-content\/uploads\/2022\/06\/ny11.jpg","2048x2048-width":1773,"2048x2048-height":1182,"featured-soft":"https:\/\/uniavisen.dk\/wp-content\/uploads\/2022\/06\/ny11-290x193.jpg","featured-soft-width":290,"featured-soft-height":193,"featured-hard":"https:\/\/uniavisen.dk\/wp-content\/uploads\/2022\/06\/ny11-290x180.jpg","featured-hard-width":290,"featured-hard-height":180,"narrow":"https:\/\/uniavisen.dk\/wp-content\/uploads\/2022\/06\/ny11-700x467.jpg","narrow-width":700,"narrow-height":467,"extended":"https:\/\/uniavisen.dk\/wp-content\/uploads\/2022\/06\/ny11-990x660.jpg","extended-width":990,"extended-height":660}},"style":"extended","text_placement":"metadata-below","image_link_url":"","image_link_title":"","caption_prefix":"","enable_alternative_caption":true,"alternative_caption":"\u00bbThe world feels gigantic, complex, and uncertain for many people, and this feeling will not disappear. That's why we need some communities within which we can find meaning and identity,\u00ab Kristian Lauta believes.\u00a0"},{"acf_fc_layout":"Content","content":"<h3>Disaster communities<\/h3>\n<p>The community is not just a goal in itself, emphasises Kristian Lauta. It is also a means to tackle many of the challenges that UCPH faces. This applies, for example, to well-being, which he would like to see improved among students.<\/p>\n<p>\u00bbWhat is it that gets you to show up on a rainy Monday?\u00ab Kristian Lauta asks rhetorically.<\/p>\n<p>\u00bbYou go to war for the nation, but you die for your comrades in arms. These are specific communities that get people to thrive in their daily lives. You start university, of course, to make something of yourself and learn something. But when it gets difficult, and learning is about friction \u2013 then you need someone to support you in the same situation. It is a question of community.\u00ab<\/p>\n<blockquote><p>All the disaster research that has been done demonstrates how people want to help each other, first and foremost.<\/p>\n<p class=\"quotee\">Kristian Lauta<\/p>\n<p>&nbsp;<\/p><\/blockquote>\n<p>In fact, it has never been more important for students to have a sense of community at the university, he says.<\/p>\n<p>\u00bbIt is not just about the university. The world feels gigantic, complex, and uncertain for many people, and this feeling will not disappear. That&#8217;s why we need some communities within which we can find meaning and identity\u00ab.<\/p>\n<p>When the law professor holds forth on phrases like identity and communities, it is partly due to his long-standing research into people&#8217;s specific behaviour during disasters. Catastrophes reveal new aspects of societies, he says. And one of the aspects revealed by disasters like, for example, the coronavirus crisis is that we, as people, strive for a sense of community.<\/p>\n<p>\u00bbWhen there are disasters, some people think that everyone will start fighting for themselves. But all disaster research demonstrates that people first and foremost want to help each other. You can see that neighbours help each other, and that a particular type of solidarity arises, where people are energized by doing things for each other. We have seen this with corona, but also right now with Ukraine. And this is the potential I want to have for UCPH.\u00ab<\/p>\n"},{"acf_fc_layout":"Image","image":{"ID":135611,"id":135611,"title":"ny22","filename":"ny22.jpg","filesize":468654,"url":"https:\/\/uniavisen.dk\/wp-content\/uploads\/2022\/06\/ny22.jpg","link":"https:\/\/uniavisen.dk\/en\/ny-prorektors-maal-er-flere-ku-t-shirts-jeg-forstaar-godt-at-folk-undrer-sig\/ny22\/","alt":"","author":"87","description":"","caption":"","name":"ny22","status":"inherit","uploaded_to":135564,"date":"2022-06-14 13:17:49","modified":"2022-11-21 08:54:53","menu_order":0,"mime_type":"image\/jpeg","type":"image","subtype":"jpeg","icon":"https:\/\/uniavisen.dk\/wp-includes\/images\/media\/default.png","width":1773,"height":1182,"sizes":{"thumbnail":"https:\/\/uniavisen.dk\/wp-content\/uploads\/2022\/06\/ny22-150x150.jpg","thumbnail-width":150,"thumbnail-height":150,"medium":"https:\/\/uniavisen.dk\/wp-content\/uploads\/2022\/06\/ny22-480x320.jpg","medium-width":480,"medium-height":320,"medium_large":"https:\/\/uniavisen.dk\/wp-content\/uploads\/2022\/06\/ny22-768x512.jpg","medium_large-width":768,"medium_large-height":512,"large":"https:\/\/uniavisen.dk\/wp-content\/uploads\/2022\/06\/ny22-1280x853.jpg","large-width":1280,"large-height":853,"1536x1536":"https:\/\/uniavisen.dk\/wp-content\/uploads\/2022\/06\/ny22-1536x1024.jpg","1536x1536-width":1536,"1536x1536-height":1024,"2048x2048":"https:\/\/uniavisen.dk\/wp-content\/uploads\/2022\/06\/ny22.jpg","2048x2048-width":1773,"2048x2048-height":1182,"featured-soft":"https:\/\/uniavisen.dk\/wp-content\/uploads\/2022\/06\/ny22-290x193.jpg","featured-soft-width":290,"featured-soft-height":193,"featured-hard":"https:\/\/uniavisen.dk\/wp-content\/uploads\/2022\/06\/ny22-290x180.jpg","featured-hard-width":290,"featured-hard-height":180,"narrow":"https:\/\/uniavisen.dk\/wp-content\/uploads\/2022\/06\/ny22-700x467.jpg","narrow-width":700,"narrow-height":467,"extended":"https:\/\/uniavisen.dk\/wp-content\/uploads\/2022\/06\/ny22-990x660.jpg","extended-width":990,"extended-height":660}},"style":"extended","text_placement":"metadata-below","image_link_url":"","image_link_title":"","caption_prefix":"","enable_alternative_caption":true,"alternative_caption":"Lauta is vague about the specific details of this identity. For good reason, he thinks: \u00bbI'm not going to be a prorector that sits here saying, 'listen up, friends, this is how we'll run this place'. One part of the formation of identity is precisely that decisions are from the bottom up.\u00ab"},{"acf_fc_layout":"Content","content":"<h3>The other side of the road<\/h3>\n<p>Another challenge that the community is to help solve, according to Kristian Lauta, is that there is not enough interdisciplinarity at the university.<\/p>\n<p>\u00bbMost people start today on five-year degree programmes and stay on this track with no diversions. But we need to be better at course trajectories where you can be at different faculties. And if the community is there, I also think it will be easier for a law student to move over to the other side of the street where the humanities are,\u00ab he says.<\/p>\n<p>For Kristian Lauta, the community is not just about the fact that the university needs to be better connected to itself. He also points out that part of the project is connecting to the outside world through our alumni, which we \u00bbhave not used enough\u00ab.<\/p>\n<p>He sees this happening by inviting more alumni to the university to talk about their practical experience and the challenges that students can help solve. This can be done through master\u2019s thesis collaborations.<\/p>\n<blockquote><p>And if the community is there, I also think it will be easier for a law student to move over to the other side of the street where the humanities are.<\/p>\n<p class=\"quotee\">Kristian Lauta<\/p>\n<p>&nbsp;<\/p><\/blockquote>\n<p>\u00bbThese master\u2019s theses are a giga-production of knowledge from talented people. And the vast majority of them end up in a drawer somewhere, and this is a huge loss. If we can get students to do collaborations with alumni and businesses that actually solve things in the real world, then this is good. Also because it builds a bridge to the world of work after university.\u00ab<\/p>\n<p>It can sound abstract and distant with talk of values, community and identity. And when you ask the new prorector what the values are that we are talking about, and how the community should emerge in practice, he is reticent in his responses. For good reason, he believes.<\/p>\n<p>\u00bbI&#8217;m not going to be a prorector that sits here saying, &#8216;listen up, friends, this is how we&#8217;ll run this place&#8217;. One part of the formation of identity is precisely that decisions are from the bottom up. If we are to succeed in creating a sense that the university is a place we own together, then it is important that there is a certain leeway across the university for things to look different.\u00ab<\/p>\n<p><em>Can one part of the explanation that people do not identify with UCPH as a joint community be, that UCPH has been criticised as being managed top-down?<\/em><\/p>\n<p>\u00bbI don\u2019t think so. I&#8217;m aware that it might seem to be the case. But I don&#8217;t remember the identity as being that much stronger before 2003 [where a new Danish university act abolished self-governing universities and introduced boards with a majority of external members, ed.]. It is not a given that a different management system will ensure the emergence of this identity. And I will say that, in the field of education, where I am to be manager, virtually all the power is placed locally in the different boards of studies. I want to work to ensure that they become as strong as possible, so they can assume responsibility.\u00ab<\/p>\n<p><em>If it is so crucial for the community that things are created bottom up, does this not then mean, like many people think, that top-down management is opposed to this goal?<\/em><\/p>\n<p>\u00bbThis seems overstated. I can speak for my own area. I believe that you can have quality education by taking ownership. And I don&#8217;t think there&#8217;s a contradiction between this, and the fact that we also have to make some joint decisions that can be difficult.\u00ab<\/p>\n"},{"acf_fc_layout":"ArticleEnd"},{"acf_fc_layout":"Newsletter","lang_select":"en","identifier":"Newsletter","headline":"Get an email with our top stories","button_text":"Sign up here","class":""},{"acf_fc_layout":"OtherStories","headline":"","hand_picked_posts":false,"references":false,"category":false,"theme":false,"number_of_posts":"4","style":"default"}]},"taxonomyData":{"category":[{"term_id":3160,"name":"People","slug":"people","term_group":0,"term_taxonomy_id":3160,"taxonomy":"category","description":"","parent":0,"count":58,"filter":"raw"}],"post_tag":[{"term_id":5565,"name":"kristian lauta","slug":"kristian-lauta-en","term_group":0,"term_taxonomy_id":5565,"taxonomy":"post_tag","description":"","parent":0,"count":1,"filter":"raw"},{"term_id":681,"name":"Prorector","slug":"prorector","term_group":0,"term_taxonomy_id":681,"taxonomy":"post_tag","description":"","parent":0,"count":7,"filter":"raw"},{"term_id":5566,"name":"t-shirt","slug":"t-shirt-en","term_group":0,"term_taxonomy_id":5566,"taxonomy":"post_tag","description":"","parent":0,"count":1,"filter":"raw"}],"post_format":[],"expression":[{"term_id":14,"name":"Portrait Article","slug":"portrait_article","term_group":0,"term_taxonomy_id":14,"taxonomy":"expression","description":"","parent":0,"count":802,"filter":"raw"}],"translation_priority":[{"term_id":5468,"name":"Optional","slug":"optional-en","term_group":0,"term_taxonomy_id":5468,"taxonomy":"translation_priority","description":"","parent":0,"count":674,"filter":"raw"}]},"featured_media_url":"https:\/\/uniavisen.dk\/wp-content\/uploads\/2022\/06\/dsc_6319xxcrop-1280x989.jpg","_links":{"self":[{"href":"https:\/\/uniavisen.dk\/en\/wp-json\/wp\/v2\/posts\/135829","targetHints":{"allow":["GET"]}}],"collection":[{"href":"https:\/\/uniavisen.dk\/en\/wp-json\/wp\/v2\/posts"}],"about":[{"href":"https:\/\/uniavisen.dk\/en\/wp-json\/wp\/v2\/types\/post"}],"author":[{"embeddable":true,"href":"https:\/\/uniavisen.dk\/en\/wp-json\/wp\/v2\/users\/87"}],"replies":[{"embeddable":true,"href":"https:\/\/uniavisen.dk\/en\/wp-json\/wp\/v2\/comments?post=135829"}],"version-history":[{"count":5,"href":"https:\/\/uniavisen.dk\/en\/wp-json\/wp\/v2\/posts\/135829\/revisions"}],"predecessor-version":[{"id":135846,"href":"https:\/\/uniavisen.dk\/en\/wp-json\/wp\/v2\/posts\/135829\/revisions\/135846"}],"wp:featuredmedia":[{"embeddable":true,"href":"https:\/\/uniavisen.dk\/en\/wp-json\/wp\/v2\/media\/135643"}],"wp:attachment":[{"href":"https:\/\/uniavisen.dk\/en\/wp-json\/wp\/v2\/media?parent=135829"}],"wp:term":[{"taxonomy":"category","embeddable":true,"href":"https:\/\/uniavisen.dk\/en\/wp-json\/wp\/v2\/categories?post=135829"},{"taxonomy":"post_tag","embeddable":true,"href":"https:\/\/uniavisen.dk\/en\/wp-json\/wp\/v2\/tags?post=135829"}],"curies":[{"name":"wp","href":"https:\/\/api.w.org\/{rel}","templated":true}]}}