
{"id":151920,"date":"2023-06-01T07:39:45","date_gmt":"2023-06-01T05:39:45","guid":{"rendered":"https:\/\/uniavisen.dk\/paa-papiret-ser-det-okay-ud-for-danmarks-akademiske-frihed-men-global-opgoerelse-fejler\/"},"modified":"2023-06-09T11:51:38","modified_gmt":"2023-06-09T09:51:38","slug":"danish-academic-freedom-looks-ok-on-a-global-ranking-but-it-is-mistaken","status":"publish","type":"post","link":"https:\/\/uniavisen.dk\/en\/danish-academic-freedom-looks-ok-on-a-global-ranking-but-it-is-mistaken\/","title":{"rendered":"Danish academic freedom looks \u2018OK\u2019 on a global ranking. But it is mistaken"},"content":{"rendered":"<p>Denmark is ranked 32nd out of 179 countries in terms of academic freedom, according to a just released<a href=\"https:\/\/academic-freedom-index.net\/\"> index<\/a>, which also shows that academic freedom has been declining in Denmark in recent years.<\/p>\n<p>But Denmark, in fact, should have a lower ranking on the index.<\/p>\n<p>This is according to Asger S\u00f8rensen, who is an associate professor in the field of the philosophy of education at Aarhus University. He does research on academic freedom and the idea of the university.<\/p>\n<p>\u00bbThe study gives a favourable placing to Denmark together with countries that actually have a much higher degree of academic freedom.\u00ab<\/p>\n<p>He calls it a \u00bbpoor study\u00ab, because if you look deeper into the criteria that the index is measuring, the result is \u00bbstrongly misleading.\u00ab<\/p>\n<p>\u00bbThe index gives a false impression, because it does not take into account the increased micromanagement of universities in Denmark, or to what degree there is freedom of teaching. This lets something that is currently deeply problematic in Denmark off the hook.\u00ab<\/p>\n<p>And it may have consequences, according to Asger S\u00f8rensen.<\/p>\n<p>\u00bbIf, say, a ministry, or politicians, used the study as evidence that everything is just fine in Denmark, it would have a detrimental effect on researchers&#8217; academic freedom,\u00ab he says.<br \/>\n<!-- end of module 1 --><\/p>\n<h3>Political interference, and a lack of teaching freedom<\/h3>\n<p>The index is based on data from the V-Dem Institute (Varieties of Democracy), an independent research institution that studies democracies, and their administration. It uses a wide range of democracy indicators that challenge, for example, university rankings, and that promote academic freedom.<\/p>\n<div class=\"factbox\">\n<p class=\"factbox-header feature-color\">ACADEMIC FREEDOM INDEX<\/p>\n<p>Academic Freedom Index (AFI) ranks the degree of academic freedom globally on the basis of five criteria: Freedom to research and teach, freedom of academic exchange and dissemination, institutional autonomy, campus integrity, and freedom of academic and cultural expression.<\/p>\n<p>The index is partly based on data from Varieties of Democracy (V-Dem), which is a global dataset with a wide range of democratic indicators. The factors have been assessed by more than 2,000 experts.<\/p>\n<p>&nbsp;<\/p>\n<\/div>\n<p>This applies, for example, to institutional autonomy.<\/p>\n<p>And Asger S\u00f8rensen points to the fact that institutional autonomy actually increased in Denmark when the University Act was amended in 2003. Universities were here given greater degrees of freedom than they had before, and became self-governing institutions under the leadership of a board.<\/p>\n<p>But this cannot be seen in the index. Quite the contrary, it appears that autonomy dropped slightly when the law was introduced.<\/p>\n<p>This surprises Asger S\u00f8rensen, who reckons that this is an example of how the study fails.<\/p>\n<p>\u00bbIt should also show a decline in academic freedom when political micromanagement takes place. Over the past decade, politicians and ministries have managed universities via, for example, the study progress reform, the dimensioning [cuts, ed.] and forced relocation of study programmes. This is not reflected in the index.\u00ab<\/p>\n<p>Associate professor in the philosophy of law Jakob v. H. Holtermann is an advocate of academic freedom. He also thinks that there is good reason to be \u00bbsceptical about the kind of image that the study presents.\u00ab<\/p>\n<p>The ranking does take the freedom to conduct research and teach into account. But according to the two associate professors, it does not take into account what freedom of research and freedom of teaching actually mean within the Danish university environment, as the calculation subsumes the two different categories of freedom into one.<\/p>\n<p>\u00bbDenmark is one of the countries in Europe where it is easiest to dismiss scientists from permanent positions. And if you do not have security of employment, you have a hard time being able to do research and teach freely,\u00ab says Asger S\u00f8rensen.<\/p>\n<p>He explains that in Denmark, unlike countries like Norway and Sweden, you do not have tenure or security of employment when you as an employee at university reach a certain level in the academic hierarchy.<\/p>\n<p>A new study by the Danish Council for Research and Innovation Policy (DFiR) has just concluded that<br \/>\nthe freedom of research at Danish universities is under pressure. The study assessed Denmark&#8217;s universities in connection with the 2003 Danish University Act&#8217;s 20-year anniversary.<\/p>\n<p>The panel that conducted this study did not explicitly take the freedom of teaching into account, however.<\/p>\n<p>Jakob v. H. Holtermann has previously <a href=\"https:\/\/uniavisen.dk\/en\/philosopher-of-law-this-is-why-universities-need-the-chicago-principles\/\">advocated for the protection of academics&#8217; freedoms in the University Pos<\/a>t, with written guidelines or principles.<\/p>\n<p>\u00bbThe trend in recent years has been a focus on the freedom of teaching as a separate part of academic freedom \u2013 in particular in connection with the general commercialisation of the universities and the associated &#8216;customer&#8217; orientation towards students and the discussions about offending students during teaching. But these potential trends cannot be read out of the survey when you lump freedom of research and freedom of teaching together,\u00ab says Jakob v. H. Holtermann.<\/p>\n<h3>Should be in the constitution<\/h3>\n<p>The Academic Freedom Index illustrates that some of the countries with which Denmark normally compares itself, like Finland and Sweden, place themselves at the very top.<\/p>\n<p>According to Asger S\u00f8rensen this is because Finland has &#8216;academic freedom&#8217; enshrined in the country&#8217;s constitution.<\/p>\n<p>\u00bbFinland has taken the threat from totalitarianism seriously. For this reason, Finland is one of the best examples of a country that recognizes that it may be necessary to have support in the legal system, and a culture that supports freedom of speech, in order to ensure the greatest possible academic freedom,\u00ab says Asger S\u00f8rensen.<\/p>\n<p>Both associate professors believe that it is high time to introduce explicit legal protections of the freedom of teaching, and for academic freedom in general in Denmark.<\/p>\n<p>\u00bbThe University Act only protects freedom of research at present. And some have argued that freedom of teaching and other academic freedoms do not need legal protection, but should be taken care of <a href=\"https:\/\/uniavisen.dk\/universiteterne-boer-formulere-deres-egne-principper-for-den-fri-debat-ikke-politikerne\/\">locally<\/a> [by the institutions themselves, ed.]. But it is quite difficult to see the logic behind this kind of limitation,\u00ab says Jakob v. H. Holtermann.<\/p>\n<p>Danish primary and lower secondary schools recently decided to carry out a large-scale study of phenomena like fear and self-censorship among teachers, but also students.<\/p>\n<p>Jakob v. H. Holtermann is now calling for a similar study into fear and self-censorship in teaching at Danish universities.<br \/>\n<!-- end of module 2 --><\/p>\n","protected":false},"excerpt":{"rendered":"<p>Denmark is ranked high in an international study of academic freedom. But two researchers are sceptical about the criteria that the study is based on. And they recommend that academic freedom is enshrined in the Danish constitution.<\/p>\n","protected":false},"author":101,"featured_media":151748,"comment_status":"closed","ping_status":"closed","sticky":false,"template":"","format":"standard","meta":{"_acf_changed":false,"om_disable_all_campaigns":false,"_monsterinsights_skip_tracking":false,"_monsterinsights_sitenote_active":false,"_monsterinsights_sitenote_note":"","_monsterinsights_sitenote_category":0,"_uf_show_specific_survey":0,"_uf_disable_surveys":false,"footnotes":""},"categories":[48],"tags":[6272,5480,904,6271],"class_list":["post-151920","post","type-post","status-publish","format-standard","has-post-thumbnail","hentry","category-politics","tag-academic-freedom","tag-akademisk-frihed-en","tag-freedom-of-research","tag-undervisningsfrihed-en","expression-news_article"],"acf":[],"aioseo_notices":[],"yoast_head":"<!-- This site is optimized with the Yoast SEO plugin v27.4 - https:\/\/yoast.com\/product\/yoast-seo-wordpress\/ -->\n<title>Danish academic freedom looks \u2018OK\u2019 on a global ranking. But it is mistaken \u2014 University Post<\/title>\n<meta name=\"description\" content=\"Denmark is ranked high in an international study of academic freedom. But two researchers are sceptical about the criteria that the study is based on. And they recommend that academic freedom is enshrined in the Danish constitution.\" \/>\n<meta name=\"robots\" content=\"index, follow, max-snippet:-1, max-image-preview:large, max-video-preview:-1\" \/>\n<link rel=\"canonical\" href=\"https:\/\/uniavisen.dk\/en\/danish-academic-freedom-looks-ok-on-a-global-ranking-but-it-is-mistaken\/\" \/>\n<meta property=\"og:locale\" content=\"en_US\" \/>\n<meta property=\"og:type\" content=\"article\" \/>\n<meta property=\"og:title\" content=\"Danish academic freedom looks \u2018OK\u2019 on a global ranking. But it is mistaken \u2014 University Post\" \/>\n<meta property=\"og:description\" content=\"Denmark is ranked high in an international study of academic freedom. But two researchers are sceptical about the criteria that the study is based on. And they recommend that academic freedom is enshrined in the Danish constitution.\" \/>\n<meta property=\"og:url\" content=\"https:\/\/uniavisen.dk\/en\/danish-academic-freedom-looks-ok-on-a-global-ranking-but-it-is-mistaken\/\" \/>\n<meta property=\"og:site_name\" content=\"University Post\" \/>\n<meta property=\"article:publisher\" content=\"https:\/\/www.facebook.com\/uniavis\" \/>\n<meta property=\"article:published_time\" content=\"2023-06-01T05:39:45+00:00\" \/>\n<meta property=\"article:modified_time\" content=\"2023-06-09T09:51:38+00:00\" \/>\n<meta property=\"og:image\" content=\"http:\/\/uniavisen.dk\/wp-content\/uploads\/2023\/05\/skaermbillede20230525kl.15.37.30.png\" \/>\n\t<meta property=\"og:image:width\" content=\"563\" \/>\n\t<meta property=\"og:image:height\" content=\"339\" \/>\n\t<meta property=\"og:image:type\" content=\"image\/png\" \/>\n<meta name=\"author\" content=\"Mette Grube Condrup\" \/>\n<meta name=\"twitter:card\" content=\"summary_large_image\" \/>\n<meta name=\"twitter:image\" content=\"https:\/\/uniavisen.dk\/wp-content\/uploads\/2023\/05\/skaermbillede20230525kl.15.37.30.png\" \/>\n<meta name=\"twitter:creator\" content=\"@Uniavisen\" \/>\n<meta name=\"twitter:site\" content=\"@Uniavisen\" \/>\n<meta name=\"twitter:label1\" content=\"Written by\" \/>\n\t<meta name=\"twitter:data1\" content=\"Mette Grube Condrup\" \/>\n\t<meta name=\"twitter:label2\" content=\"Est. reading time\" \/>\n\t<meta name=\"twitter:data2\" content=\"5 minutes\" \/>\n<script type=\"application\/ld+json\" class=\"yoast-schema-graph\">{\"@context\":\"https:\\\/\\\/schema.org\",\"@graph\":[{\"@type\":\"Article\",\"@id\":\"https:\\\/\\\/uniavisen.dk\\\/en\\\/danish-academic-freedom-looks-ok-on-a-global-ranking-but-it-is-mistaken\\\/#article\",\"isPartOf\":{\"@id\":\"https:\\\/\\\/uniavisen.dk\\\/en\\\/danish-academic-freedom-looks-ok-on-a-global-ranking-but-it-is-mistaken\\\/\"},\"author\":{\"name\":\"Mette Grube Condrup\",\"@id\":\"https:\\\/\\\/uniavisen.dk\\\/#\\\/schema\\\/person\\\/e288817c99df14d0f0e3b09d01ae9bfb\"},\"headline\":\"Danish academic freedom looks \u2018OK\u2019 on a global ranking. But it is mistaken\",\"datePublished\":\"2023-06-01T05:39:45+00:00\",\"dateModified\":\"2023-06-09T09:51:38+00:00\",\"mainEntityOfPage\":{\"@id\":\"https:\\\/\\\/uniavisen.dk\\\/en\\\/danish-academic-freedom-looks-ok-on-a-global-ranking-but-it-is-mistaken\\\/\"},\"wordCount\":1043,\"image\":{\"@id\":\"https:\\\/\\\/uniavisen.dk\\\/en\\\/danish-academic-freedom-looks-ok-on-a-global-ranking-but-it-is-mistaken\\\/#primaryimage\"},\"thumbnailUrl\":\"https:\\\/\\\/uniavisen.dk\\\/wp-content\\\/uploads\\\/2023\\\/05\\\/skaermbillede20230525kl.15.37.30.png\",\"keywords\":[\"academic freedom\",\"akademisk frihed\",\"Freedom of research\",\"undervisningsfrihed\"],\"articleSection\":[\"Politics\"],\"inLanguage\":\"en-US\"},{\"@type\":\"WebPage\",\"@id\":\"https:\\\/\\\/uniavisen.dk\\\/en\\\/danish-academic-freedom-looks-ok-on-a-global-ranking-but-it-is-mistaken\\\/\",\"url\":\"https:\\\/\\\/uniavisen.dk\\\/en\\\/danish-academic-freedom-looks-ok-on-a-global-ranking-but-it-is-mistaken\\\/\",\"name\":\"Danish academic freedom looks \u2018OK\u2019 on a global ranking. But it is mistaken \u2014 University Post\",\"isPartOf\":{\"@id\":\"https:\\\/\\\/uniavisen.dk\\\/#website\"},\"primaryImageOfPage\":{\"@id\":\"https:\\\/\\\/uniavisen.dk\\\/en\\\/danish-academic-freedom-looks-ok-on-a-global-ranking-but-it-is-mistaken\\\/#primaryimage\"},\"image\":{\"@id\":\"https:\\\/\\\/uniavisen.dk\\\/en\\\/danish-academic-freedom-looks-ok-on-a-global-ranking-but-it-is-mistaken\\\/#primaryimage\"},\"thumbnailUrl\":\"https:\\\/\\\/uniavisen.dk\\\/wp-content\\\/uploads\\\/2023\\\/05\\\/skaermbillede20230525kl.15.37.30.png\",\"datePublished\":\"2023-06-01T05:39:45+00:00\",\"dateModified\":\"2023-06-09T09:51:38+00:00\",\"author\":{\"@id\":\"https:\\\/\\\/uniavisen.dk\\\/#\\\/schema\\\/person\\\/e288817c99df14d0f0e3b09d01ae9bfb\"},\"description\":\"Denmark is ranked high in an international study of academic freedom. But two researchers are sceptical about the criteria that the study is based on. And they recommend that academic freedom is enshrined in the Danish constitution.\",\"breadcrumb\":{\"@id\":\"https:\\\/\\\/uniavisen.dk\\\/en\\\/danish-academic-freedom-looks-ok-on-a-global-ranking-but-it-is-mistaken\\\/#breadcrumb\"},\"inLanguage\":\"en-US\",\"potentialAction\":[{\"@type\":\"ReadAction\",\"target\":[\"https:\\\/\\\/uniavisen.dk\\\/en\\\/danish-academic-freedom-looks-ok-on-a-global-ranking-but-it-is-mistaken\\\/\"]}]},{\"@type\":\"ImageObject\",\"inLanguage\":\"en-US\",\"@id\":\"https:\\\/\\\/uniavisen.dk\\\/en\\\/danish-academic-freedom-looks-ok-on-a-global-ranking-but-it-is-mistaken\\\/#primaryimage\",\"url\":\"https:\\\/\\\/uniavisen.dk\\\/wp-content\\\/uploads\\\/2023\\\/05\\\/skaermbillede20230525kl.15.37.30.png\",\"contentUrl\":\"https:\\\/\\\/uniavisen.dk\\\/wp-content\\\/uploads\\\/2023\\\/05\\\/skaermbillede20230525kl.15.37.30.png\",\"width\":563,\"height\":339},{\"@type\":\"BreadcrumbList\",\"@id\":\"https:\\\/\\\/uniavisen.dk\\\/en\\\/danish-academic-freedom-looks-ok-on-a-global-ranking-but-it-is-mistaken\\\/#breadcrumb\",\"itemListElement\":[{\"@type\":\"ListItem\",\"position\":1,\"name\":\"Home\",\"item\":\"https:\\\/\\\/uniavisen.dk\\\/en\\\/\"},{\"@type\":\"ListItem\",\"position\":2,\"name\":\"Danish academic freedom looks \u2018OK\u2019 on a global ranking. But it is mistaken\"}]},{\"@type\":\"WebSite\",\"@id\":\"https:\\\/\\\/uniavisen.dk\\\/#website\",\"url\":\"https:\\\/\\\/uniavisen.dk\\\/\",\"name\":\"University Post\",\"description\":\"Independent of management\",\"potentialAction\":[{\"@type\":\"SearchAction\",\"target\":{\"@type\":\"EntryPoint\",\"urlTemplate\":\"https:\\\/\\\/uniavisen.dk\\\/?s={search_term_string}\"},\"query-input\":{\"@type\":\"PropertyValueSpecification\",\"valueRequired\":true,\"valueName\":\"search_term_string\"}}],\"inLanguage\":\"en-US\"},{\"@type\":\"Person\",\"@id\":\"https:\\\/\\\/uniavisen.dk\\\/#\\\/schema\\\/person\\\/e288817c99df14d0f0e3b09d01ae9bfb\",\"name\":\"Mette Grube Condrup\",\"image\":{\"@type\":\"ImageObject\",\"inLanguage\":\"en-US\",\"@id\":\"https:\\\/\\\/secure.gravatar.com\\\/avatar\\\/198c655c21d955351216b0da0d347f1780e929fb7d1ea39515878b44b6193faa?s=96&d=identicon&r=g\",\"url\":\"https:\\\/\\\/secure.gravatar.com\\\/avatar\\\/198c655c21d955351216b0da0d347f1780e929fb7d1ea39515878b44b6193faa?s=96&d=identicon&r=g\",\"contentUrl\":\"https:\\\/\\\/secure.gravatar.com\\\/avatar\\\/198c655c21d955351216b0da0d347f1780e929fb7d1ea39515878b44b6193faa?s=96&d=identicon&r=g\",\"caption\":\"Mette Grube Condrup\"},\"url\":\"https:\\\/\\\/uniavisen.dk\\\/en\\\/author\\\/mette_grube_condrup\\\/\"}]}<\/script>\n<!-- \/ Yoast SEO plugin. -->","yoast_head_json":{"title":"Danish academic freedom looks \u2018OK\u2019 on a global ranking. But it is mistaken \u2014 University Post","description":"Denmark is ranked high in an international study of academic freedom. But two researchers are sceptical about the criteria that the study is based on. And they recommend that academic freedom is enshrined in the Danish constitution.","robots":{"index":"index","follow":"follow","max-snippet":"max-snippet:-1","max-image-preview":"max-image-preview:large","max-video-preview":"max-video-preview:-1"},"canonical":"https:\/\/uniavisen.dk\/en\/danish-academic-freedom-looks-ok-on-a-global-ranking-but-it-is-mistaken\/","og_locale":"en_US","og_type":"article","og_title":"Danish academic freedom looks \u2018OK\u2019 on a global ranking. But it is mistaken \u2014 University Post","og_description":"Denmark is ranked high in an international study of academic freedom. But two researchers are sceptical about the criteria that the study is based on. And they recommend that academic freedom is enshrined in the Danish constitution.","og_url":"https:\/\/uniavisen.dk\/en\/danish-academic-freedom-looks-ok-on-a-global-ranking-but-it-is-mistaken\/","og_site_name":"University Post","article_publisher":"https:\/\/www.facebook.com\/uniavis","article_published_time":"2023-06-01T05:39:45+00:00","article_modified_time":"2023-06-09T09:51:38+00:00","og_image":[{"width":563,"height":339,"url":"http:\/\/uniavisen.dk\/wp-content\/uploads\/2023\/05\/skaermbillede20230525kl.15.37.30.png","type":"image\/png"}],"author":"Mette Grube Condrup","twitter_card":"summary_large_image","twitter_image":"https:\/\/uniavisen.dk\/wp-content\/uploads\/2023\/05\/skaermbillede20230525kl.15.37.30.png","twitter_creator":"@Uniavisen","twitter_site":"@Uniavisen","twitter_misc":{"Written by":"Mette Grube Condrup","Est. reading time":"5 minutes"},"schema":{"@context":"https:\/\/schema.org","@graph":[{"@type":"Article","@id":"https:\/\/uniavisen.dk\/en\/danish-academic-freedom-looks-ok-on-a-global-ranking-but-it-is-mistaken\/#article","isPartOf":{"@id":"https:\/\/uniavisen.dk\/en\/danish-academic-freedom-looks-ok-on-a-global-ranking-but-it-is-mistaken\/"},"author":{"name":"Mette Grube Condrup","@id":"https:\/\/uniavisen.dk\/#\/schema\/person\/e288817c99df14d0f0e3b09d01ae9bfb"},"headline":"Danish academic freedom looks \u2018OK\u2019 on a global ranking. But it is mistaken","datePublished":"2023-06-01T05:39:45+00:00","dateModified":"2023-06-09T09:51:38+00:00","mainEntityOfPage":{"@id":"https:\/\/uniavisen.dk\/en\/danish-academic-freedom-looks-ok-on-a-global-ranking-but-it-is-mistaken\/"},"wordCount":1043,"image":{"@id":"https:\/\/uniavisen.dk\/en\/danish-academic-freedom-looks-ok-on-a-global-ranking-but-it-is-mistaken\/#primaryimage"},"thumbnailUrl":"https:\/\/uniavisen.dk\/wp-content\/uploads\/2023\/05\/skaermbillede20230525kl.15.37.30.png","keywords":["academic freedom","akademisk frihed","Freedom of research","undervisningsfrihed"],"articleSection":["Politics"],"inLanguage":"en-US"},{"@type":"WebPage","@id":"https:\/\/uniavisen.dk\/en\/danish-academic-freedom-looks-ok-on-a-global-ranking-but-it-is-mistaken\/","url":"https:\/\/uniavisen.dk\/en\/danish-academic-freedom-looks-ok-on-a-global-ranking-but-it-is-mistaken\/","name":"Danish academic freedom looks \u2018OK\u2019 on a global ranking. But it is mistaken \u2014 University Post","isPartOf":{"@id":"https:\/\/uniavisen.dk\/#website"},"primaryImageOfPage":{"@id":"https:\/\/uniavisen.dk\/en\/danish-academic-freedom-looks-ok-on-a-global-ranking-but-it-is-mistaken\/#primaryimage"},"image":{"@id":"https:\/\/uniavisen.dk\/en\/danish-academic-freedom-looks-ok-on-a-global-ranking-but-it-is-mistaken\/#primaryimage"},"thumbnailUrl":"https:\/\/uniavisen.dk\/wp-content\/uploads\/2023\/05\/skaermbillede20230525kl.15.37.30.png","datePublished":"2023-06-01T05:39:45+00:00","dateModified":"2023-06-09T09:51:38+00:00","author":{"@id":"https:\/\/uniavisen.dk\/#\/schema\/person\/e288817c99df14d0f0e3b09d01ae9bfb"},"description":"Denmark is ranked high in an international study of academic freedom. But two researchers are sceptical about the criteria that the study is based on. And they recommend that academic freedom is enshrined in the Danish constitution.","breadcrumb":{"@id":"https:\/\/uniavisen.dk\/en\/danish-academic-freedom-looks-ok-on-a-global-ranking-but-it-is-mistaken\/#breadcrumb"},"inLanguage":"en-US","potentialAction":[{"@type":"ReadAction","target":["https:\/\/uniavisen.dk\/en\/danish-academic-freedom-looks-ok-on-a-global-ranking-but-it-is-mistaken\/"]}]},{"@type":"ImageObject","inLanguage":"en-US","@id":"https:\/\/uniavisen.dk\/en\/danish-academic-freedom-looks-ok-on-a-global-ranking-but-it-is-mistaken\/#primaryimage","url":"https:\/\/uniavisen.dk\/wp-content\/uploads\/2023\/05\/skaermbillede20230525kl.15.37.30.png","contentUrl":"https:\/\/uniavisen.dk\/wp-content\/uploads\/2023\/05\/skaermbillede20230525kl.15.37.30.png","width":563,"height":339},{"@type":"BreadcrumbList","@id":"https:\/\/uniavisen.dk\/en\/danish-academic-freedom-looks-ok-on-a-global-ranking-but-it-is-mistaken\/#breadcrumb","itemListElement":[{"@type":"ListItem","position":1,"name":"Home","item":"https:\/\/uniavisen.dk\/en\/"},{"@type":"ListItem","position":2,"name":"Danish academic freedom looks \u2018OK\u2019 on a global ranking. But it is mistaken"}]},{"@type":"WebSite","@id":"https:\/\/uniavisen.dk\/#website","url":"https:\/\/uniavisen.dk\/","name":"University Post","description":"Independent of management","potentialAction":[{"@type":"SearchAction","target":{"@type":"EntryPoint","urlTemplate":"https:\/\/uniavisen.dk\/?s={search_term_string}"},"query-input":{"@type":"PropertyValueSpecification","valueRequired":true,"valueName":"search_term_string"}}],"inLanguage":"en-US"},{"@type":"Person","@id":"https:\/\/uniavisen.dk\/#\/schema\/person\/e288817c99df14d0f0e3b09d01ae9bfb","name":"Mette Grube Condrup","image":{"@type":"ImageObject","inLanguage":"en-US","@id":"https:\/\/secure.gravatar.com\/avatar\/198c655c21d955351216b0da0d347f1780e929fb7d1ea39515878b44b6193faa?s=96&d=identicon&r=g","url":"https:\/\/secure.gravatar.com\/avatar\/198c655c21d955351216b0da0d347f1780e929fb7d1ea39515878b44b6193faa?s=96&d=identicon&r=g","contentUrl":"https:\/\/secure.gravatar.com\/avatar\/198c655c21d955351216b0da0d347f1780e929fb7d1ea39515878b44b6193faa?s=96&d=identicon&r=g","caption":"Mette Grube Condrup"},"url":"https:\/\/uniavisen.dk\/en\/author\/mette_grube_condrup\/"}]}},"advancedCustomFields":{"expression":{"term_id":15,"name":"News Article","slug":"news_article","term_group":0,"term_taxonomy_id":15,"taxonomy":"expression","description":"","parent":0,"count":11492,"filter":"raw"},"enable_comments":true,"align_content":"alignleft","feature_color":"","article_updated":"","layout_group":[{"acf_fc_layout":"Headline","use_post_title":true,"headline":"","style":"default","highlighted_words":"","text_size":"small"},{"acf_fc_layout":"Image","image":{"ID":79637,"id":79637,"title":"Retf\u00e6rdighed","filename":"retningslinje.jpg","filesize":29837,"url":"https:\/\/uniavisen.dk\/wp-content\/uploads\/2018\/12\/retningslinje.jpg","link":"https:\/\/uniavisen.dk\/en\/dansen-paa-aeggeskallerne-bred-enighed-om-at-aendre-kus-nultolerancepolitik\/statue-of-justice\/","alt":"","author":"5","description":"","caption":"KU\u2019s egen grundlov siger det h\u00f8jt og tydeligt: Personalepolitikken skal sikre ytrings- og forskningsfrihed p\u00e5 universitetet. Det understregede rektor Henrik C. Wegener flere gange og pegede p\u00e5 de ti personalepolitiske r\u00e5d, der ligger forud for og over enhver retningslinje.","name":"statue-of-justice","status":"inherit","uploaded_to":79617,"date":"2018-12-22 13:08:43","modified":"2018-12-22 13:09:32","menu_order":0,"mime_type":"image\/jpeg","type":"image","subtype":"jpeg","icon":"https:\/\/uniavisen.dk\/wp-includes\/images\/media\/default.png","width":724,"height":483,"sizes":{"thumbnail":"https:\/\/uniavisen.dk\/wp-content\/uploads\/2018\/12\/retningslinje-150x150.jpg","thumbnail-width":150,"thumbnail-height":150,"medium":"https:\/\/uniavisen.dk\/wp-content\/uploads\/2018\/12\/retningslinje-480x320.jpg","medium-width":480,"medium-height":320,"medium_large":"https:\/\/uniavisen.dk\/wp-content\/uploads\/2018\/12\/retningslinje.jpg","medium_large-width":724,"medium_large-height":483,"large":"https:\/\/uniavisen.dk\/wp-content\/uploads\/2018\/12\/retningslinje.jpg","large-width":724,"large-height":483,"1536x1536":"https:\/\/uniavisen.dk\/wp-content\/uploads\/2018\/12\/retningslinje.jpg","1536x1536-width":724,"1536x1536-height":483,"2048x2048":"https:\/\/uniavisen.dk\/wp-content\/uploads\/2018\/12\/retningslinje.jpg","2048x2048-width":724,"2048x2048-height":483,"featured-soft":"https:\/\/uniavisen.dk\/wp-content\/uploads\/2018\/12\/retningslinje-290x193.jpg","featured-soft-width":290,"featured-soft-height":193,"featured-hard":"https:\/\/uniavisen.dk\/wp-content\/uploads\/2018\/12\/retningslinje-290x180.jpg","featured-hard-width":290,"featured-hard-height":180,"narrow":"https:\/\/uniavisen.dk\/wp-content\/uploads\/2018\/12\/retningslinje-700x467.jpg","narrow-width":700,"narrow-height":467,"extended":"https:\/\/uniavisen.dk\/wp-content\/uploads\/2018\/12\/retningslinje.jpg","extended-width":724,"extended-height":483}},"style":"full","text_placement":"metadata-below","image_link_url":"","image_link_title":"","caption_prefix":"","enable_alternative_caption":true,"alternative_caption":"\u00bbIf, say, a ministry, or politicians, used the study as evidence that everything is just fine in Denmark, it would have a detrimental effect on researchers' academic freedom.\u00ab This is according to an Associate Professor in the Philosophy of Education Asger S\u00f8rensen, who is a sceptic when it comes to Denmark's rank on an international study of academic freedom."},{"acf_fc_layout":"Standfirst","subject":"Academic freedom","text":"Denmark is ranked high in an international study of academic freedom. But two researchers are sceptical about the criteria that the study is based on. And they recommend that academic freedom is enshrined in the Danish constitution.\r\n\r\n","use_post_excerpt":false},{"acf_fc_layout":"Byline","is_author":true,"contributors":false},{"acf_fc_layout":"Content","content":"<p>Denmark is ranked 32nd out of 179 countries in terms of academic freedom, according to a just released<a href=\"https:\/\/academic-freedom-index.net\/\"> index<\/a>, which also shows that academic freedom has been declining in Denmark in recent years.<\/p>\n<p>But Denmark, in fact, should have a lower ranking on the index.<\/p>\n<p>This is according to Asger S\u00f8rensen, who is an associate professor in the field of the philosophy of education at Aarhus University. He does research on academic freedom and the idea of the university.<\/p>\n<p>\u00bbThe study gives a favourable placing to Denmark together with countries that actually have a much higher degree of academic freedom.\u00ab<\/p>\n<p>He calls it a \u00bbpoor study\u00ab, because if you look deeper into the criteria that the index is measuring, the result is \u00bbstrongly misleading.\u00ab<\/p>\n<p>\u00bbThe index gives a false impression, because it does not take into account the increased micromanagement of universities in Denmark, or to what degree there is freedom of teaching. This lets something that is currently deeply problematic in Denmark off the hook.\u00ab<\/p>\n<p>And it may have consequences, according to Asger S\u00f8rensen.<\/p>\n<p>\u00bbIf, say, a ministry, or politicians, used the study as evidence that everything is just fine in Denmark, it would have a detrimental effect on researchers&#8217; academic freedom,\u00ab he says.<\/p>\n"},{"acf_fc_layout":"Content","content":"<h3>Political interference, and a lack of teaching freedom<\/h3>\n<p>The index is based on data from the V-Dem Institute (Varieties of Democracy), an independent research institution that studies democracies, and their administration. It uses a wide range of democracy indicators that challenge, for example, university rankings, and that promote academic freedom.<\/p>\n<div class=\"factbox\">\n<p class=\"factbox-header feature-color\">ACADEMIC FREEDOM INDEX<\/p>\n<p>Academic Freedom Index (AFI) ranks the degree of academic freedom globally on the basis of five criteria: Freedom to research and teach, freedom of academic exchange and dissemination, institutional autonomy, campus integrity, and freedom of academic and cultural expression.<\/p>\n<p>The index is partly based on data from Varieties of Democracy (V-Dem), which is a global dataset with a wide range of democratic indicators. The factors have been assessed by more than 2,000 experts.<\/p>\n<p>&nbsp;<\/p>\n<\/div>\n<p>This applies, for example, to institutional autonomy.<\/p>\n<p>And Asger S\u00f8rensen points to the fact that institutional autonomy actually increased in Denmark when the University Act was amended in 2003. Universities were here given greater degrees of freedom than they had before, and became self-governing institutions under the leadership of a board.<\/p>\n<p>But this cannot be seen in the index. Quite the contrary, it appears that autonomy dropped slightly when the law was introduced.<\/p>\n<p>This surprises Asger S\u00f8rensen, who reckons that this is an example of how the study fails.<\/p>\n<p>\u00bbIt should also show a decline in academic freedom when political micromanagement takes place. Over the past decade, politicians and ministries have managed universities via, for example, the study progress reform, the dimensioning [cuts, ed.] and forced relocation of study programmes. This is not reflected in the index.\u00ab<\/p>\n<p>Associate professor in the philosophy of law Jakob v. H. Holtermann is an advocate of academic freedom. He also thinks that there is good reason to be \u00bbsceptical about the kind of image that the study presents.\u00ab<\/p>\n<p>The ranking does take the freedom to conduct research and teach into account. But according to the two associate professors, it does not take into account what freedom of research and freedom of teaching actually mean within the Danish university environment, as the calculation subsumes the two different categories of freedom into one.<\/p>\n<p>\u00bbDenmark is one of the countries in Europe where it is easiest to dismiss scientists from permanent positions. And if you do not have security of employment, you have a hard time being able to do research and teach freely,\u00ab says Asger S\u00f8rensen.<\/p>\n<p>He explains that in Denmark, unlike countries like Norway and Sweden, you do not have tenure or security of employment when you as an employee at university reach a certain level in the academic hierarchy.<\/p>\n<p>A new study by the Danish Council for Research and Innovation Policy (DFiR) has just concluded that<br \/>\nthe freedom of research at Danish universities is under pressure. The study assessed Denmark&#8217;s universities in connection with the 2003 Danish University Act&#8217;s 20-year anniversary.<\/p>\n<p>The panel that conducted this study did not explicitly take the freedom of teaching into account, however.<\/p>\n<p>Jakob v. H. Holtermann has previously <a href=\"https:\/\/uniavisen.dk\/en\/philosopher-of-law-this-is-why-universities-need-the-chicago-principles\/\">advocated for the protection of academics&#8217; freedoms in the University Pos<\/a>t, with written guidelines or principles.<\/p>\n<p>\u00bbThe trend in recent years has been a focus on the freedom of teaching as a separate part of academic freedom \u2013 in particular in connection with the general commercialisation of the universities and the associated &#8216;customer&#8217; orientation towards students and the discussions about offending students during teaching. But these potential trends cannot be read out of the survey when you lump freedom of research and freedom of teaching together,\u00ab says Jakob v. H. Holtermann.<\/p>\n<h3>Should be in the constitution<\/h3>\n<p>The Academic Freedom Index illustrates that some of the countries with which Denmark normally compares itself, like Finland and Sweden, place themselves at the very top.<\/p>\n<p>According to Asger S\u00f8rensen this is because Finland has &#8216;academic freedom&#8217; enshrined in the country&#8217;s constitution.<\/p>\n<p>\u00bbFinland has taken the threat from totalitarianism seriously. For this reason, Finland is one of the best examples of a country that recognizes that it may be necessary to have support in the legal system, and a culture that supports freedom of speech, in order to ensure the greatest possible academic freedom,\u00ab says Asger S\u00f8rensen.<\/p>\n<p>Both associate professors believe that it is high time to introduce explicit legal protections of the freedom of teaching, and for academic freedom in general in Denmark.<\/p>\n<p>\u00bbThe University Act only protects freedom of research at present. And some have argued that freedom of teaching and other academic freedoms do not need legal protection, but should be taken care of <a href=\"https:\/\/uniavisen.dk\/universiteterne-boer-formulere-deres-egne-principper-for-den-fri-debat-ikke-politikerne\/\">locally<\/a> [by the institutions themselves, ed.]. But it is quite difficult to see the logic behind this kind of limitation,\u00ab says Jakob v. H. Holtermann.<\/p>\n<p>Danish primary and lower secondary schools recently decided to carry out a large-scale study of phenomena like fear and self-censorship among teachers, but also students.<\/p>\n<p>Jakob v. H. Holtermann is now calling for a similar study into fear and self-censorship in teaching at Danish universities.<\/p>\n"},{"acf_fc_layout":"ArticleEnd"},{"acf_fc_layout":"Newsletter","lang_select":"en","identifier":"Newsletter","headline":"Get an email with our top stories","button_text":"Sign up here","class":""},{"acf_fc_layout":"OtherStories","headline":"","hand_picked_posts":false,"references":false,"category":false,"theme":false,"number_of_posts":"4","style":"default"}]},"taxonomyData":{"category":[{"term_id":48,"name":"Politics","slug":"politics","term_group":0,"term_taxonomy_id":48,"taxonomy":"category","description":"","parent":0,"count":1036,"filter":"raw"}],"post_tag":[{"term_id":6272,"name":"academic freedom","slug":"academic-freedom","term_group":0,"term_taxonomy_id":6272,"taxonomy":"post_tag","description":"","parent":0,"count":1,"filter":"raw"},{"term_id":5480,"name":"akademisk frihed","slug":"akademisk-frihed-en","term_group":0,"term_taxonomy_id":5480,"taxonomy":"post_tag","description":"","parent":0,"count":2,"filter":"raw"},{"term_id":904,"name":"Freedom of research","slug":"freedom-of-research","term_group":0,"term_taxonomy_id":904,"taxonomy":"post_tag","description":"","parent":0,"count":6,"filter":"raw"},{"term_id":6271,"name":"undervisningsfrihed","slug":"undervisningsfrihed-en","term_group":0,"term_taxonomy_id":6271,"taxonomy":"post_tag","description":"","parent":0,"count":1,"filter":"raw"}],"post_format":[],"expression":[{"term_id":15,"name":"News Article","slug":"news_article","term_group":0,"term_taxonomy_id":15,"taxonomy":"expression","description":"","parent":0,"count":11492,"filter":"raw"}],"translation_priority":[{"term_id":5468,"name":"Optional","slug":"optional-en","term_group":0,"term_taxonomy_id":5468,"taxonomy":"translation_priority","description":"","parent":0,"count":674,"filter":"raw"}]},"featured_media_url":"https:\/\/uniavisen.dk\/wp-content\/uploads\/2023\/05\/skaermbillede20230525kl.15.37.30.png","_links":{"self":[{"href":"https:\/\/uniavisen.dk\/en\/wp-json\/wp\/v2\/posts\/151920","targetHints":{"allow":["GET"]}}],"collection":[{"href":"https:\/\/uniavisen.dk\/en\/wp-json\/wp\/v2\/posts"}],"about":[{"href":"https:\/\/uniavisen.dk\/en\/wp-json\/wp\/v2\/types\/post"}],"author":[{"embeddable":true,"href":"https:\/\/uniavisen.dk\/en\/wp-json\/wp\/v2\/users\/101"}],"replies":[{"embeddable":true,"href":"https:\/\/uniavisen.dk\/en\/wp-json\/wp\/v2\/comments?post=151920"}],"version-history":[{"count":5,"href":"https:\/\/uniavisen.dk\/en\/wp-json\/wp\/v2\/posts\/151920\/revisions"}],"predecessor-version":[{"id":152186,"href":"https:\/\/uniavisen.dk\/en\/wp-json\/wp\/v2\/posts\/151920\/revisions\/152186"}],"wp:featuredmedia":[{"embeddable":true,"href":"https:\/\/uniavisen.dk\/en\/wp-json\/wp\/v2\/media\/151748"}],"wp:attachment":[{"href":"https:\/\/uniavisen.dk\/en\/wp-json\/wp\/v2\/media?parent=151920"}],"wp:term":[{"taxonomy":"category","embeddable":true,"href":"https:\/\/uniavisen.dk\/en\/wp-json\/wp\/v2\/categories?post=151920"},{"taxonomy":"post_tag","embeddable":true,"href":"https:\/\/uniavisen.dk\/en\/wp-json\/wp\/v2\/tags?post=151920"}],"curies":[{"name":"wp","href":"https:\/\/api.w.org\/{rel}","templated":true}]}}