
{"id":153550,"date":"2023-08-11T05:40:41","date_gmt":"2023-08-11T03:40:41","guid":{"rendered":"https:\/\/uniavisen.dk\/mikkel-vedby-rasmussen-derfor-stopper-jeg-som-dekan\/"},"modified":"2023-08-14T08:36:01","modified_gmt":"2023-08-14T06:36:01","slug":"mikkel-vedby-rasmussen-this-is-why-im-stopping-as-dean","status":"publish","type":"post","link":"https:\/\/uniavisen.dk\/en\/mikkel-vedby-rasmussen-this-is-why-im-stopping-as-dean\/","title":{"rendered":"Mikkel Vedby Rasmussen: This is why I&#8217;m stopping as dean"},"content":{"rendered":"<p>\u00bbIt&#8217;s the most fun job I&#8217;ve ever had. And the most challenging\u00ab<\/p>\n<p>Mikkel Vedby Rasmussen recently announced that he will step down as Dean of the Faculty of Social Sciences in the spring of next year.<\/p>\n<p>He has now agreed to explain his decision and talk about his four, conflict-ridden, years as head of the faculty. Staff exodus. Student protest demonstrations with \u00bbGive Mikkel Vedby the sack\u00ab banners. Reports of a social science dean who had \u00bbcompletely nuts.\u00ab<\/p>\n<p>\u00bbGood you are here! I am just on the phone,\u00ab he texts when I arrive at CSS campus and try to find the Dean&#8217;s office among the old municipal hospital buildings.<\/p>\n<p>We meet under the clock where Mikkel Vedby Rasmussen has an office at the Centre for Military Studies.<\/p>\n<p><strong>READ ALSO:<\/strong> <em><a href=\"https:\/\/uniavisen.dk\/en\/mikkel-vedby-rasmussen-to-step-down-as-dean-of-the-faculty-of-social-sciences\/\">Mikkel Vedby Rasmussen to resign as Dean of the Faculty of Social Sciences<\/a><\/em><\/p>\n<p>The dean is wearing a light blue shirt and when we spot each other he lights up in a big smile. He is busy and has to silence a ringing phone several times during the half-hour of our conversation.<\/p>\n<p><em>Mikkel Vedby Rasmussen, you are withdrawing from your position instead of making use of your option for a three-year contract extension. Why?<\/em><\/p>\n<div class=\"factbox\">\n<p class=\"factbox-header feature-color\">About<\/p>\n<p>Mikkel Vedby Rasmussen<\/p>\n<p>MSc and PhD in political science from UCPH<\/p>\n<p>Professor at the Department of Political Science, UCPH<\/p>\n<p>Research in military strategy, security policy, and defence policy collaborations, UCPH<\/p>\n<p>Former head of the Danish Institute for Military Studies, later head of Centre for Military Studies, UCPH<\/p>\n<p>Former head of division at the Danish Ministry of Defence<\/p>\n<p>Former head of the Department of Political Science, UCPH.<\/p>\n<p>Dean of the Faculty of Social Sciences, UCPH for a five-year period from 1 May 2019.<\/p>\n<\/div>\n<p>\u00bbI do this because the rector and I fundamentally disagree on some of the challenges that the faculty faces over the coming years. We are relocating, we need to implement a huge study programme reform, and a reform of the administration,\u00ab says Mikkel Vedby Rasmussen and pauses.<\/p>\n<p>\u00bbThere are a lot of things where the rector and I don&#8217;t see things the same way. And when it is not possible to resolve this type of disagreement, the person who has the lowest rank must ultimately pack up his things and leave.\u00ab<\/p>\n<p><em>What is it actually that you disagree about, you and the rector?<\/em><\/p>\n<p>\u00bbI understand there is a need for me to explain why I am leaving. But I think there is a limit to how much I should go into detail about the disagreements between me and the rector. So I don&#8217;t want to comment on that further.\u00ab<\/p>\n<h3>\u00bbThis was, goddammit!, not a good decision\u00ab<\/h3>\n<p><em>What has been the best thing about your job as dean for the past four years?<\/em><\/p>\n<p>\u00bbOh there have been many good things.\u00ab<\/p>\n<p>The dean is quiet for a moment, looks out the window.<\/p>\n<p>\u00bbMany people think that the university is this old, conservative, institution that can&#8217;t really change. But as dean, I&#8217;ve learned that this is not true at all. Because we have succeeded in creating lots of change over the last four years,\u00ab he says.<\/p>\n<blockquote><p>There are a lot of things where the rector and I don&#8217;t see things the same way. And when it is not possible to resolve this type of disagreement, the person who has the lowest rank must ultimately pack up his things and leave.<\/p>\n<p class=\"quotee\">Mikkel Vedby Rasmussen, Dean of the Faculty of Social Sciences<\/p>\n<p>&nbsp;<\/p><\/blockquote>\n<p>\u00bbWe have looked at our research funding, for example. When I stepped in, many researchers could look forward to a drop in research funding, because a lot of it went to research on the green transition and that kind of stuff. But the department heads and I sat down and said &#8216;No goddammit!\u2019 We also need research funding. Since then, we have taken home an increase in research funding of 20 per cent. I\u2019m proud of that.\u00ab<\/p>\n<p>Mikkel Vedby Rasmussen&#8217;s time as head of the faculty has been characterised by disputes and a poor working environment. In a workplace assessment (WPA) in 2022,<a href=\"https:\/\/uniavisen.dk\/en\/ucph-social-sciences-41-per-cent-of-staff-do-not-have-confidence-in-their-dean\/\"> 41 per cent of the faculty&#8217;s employees replied that they had no confidence in the dean&#8217;s managemen<\/a>t.<\/p>\n<p>In the autumn of 2022, Mikkel Vedby Rasmussen chose to appoint himself as head of the Department at Anthropology setting off protests from both students and employees. An associate professor and chair of the study board at the Department of Anthropology wrote an opinion piece on the University Post with the headline \u2018<a href=\"https:\/\/uniavisen.dk\/en\/associate-professor-the-dean-of-social-science-has-gone-completely-nuts\/\">The Dean of Social Science has gone completely nuts<\/a>\u2019. He said that Mikkel Vedby Rasmussen&#8217;s decision to insert himself as the head of department was \u00bba clear statement of distrust in the department\u2019s management and academics\u00ab.<\/p>\n<p>When Mikkel Vedby Rasmussen in November 2022 showed up for the University of Copenhagen&#8217;s traditional annual celebration, he was met by a large group of students who demonstrated against his leadership. On their banners were slogans like \u00bbGive Mikkel Vedby the sack\u00ab, \u00bbBring back democracy,\u00ab and \u00bbStop Mikkel\u2019s tyranny, set CSS campus free.\u00ab<\/p>\n<p><strong>READ ALSO:<\/strong> <em><a href=\"https:\/\/uniavisen.dk\/en\/protests-at-university-of-copenhagen-ceremony-give-mikkel-vedby-the-sack\/\">Demonstration at annual commemoration ceremony: \u00bbGive Mikkel Vedby the sack!\u00ab<\/a><\/em><\/p>\n<p>In a comment on <em><a href=\"https:\/\/politiken.dk\/debat\/debatindlaeg\/art9121924\/Vores-universitet-er-ved-at-synke-i-kn%C3%A6\">Politiken (Danish, needs login<\/a><\/em>), students spoke about lecturers running around stressed, spooked out and whispering in corners for fear of their boss, and quitting the faculty.<\/p>\n<p><em>Do you regret anything?<\/em><\/p>\n<p>\u00bbYes, sure I do,\u00ab Mikkel Vedby Rasmussen laughs.<\/p>\n<p>\u00bbIf you could replay the movie from the beginning, I would probably rewrite a few of the lines in the manuscript. I have thought a lot about how I, for example, wanted to make for a more vibrant student democracy.\u00ab<\/p>\n<p><em>What about the time you appointed yourself as department head for Anthropology?<\/em><\/p>\n<p>Mikkel Vedby Rasmussen laughs again.<\/p>\n<p>\u00bbThis was, goddammit!, not a good decision.\u00ab<\/p>\n<p>He shakes his head.<\/p>\n<p>\u00bbThis is probably one of the worst decisions I&#8217;ve ever made, but it&#8217;s also one of the ones I&#8217;ve been most happy about. The result was that the academic staff at anthropology mobilized and set up a board where the employees and the department head could run the department. And they&#8217;ve done extremely well.\u00ab<\/p>\n<p><em>Your decision provoked the academic staff at Anthropology to find another solution?<\/em><\/p>\n<p>\u00bbNo, I wouldn\u2019t put it like that. I saw it more as if they really took on responsibility for their own department. It made me really proud of them.\u00ab<\/p>\n<h3>\u00bbThere are things you cannot take for granted\u00ab<\/h3>\n<p><em>What has been your experience of the working environment at the Faculty of Social Sciences during your time as dean?<\/em><\/p>\n<p>\u00bbI&#8217;ve been here for 20 years, but I&#8217;ve learned a lot about the faculty in the time I&#8217;ve been a manager. The place is characterised by the fact that we often get new professors in from the outside. This has required a particular working environment effort \u2013 especially after we had to acknowledge that we had a serious problem with our working conditions,\u00ab says Mikkel Vedby Rasmussen and adds:<\/p>\n<blockquote><p>I think it is for others to decide what type of manager I am. I&#8217;m focused on creating results. I&#8217;ve done that, and I&#8217;m actually quite proud of that.<\/p>\n<p class=\"quotee\">Mikkel Vedby Rasmussen, Dean of the Faculty of Social Sciences<\/p>\n<\/blockquote>\n<p>\u00bbIt has been tough, but it has been a good experience to see how we have improved the working environment.\u00ab<\/p>\n<p><em>Your experience is that you have improved the working environment?<\/em><\/p>\n<p>\u00bbI think so. We&#8217;re not finished, I&#8217;m very conscious of that. But I hope and believe that my successors will be able to look at a good Workplace Assessment report.\u00ab<\/p>\n<p><em>You did not comment much on the faculty&#8217;s incredibly poor Workplace Assessment from 2022. What\u2019s would you say about it now?<\/em><\/p>\n<p>\u00bbI actually think I did. But it&#8217;s never nice as a manager to get a workplace assessment that&#8217;s so poor. It really gave me something to reflect on. It is both enormously exciting, and tough at the same time, to be a manager when you are so much in play yourself. You need to work with yourself to be a manager, and I, as well as the rest of the management team, have done so. I found out, for example, that there are things you can&#8217;t take for granted.\u00ab<\/p>\n<p><em>What things?<\/em><\/p>\n<p>\u00bbHow, for example, you balance your criticism in an academic discussion without distressing people or giving them the feeling that their gender, position or something else is suddenly also at issue. I thought that the balance was in a slightly different place, but I got smarter. And earlier this year we got a green smiley from the Danish Working Environment Authority.\u00ab<\/p>\n<h3>Terrified lecturers<\/h3>\n<p><em>There has been fierce criticism of you personally as a manager. What has this been like from your perspective?<\/em><\/p>\n<p>\u00bbPeople can think whatever they want, and at a university we are not afraid of using disparaging language about each other. I can live with that.\u00ab<\/p>\n<p><em>Would you describe yourself as a good manager?<\/em><\/p>\n<p>\u00bbI think it is for others to decide what type of manager I am. I&#8217;m focused on creating results. I&#8217;ve done that, and I&#8217;m actually quite proud of that. But I have also worked a lot with values \u2013 including the working environment and study programme interactions. We&#8217;ve not reached the finish line, but I think we&#8217;ve come closer to being a faculty where people can actually be themselves.\u00ab<\/p>\n<p><em>In a featured comment in the Danish media Politiken, a group of students described your leadership style like this: \u00bbArrogance, insane decisions, miserable managing, and lecturers who are scared stiff of their boss.\u00ab How do these words affect you?<\/em><\/p>\n<p>\u00bbI actually had a good chat with some of the students who demonstrated against me at the time. But of course it&#8217;s not fun to show up at a party where students are singing songs that taunt you. One of the students said to me that I shouldn&#8217;t take it personally \u2013 and it&#8217;s a bit hard not to. But people can believe whatever they want. I will let the results I have achieved speak for themselves.\u00ab<\/p>\n<h3>The next chapter<\/h3>\n<p><em>What is the state of the faculty you are leaving?<\/em><\/p>\n<p>\u00bbThe Faculty of Social Sciences is a fantastic place. We have just got research evaluations back that show that we are one of Europe&#8217;s leading social science research institutions. And we educate students for key jobs in society, that really go out and make a difference. If there is one thing that concerns me, then it is that we as a university shut ourselves off [from the surrounding society, ed.],\u00ab says Mikkel Vedby Rasmussen.<\/p>\n<p>\u00bbIt is important that we continue to be a place that reflects and shapes the surrounding society.\u00ab<\/p>\n<blockquote><p>Of course, there will be a period where I just have to get used to not having an opinion on how we do things around here.<\/p>\n<p class=\"quotee\">Mikkel Vedby Rasmussen, Dean of the Faculty of Social Sciences<\/p>\n<\/blockquote>\n<p><em>What are you going to do now?<\/em><\/p>\n<p>\u00bbI am just going to do research, and I&#8217;m really looking forward to it. You can see the stash of books I&#8217;ve found today, and I will be reading them later on this month,\u00ab says the dean, gesturing towards a pile with titles like &#8216;<em>In the service of Denmark<\/em>&#8216; by [politician] Kristian Jensen, &#8216;<em>The Will to Lead<\/em>&#8216; by [former Danish Prime Minister] Anders Fogh Rasmussen, and &#8216;<em>Minister of Foreign Affairs<\/em>&#8216; by Jacob Kvist and Jon Bloch Skipper.<\/p>\n<p><em>Where will you be in two years time?<\/em><\/p>\n<p>\u00bbI&#8217;ve never been able to anticipate what I&#8217;m doing in two years time, so I don&#8217;t think I can do that now either.\u00ab<\/p>\n<p><em>What is it going to be like to do your daily work on CSS central campus as a professor and not a dean?<\/em><\/p>\n<p>\u00bbI don&#8217;t think it&#8217;s going to be that different. Of course, there will be a period where I just have to get used to not having an opinion on how we do things around here.<\/p>\n<p>\u00bbBut I promise my successors that I will not interfere.\u00ab<br \/>\n<!-- end of module 1 --><\/p>\n","protected":false},"excerpt":{"rendered":"<p>Disagreements with the rector Henrik C. Wegener have led to heated exchanges. And so I, with the lowest rank, must withdraw, says Mikkel Vedby Rasmussen. He steps down as head of the Faculty of Social Sciences in the spring of 2024.<\/p>\n","protected":false},"author":99,"featured_media":153551,"comment_status":"closed","ping_status":"closed","sticky":false,"template":"","format":"standard","meta":{"_acf_changed":false,"om_disable_all_campaigns":false,"_monsterinsights_skip_tracking":false,"_monsterinsights_sitenote_active":false,"_monsterinsights_sitenote_note":"","_monsterinsights_sitenote_category":0,"_uf_show_specific_survey":0,"_uf_disable_surveys":false,"footnotes":""},"categories":[3160],"tags":[5581],"class_list":["post-153550","post","type-post","status-publish","format-standard","has-post-thumbnail","hentry","category-people","tag-mikkel-vedby-rasmussen-en","expression-portrait_article"],"acf":[],"aioseo_notices":[],"yoast_head":"<!-- This site is optimized with the Yoast SEO plugin v27.5 - https:\/\/yoast.com\/product\/yoast-seo-wordpress\/ -->\n<title>Mikkel Vedby Rasmussen: This is why I&#039;m stopping as dean<\/title>\n<meta name=\"description\" content=\"Disagreements with the rector Henrik C. Wegener have led to heated exchanges. And so I, with the lowest rank, must withdraw, says Mikkel Vedby Rasmussen. He steps down as head of the Faculty of Social Sciences in the spring of 2024.\" \/>\n<meta name=\"robots\" content=\"index, follow, max-snippet:-1, max-image-preview:large, max-video-preview:-1\" \/>\n<link rel=\"canonical\" href=\"https:\/\/uniavisen.dk\/en\/mikkel-vedby-rasmussen-this-is-why-im-stopping-as-dean\/\" \/>\n<meta property=\"og:locale\" content=\"en_US\" \/>\n<meta property=\"og:type\" content=\"article\" \/>\n<meta property=\"og:title\" content=\"Mikkel Vedby Rasmussen: This is why I&#039;m stopping as dean\" \/>\n<meta property=\"og:description\" content=\"Disagreements with the rector Henrik C. Wegener have led to heated exchanges. And so I, with the lowest rank, must withdraw, says Mikkel Vedby Rasmussen. He steps down as head of the Faculty of Social Sciences in the spring of 2024.\" \/>\n<meta property=\"og:url\" content=\"https:\/\/uniavisen.dk\/en\/mikkel-vedby-rasmussen-this-is-why-im-stopping-as-dean\/\" \/>\n<meta property=\"og:site_name\" content=\"University Post\" \/>\n<meta property=\"article:publisher\" content=\"https:\/\/www.facebook.com\/uniavis\" \/>\n<meta property=\"article:published_time\" content=\"2023-08-11T03:40:41+00:00\" \/>\n<meta property=\"article:modified_time\" content=\"2023-08-14T06:36:01+00:00\" \/>\n<meta property=\"og:image\" content=\"http:\/\/uniavisen.dk\/wp-content\/uploads\/2019\/12\/designudennavn2.jpg\" \/>\n\t<meta property=\"og:image:width\" content=\"3000\" \/>\n\t<meta property=\"og:image:height\" content=\"2000\" \/>\n\t<meta property=\"og:image:type\" content=\"image\/jpeg\" \/>\n<meta name=\"author\" content=\"Camilla Skovgaard\" \/>\n<meta name=\"twitter:card\" content=\"summary_large_image\" \/>\n<meta name=\"twitter:image\" content=\"https:\/\/uniavisen.dk\/wp-content\/uploads\/2019\/12\/designudennavn2.jpg\" \/>\n<meta name=\"twitter:creator\" content=\"@Uniavisen\" \/>\n<meta name=\"twitter:site\" content=\"@Uniavisen\" \/>\n<meta name=\"twitter:label1\" content=\"Written by\" \/>\n\t<meta name=\"twitter:data1\" content=\"Camilla Skovgaard\" \/>\n\t<meta name=\"twitter:label2\" content=\"Est. reading time\" \/>\n\t<meta name=\"twitter:data2\" content=\"9 minutes\" \/>\n<script type=\"application\/ld+json\" class=\"yoast-schema-graph\">{\"@context\":\"https:\\\/\\\/schema.org\",\"@graph\":[{\"@type\":\"Article\",\"@id\":\"https:\\\/\\\/uniavisen.dk\\\/en\\\/mikkel-vedby-rasmussen-this-is-why-im-stopping-as-dean\\\/#article\",\"isPartOf\":{\"@id\":\"https:\\\/\\\/uniavisen.dk\\\/en\\\/mikkel-vedby-rasmussen-this-is-why-im-stopping-as-dean\\\/\"},\"author\":{\"name\":\"Camilla Skovgaard\",\"@id\":\"https:\\\/\\\/uniavisen.dk\\\/#\\\/schema\\\/person\\\/1e4195d7a29af9515c79f62e39cc8b9b\"},\"headline\":\"Mikkel Vedby Rasmussen: This is why I&#8217;m stopping as dean\",\"datePublished\":\"2023-08-11T03:40:41+00:00\",\"dateModified\":\"2023-08-14T06:36:01+00:00\",\"mainEntityOfPage\":{\"@id\":\"https:\\\/\\\/uniavisen.dk\\\/en\\\/mikkel-vedby-rasmussen-this-is-why-im-stopping-as-dean\\\/\"},\"wordCount\":2033,\"image\":{\"@id\":\"https:\\\/\\\/uniavisen.dk\\\/en\\\/mikkel-vedby-rasmussen-this-is-why-im-stopping-as-dean\\\/#primaryimage\"},\"thumbnailUrl\":\"https:\\\/\\\/uniavisen.dk\\\/wp-content\\\/uploads\\\/2019\\\/12\\\/designudennavn2.jpg\",\"keywords\":[\"Mikkel Vedby Rasmussen\"],\"articleSection\":[\"People\"],\"inLanguage\":\"en-US\"},{\"@type\":\"WebPage\",\"@id\":\"https:\\\/\\\/uniavisen.dk\\\/en\\\/mikkel-vedby-rasmussen-this-is-why-im-stopping-as-dean\\\/\",\"url\":\"https:\\\/\\\/uniavisen.dk\\\/en\\\/mikkel-vedby-rasmussen-this-is-why-im-stopping-as-dean\\\/\",\"name\":\"Mikkel Vedby Rasmussen: This is why I'm stopping as dean\",\"isPartOf\":{\"@id\":\"https:\\\/\\\/uniavisen.dk\\\/#website\"},\"primaryImageOfPage\":{\"@id\":\"https:\\\/\\\/uniavisen.dk\\\/en\\\/mikkel-vedby-rasmussen-this-is-why-im-stopping-as-dean\\\/#primaryimage\"},\"image\":{\"@id\":\"https:\\\/\\\/uniavisen.dk\\\/en\\\/mikkel-vedby-rasmussen-this-is-why-im-stopping-as-dean\\\/#primaryimage\"},\"thumbnailUrl\":\"https:\\\/\\\/uniavisen.dk\\\/wp-content\\\/uploads\\\/2019\\\/12\\\/designudennavn2.jpg\",\"datePublished\":\"2023-08-11T03:40:41+00:00\",\"dateModified\":\"2023-08-14T06:36:01+00:00\",\"author\":{\"@id\":\"https:\\\/\\\/uniavisen.dk\\\/#\\\/schema\\\/person\\\/1e4195d7a29af9515c79f62e39cc8b9b\"},\"description\":\"Disagreements with the rector Henrik C. Wegener have led to heated exchanges. And so I, with the lowest rank, must withdraw, says Mikkel Vedby Rasmussen. He steps down as head of the Faculty of Social Sciences in the spring of 2024.\",\"breadcrumb\":{\"@id\":\"https:\\\/\\\/uniavisen.dk\\\/en\\\/mikkel-vedby-rasmussen-this-is-why-im-stopping-as-dean\\\/#breadcrumb\"},\"inLanguage\":\"en-US\",\"potentialAction\":[{\"@type\":\"ReadAction\",\"target\":[\"https:\\\/\\\/uniavisen.dk\\\/en\\\/mikkel-vedby-rasmussen-this-is-why-im-stopping-as-dean\\\/\"]}]},{\"@type\":\"ImageObject\",\"inLanguage\":\"en-US\",\"@id\":\"https:\\\/\\\/uniavisen.dk\\\/en\\\/mikkel-vedby-rasmussen-this-is-why-im-stopping-as-dean\\\/#primaryimage\",\"url\":\"https:\\\/\\\/uniavisen.dk\\\/wp-content\\\/uploads\\\/2019\\\/12\\\/designudennavn2.jpg\",\"contentUrl\":\"https:\\\/\\\/uniavisen.dk\\\/wp-content\\\/uploads\\\/2019\\\/12\\\/designudennavn2.jpg\",\"width\":3000,\"height\":2000},{\"@type\":\"BreadcrumbList\",\"@id\":\"https:\\\/\\\/uniavisen.dk\\\/en\\\/mikkel-vedby-rasmussen-this-is-why-im-stopping-as-dean\\\/#breadcrumb\",\"itemListElement\":[{\"@type\":\"ListItem\",\"position\":1,\"name\":\"Home\",\"item\":\"https:\\\/\\\/uniavisen.dk\\\/en\\\/\"},{\"@type\":\"ListItem\",\"position\":2,\"name\":\"Mikkel Vedby Rasmussen: This is why I&#8217;m stopping as dean\"}]},{\"@type\":\"WebSite\",\"@id\":\"https:\\\/\\\/uniavisen.dk\\\/#website\",\"url\":\"https:\\\/\\\/uniavisen.dk\\\/\",\"name\":\"University Post\",\"description\":\"Independent of management\",\"potentialAction\":[{\"@type\":\"SearchAction\",\"target\":{\"@type\":\"EntryPoint\",\"urlTemplate\":\"https:\\\/\\\/uniavisen.dk\\\/?s={search_term_string}\"},\"query-input\":{\"@type\":\"PropertyValueSpecification\",\"valueRequired\":true,\"valueName\":\"search_term_string\"}}],\"inLanguage\":\"en-US\"},{\"@type\":\"Person\",\"@id\":\"https:\\\/\\\/uniavisen.dk\\\/#\\\/schema\\\/person\\\/1e4195d7a29af9515c79f62e39cc8b9b\",\"name\":\"Camilla Skovgaard\",\"image\":{\"@type\":\"ImageObject\",\"inLanguage\":\"en-US\",\"@id\":\"https:\\\/\\\/secure.gravatar.com\\\/avatar\\\/0041bcbe7878ff0a96907c167293ec08051266fb28cdc0ef44598cb0049b5288?s=96&d=identicon&r=g\",\"url\":\"https:\\\/\\\/secure.gravatar.com\\\/avatar\\\/0041bcbe7878ff0a96907c167293ec08051266fb28cdc0ef44598cb0049b5288?s=96&d=identicon&r=g\",\"contentUrl\":\"https:\\\/\\\/secure.gravatar.com\\\/avatar\\\/0041bcbe7878ff0a96907c167293ec08051266fb28cdc0ef44598cb0049b5288?s=96&d=identicon&r=g\",\"caption\":\"Camilla Skovgaard\"},\"url\":\"https:\\\/\\\/uniavisen.dk\\\/en\\\/author\\\/camilla-skovgaard-thomsen\\\/\"}]}<\/script>\n<!-- \/ Yoast SEO plugin. -->","yoast_head_json":{"title":"Mikkel Vedby Rasmussen: This is why I'm stopping as dean","description":"Disagreements with the rector Henrik C. Wegener have led to heated exchanges. And so I, with the lowest rank, must withdraw, says Mikkel Vedby Rasmussen. He steps down as head of the Faculty of Social Sciences in the spring of 2024.","robots":{"index":"index","follow":"follow","max-snippet":"max-snippet:-1","max-image-preview":"max-image-preview:large","max-video-preview":"max-video-preview:-1"},"canonical":"https:\/\/uniavisen.dk\/en\/mikkel-vedby-rasmussen-this-is-why-im-stopping-as-dean\/","og_locale":"en_US","og_type":"article","og_title":"Mikkel Vedby Rasmussen: This is why I'm stopping as dean","og_description":"Disagreements with the rector Henrik C. Wegener have led to heated exchanges. And so I, with the lowest rank, must withdraw, says Mikkel Vedby Rasmussen. He steps down as head of the Faculty of Social Sciences in the spring of 2024.","og_url":"https:\/\/uniavisen.dk\/en\/mikkel-vedby-rasmussen-this-is-why-im-stopping-as-dean\/","og_site_name":"University Post","article_publisher":"https:\/\/www.facebook.com\/uniavis","article_published_time":"2023-08-11T03:40:41+00:00","article_modified_time":"2023-08-14T06:36:01+00:00","og_image":[{"width":3000,"height":2000,"url":"http:\/\/uniavisen.dk\/wp-content\/uploads\/2019\/12\/designudennavn2.jpg","type":"image\/jpeg"}],"author":"Camilla Skovgaard","twitter_card":"summary_large_image","twitter_image":"https:\/\/uniavisen.dk\/wp-content\/uploads\/2019\/12\/designudennavn2.jpg","twitter_creator":"@Uniavisen","twitter_site":"@Uniavisen","twitter_misc":{"Written by":"Camilla Skovgaard","Est. reading time":"9 minutes"},"schema":{"@context":"https:\/\/schema.org","@graph":[{"@type":"Article","@id":"https:\/\/uniavisen.dk\/en\/mikkel-vedby-rasmussen-this-is-why-im-stopping-as-dean\/#article","isPartOf":{"@id":"https:\/\/uniavisen.dk\/en\/mikkel-vedby-rasmussen-this-is-why-im-stopping-as-dean\/"},"author":{"name":"Camilla Skovgaard","@id":"https:\/\/uniavisen.dk\/#\/schema\/person\/1e4195d7a29af9515c79f62e39cc8b9b"},"headline":"Mikkel Vedby Rasmussen: This is why I&#8217;m stopping as dean","datePublished":"2023-08-11T03:40:41+00:00","dateModified":"2023-08-14T06:36:01+00:00","mainEntityOfPage":{"@id":"https:\/\/uniavisen.dk\/en\/mikkel-vedby-rasmussen-this-is-why-im-stopping-as-dean\/"},"wordCount":2033,"image":{"@id":"https:\/\/uniavisen.dk\/en\/mikkel-vedby-rasmussen-this-is-why-im-stopping-as-dean\/#primaryimage"},"thumbnailUrl":"https:\/\/uniavisen.dk\/wp-content\/uploads\/2019\/12\/designudennavn2.jpg","keywords":["Mikkel Vedby Rasmussen"],"articleSection":["People"],"inLanguage":"en-US"},{"@type":"WebPage","@id":"https:\/\/uniavisen.dk\/en\/mikkel-vedby-rasmussen-this-is-why-im-stopping-as-dean\/","url":"https:\/\/uniavisen.dk\/en\/mikkel-vedby-rasmussen-this-is-why-im-stopping-as-dean\/","name":"Mikkel Vedby Rasmussen: This is why I'm stopping as dean","isPartOf":{"@id":"https:\/\/uniavisen.dk\/#website"},"primaryImageOfPage":{"@id":"https:\/\/uniavisen.dk\/en\/mikkel-vedby-rasmussen-this-is-why-im-stopping-as-dean\/#primaryimage"},"image":{"@id":"https:\/\/uniavisen.dk\/en\/mikkel-vedby-rasmussen-this-is-why-im-stopping-as-dean\/#primaryimage"},"thumbnailUrl":"https:\/\/uniavisen.dk\/wp-content\/uploads\/2019\/12\/designudennavn2.jpg","datePublished":"2023-08-11T03:40:41+00:00","dateModified":"2023-08-14T06:36:01+00:00","author":{"@id":"https:\/\/uniavisen.dk\/#\/schema\/person\/1e4195d7a29af9515c79f62e39cc8b9b"},"description":"Disagreements with the rector Henrik C. Wegener have led to heated exchanges. And so I, with the lowest rank, must withdraw, says Mikkel Vedby Rasmussen. He steps down as head of the Faculty of Social Sciences in the spring of 2024.","breadcrumb":{"@id":"https:\/\/uniavisen.dk\/en\/mikkel-vedby-rasmussen-this-is-why-im-stopping-as-dean\/#breadcrumb"},"inLanguage":"en-US","potentialAction":[{"@type":"ReadAction","target":["https:\/\/uniavisen.dk\/en\/mikkel-vedby-rasmussen-this-is-why-im-stopping-as-dean\/"]}]},{"@type":"ImageObject","inLanguage":"en-US","@id":"https:\/\/uniavisen.dk\/en\/mikkel-vedby-rasmussen-this-is-why-im-stopping-as-dean\/#primaryimage","url":"https:\/\/uniavisen.dk\/wp-content\/uploads\/2019\/12\/designudennavn2.jpg","contentUrl":"https:\/\/uniavisen.dk\/wp-content\/uploads\/2019\/12\/designudennavn2.jpg","width":3000,"height":2000},{"@type":"BreadcrumbList","@id":"https:\/\/uniavisen.dk\/en\/mikkel-vedby-rasmussen-this-is-why-im-stopping-as-dean\/#breadcrumb","itemListElement":[{"@type":"ListItem","position":1,"name":"Home","item":"https:\/\/uniavisen.dk\/en\/"},{"@type":"ListItem","position":2,"name":"Mikkel Vedby Rasmussen: This is why I&#8217;m stopping as dean"}]},{"@type":"WebSite","@id":"https:\/\/uniavisen.dk\/#website","url":"https:\/\/uniavisen.dk\/","name":"University Post","description":"Independent of management","potentialAction":[{"@type":"SearchAction","target":{"@type":"EntryPoint","urlTemplate":"https:\/\/uniavisen.dk\/?s={search_term_string}"},"query-input":{"@type":"PropertyValueSpecification","valueRequired":true,"valueName":"search_term_string"}}],"inLanguage":"en-US"},{"@type":"Person","@id":"https:\/\/uniavisen.dk\/#\/schema\/person\/1e4195d7a29af9515c79f62e39cc8b9b","name":"Camilla Skovgaard","image":{"@type":"ImageObject","inLanguage":"en-US","@id":"https:\/\/secure.gravatar.com\/avatar\/0041bcbe7878ff0a96907c167293ec08051266fb28cdc0ef44598cb0049b5288?s=96&d=identicon&r=g","url":"https:\/\/secure.gravatar.com\/avatar\/0041bcbe7878ff0a96907c167293ec08051266fb28cdc0ef44598cb0049b5288?s=96&d=identicon&r=g","contentUrl":"https:\/\/secure.gravatar.com\/avatar\/0041bcbe7878ff0a96907c167293ec08051266fb28cdc0ef44598cb0049b5288?s=96&d=identicon&r=g","caption":"Camilla Skovgaard"},"url":"https:\/\/uniavisen.dk\/en\/author\/camilla-skovgaard-thomsen\/"}]}},"advancedCustomFields":{"expression":{"term_id":14,"name":"Portrait Article","slug":"portrait_article","term_group":0,"term_taxonomy_id":14,"taxonomy":"expression","description":"","parent":0,"count":803,"filter":"raw"},"enable_comments":true,"align_content":"aligncenter","feature_color":"#9fd677","article_updated":"","layout_group":[{"acf_fc_layout":"Headline","use_post_title":true,"headline":"","style":"default","highlighted_words":"","text_size":"small"},{"acf_fc_layout":"Image","image":{"ID":98129,"id":98129,"title":"Mikkel Vedby besk\u00e5ret","filename":"designudennavn2.jpg","filesize":483998,"url":"https:\/\/uniavisen.dk\/wp-content\/uploads\/2019\/12\/designudennavn2.jpg","link":"https:\/\/uniavisen.dk\/en\/dekan-kan-forudse-hvem-der-dropper-ud-af-studiet\/design-uden-navn-2-4\/","alt":"","author":"71","description":"","caption":"","name":"design-uden-navn-2-4","status":"inherit","uploaded_to":98033,"date":"2019-12-09 10:43:06","modified":"2019-12-09 10:43:36","menu_order":0,"mime_type":"image\/jpeg","type":"image","subtype":"jpeg","icon":"https:\/\/uniavisen.dk\/wp-includes\/images\/media\/default.png","width":3000,"height":2000,"sizes":{"thumbnail":"https:\/\/uniavisen.dk\/wp-content\/uploads\/2019\/12\/designudennavn2-150x150.jpg","thumbnail-width":150,"thumbnail-height":150,"medium":"https:\/\/uniavisen.dk\/wp-content\/uploads\/2019\/12\/designudennavn2-480x320.jpg","medium-width":480,"medium-height":320,"medium_large":"https:\/\/uniavisen.dk\/wp-content\/uploads\/2019\/12\/designudennavn2-768x512.jpg","medium_large-width":768,"medium_large-height":512,"large":"https:\/\/uniavisen.dk\/wp-content\/uploads\/2019\/12\/designudennavn2-1280x853.jpg","large-width":1280,"large-height":853,"1536x1536":"https:\/\/uniavisen.dk\/wp-content\/uploads\/2019\/12\/designudennavn2.jpg","1536x1536-width":1536,"1536x1536-height":1024,"2048x2048":"https:\/\/uniavisen.dk\/wp-content\/uploads\/2019\/12\/designudennavn2.jpg","2048x2048-width":2048,"2048x2048-height":1365,"featured-soft":"https:\/\/uniavisen.dk\/wp-content\/uploads\/2019\/12\/designudennavn2-290x193.jpg","featured-soft-width":290,"featured-soft-height":193,"featured-hard":"https:\/\/uniavisen.dk\/wp-content\/uploads\/2019\/12\/designudennavn2-290x180.jpg","featured-hard-width":290,"featured-hard-height":180,"narrow":"https:\/\/uniavisen.dk\/wp-content\/uploads\/2019\/12\/designudennavn2-700x467.jpg","narrow-width":700,"narrow-height":467,"extended":"https:\/\/uniavisen.dk\/wp-content\/uploads\/2019\/12\/designudennavn2-990x660.jpg","extended-width":990,"extended-height":660}},"style":"extended","text_placement":"metadata-below","image_link_url":"","image_link_title":"","caption_prefix":"","enable_alternative_caption":false,"alternative_caption":""},{"acf_fc_layout":"Standfirst","subject":"Departure","text":"Uenighederne med rektor har sl\u00e5et gnister, og derfor m\u00e5 personen med f\u00e6rrest stjerner p\u00e5 skuldrerne tr\u00e6kke sig, siger Mikkel Vedby Rasmussen, der til for\u00e5ret stopper som leder af Det Samfundsvidenskabelige Fakultet. ","use_post_excerpt":true},{"acf_fc_layout":"Byline","is_author":true,"contributors":false},{"acf_fc_layout":"Content","content":"<p>\u00bbIt&#8217;s the most fun job I&#8217;ve ever had. And the most challenging\u00ab<\/p>\n<p>Mikkel Vedby Rasmussen recently announced that he will step down as Dean of the Faculty of Social Sciences in the spring of next year.<\/p>\n<p>He has now agreed to explain his decision and talk about his four, conflict-ridden, years as head of the faculty. Staff exodus. Student protest demonstrations with \u00bbGive Mikkel Vedby the sack\u00ab banners. Reports of a social science dean who had \u00bbcompletely nuts.\u00ab<\/p>\n<p>\u00bbGood you are here! I am just on the phone,\u00ab he texts when I arrive at CSS campus and try to find the Dean&#8217;s office among the old municipal hospital buildings.<\/p>\n<p>We meet under the clock where Mikkel Vedby Rasmussen has an office at the Centre for Military Studies.<\/p>\n<p><strong>READ ALSO:<\/strong> <em><a href=\"https:\/\/uniavisen.dk\/en\/mikkel-vedby-rasmussen-to-step-down-as-dean-of-the-faculty-of-social-sciences\/\">Mikkel Vedby Rasmussen to resign as Dean of the Faculty of Social Sciences<\/a><\/em><\/p>\n<p>The dean is wearing a light blue shirt and when we spot each other he lights up in a big smile. He is busy and has to silence a ringing phone several times during the half-hour of our conversation.<\/p>\n<p><em>Mikkel Vedby Rasmussen, you are withdrawing from your position instead of making use of your option for a three-year contract extension. Why?<\/em><\/p>\n<div class=\"factbox\">\n<p class=\"factbox-header feature-color\">About<\/p>\n<p>Mikkel Vedby Rasmussen<\/p>\n<p>MSc and PhD in political science from UCPH<\/p>\n<p>Professor at the Department of Political Science, UCPH<\/p>\n<p>Research in military strategy, security policy, and defence policy collaborations, UCPH<\/p>\n<p>Former head of the Danish Institute for Military Studies, later head of Centre for Military Studies, UCPH<\/p>\n<p>Former head of division at the Danish Ministry of Defence<\/p>\n<p>Former head of the Department of Political Science, UCPH.<\/p>\n<p>Dean of the Faculty of Social Sciences, UCPH for a five-year period from 1 May 2019.<\/p>\n<\/div>\n<p>\u00bbI do this because the rector and I fundamentally disagree on some of the challenges that the faculty faces over the coming years. We are relocating, we need to implement a huge study programme reform, and a reform of the administration,\u00ab says Mikkel Vedby Rasmussen and pauses.<\/p>\n<p>\u00bbThere are a lot of things where the rector and I don&#8217;t see things the same way. And when it is not possible to resolve this type of disagreement, the person who has the lowest rank must ultimately pack up his things and leave.\u00ab<\/p>\n<p><em>What is it actually that you disagree about, you and the rector?<\/em><\/p>\n<p>\u00bbI understand there is a need for me to explain why I am leaving. But I think there is a limit to how much I should go into detail about the disagreements between me and the rector. So I don&#8217;t want to comment on that further.\u00ab<\/p>\n<h3>\u00bbThis was, goddammit!, not a good decision\u00ab<\/h3>\n<p><em>What has been the best thing about your job as dean for the past four years?<\/em><\/p>\n<p>\u00bbOh there have been many good things.\u00ab<\/p>\n<p>The dean is quiet for a moment, looks out the window.<\/p>\n<p>\u00bbMany people think that the university is this old, conservative, institution that can&#8217;t really change. But as dean, I&#8217;ve learned that this is not true at all. Because we have succeeded in creating lots of change over the last four years,\u00ab he says.<\/p>\n<blockquote><p>There are a lot of things where the rector and I don&#8217;t see things the same way. And when it is not possible to resolve this type of disagreement, the person who has the lowest rank must ultimately pack up his things and leave.<\/p>\n<p class=\"quotee\">Mikkel Vedby Rasmussen, Dean of the Faculty of Social Sciences<\/p>\n<p>&nbsp;<\/p><\/blockquote>\n<p>\u00bbWe have looked at our research funding, for example. When I stepped in, many researchers could look forward to a drop in research funding, because a lot of it went to research on the green transition and that kind of stuff. But the department heads and I sat down and said &#8216;No goddammit!\u2019 We also need research funding. Since then, we have taken home an increase in research funding of 20 per cent. I\u2019m proud of that.\u00ab<\/p>\n<p>Mikkel Vedby Rasmussen&#8217;s time as head of the faculty has been characterised by disputes and a poor working environment. In a workplace assessment (WPA) in 2022,<a href=\"https:\/\/uniavisen.dk\/en\/ucph-social-sciences-41-per-cent-of-staff-do-not-have-confidence-in-their-dean\/\"> 41 per cent of the faculty&#8217;s employees replied that they had no confidence in the dean&#8217;s managemen<\/a>t.<\/p>\n<p>In the autumn of 2022, Mikkel Vedby Rasmussen chose to appoint himself as head of the Department at Anthropology setting off protests from both students and employees. An associate professor and chair of the study board at the Department of Anthropology wrote an opinion piece on the University Post with the headline \u2018<a href=\"https:\/\/uniavisen.dk\/en\/associate-professor-the-dean-of-social-science-has-gone-completely-nuts\/\">The Dean of Social Science has gone completely nuts<\/a>\u2019. He said that Mikkel Vedby Rasmussen&#8217;s decision to insert himself as the head of department was \u00bba clear statement of distrust in the department\u2019s management and academics\u00ab.<\/p>\n<p>When Mikkel Vedby Rasmussen in November 2022 showed up for the University of Copenhagen&#8217;s traditional annual celebration, he was met by a large group of students who demonstrated against his leadership. On their banners were slogans like \u00bbGive Mikkel Vedby the sack\u00ab, \u00bbBring back democracy,\u00ab and \u00bbStop Mikkel\u2019s tyranny, set CSS campus free.\u00ab<\/p>\n<p><strong>READ ALSO:<\/strong> <em><a href=\"https:\/\/uniavisen.dk\/en\/protests-at-university-of-copenhagen-ceremony-give-mikkel-vedby-the-sack\/\">Demonstration at annual commemoration ceremony: \u00bbGive Mikkel Vedby the sack!\u00ab<\/a><\/em><\/p>\n<p>In a comment on <em><a href=\"https:\/\/politiken.dk\/debat\/debatindlaeg\/art9121924\/Vores-universitet-er-ved-at-synke-i-kn%C3%A6\">Politiken (Danish, needs login<\/a><\/em>), students spoke about lecturers running around stressed, spooked out and whispering in corners for fear of their boss, and quitting the faculty.<\/p>\n<p><em>Do you regret anything?<\/em><\/p>\n<p>\u00bbYes, sure I do,\u00ab Mikkel Vedby Rasmussen laughs.<\/p>\n<p>\u00bbIf you could replay the movie from the beginning, I would probably rewrite a few of the lines in the manuscript. I have thought a lot about how I, for example, wanted to make for a more vibrant student democracy.\u00ab<\/p>\n<p><em>What about the time you appointed yourself as department head for Anthropology?<\/em><\/p>\n<p>Mikkel Vedby Rasmussen laughs again.<\/p>\n<p>\u00bbThis was, goddammit!, not a good decision.\u00ab<\/p>\n<p>He shakes his head.<\/p>\n<p>\u00bbThis is probably one of the worst decisions I&#8217;ve ever made, but it&#8217;s also one of the ones I&#8217;ve been most happy about. The result was that the academic staff at anthropology mobilized and set up a board where the employees and the department head could run the department. And they&#8217;ve done extremely well.\u00ab<\/p>\n<p><em>Your decision provoked the academic staff at Anthropology to find another solution?<\/em><\/p>\n<p>\u00bbNo, I wouldn\u2019t put it like that. I saw it more as if they really took on responsibility for their own department. It made me really proud of them.\u00ab<\/p>\n<h3>\u00bbThere are things you cannot take for granted\u00ab<\/h3>\n<p><em>What has been your experience of the working environment at the Faculty of Social Sciences during your time as dean?<\/em><\/p>\n<p>\u00bbI&#8217;ve been here for 20 years, but I&#8217;ve learned a lot about the faculty in the time I&#8217;ve been a manager. The place is characterised by the fact that we often get new professors in from the outside. This has required a particular working environment effort \u2013 especially after we had to acknowledge that we had a serious problem with our working conditions,\u00ab says Mikkel Vedby Rasmussen and adds:<\/p>\n<blockquote><p>I think it is for others to decide what type of manager I am. I&#8217;m focused on creating results. I&#8217;ve done that, and I&#8217;m actually quite proud of that.<\/p>\n<p class=\"quotee\">Mikkel Vedby Rasmussen, Dean of the Faculty of Social Sciences<\/p>\n<\/blockquote>\n<p>\u00bbIt has been tough, but it has been a good experience to see how we have improved the working environment.\u00ab<\/p>\n<p><em>Your experience is that you have improved the working environment?<\/em><\/p>\n<p>\u00bbI think so. We&#8217;re not finished, I&#8217;m very conscious of that. But I hope and believe that my successors will be able to look at a good Workplace Assessment report.\u00ab<\/p>\n<p><em>You did not comment much on the faculty&#8217;s incredibly poor Workplace Assessment from 2022. What\u2019s would you say about it now?<\/em><\/p>\n<p>\u00bbI actually think I did. But it&#8217;s never nice as a manager to get a workplace assessment that&#8217;s so poor. It really gave me something to reflect on. It is both enormously exciting, and tough at the same time, to be a manager when you are so much in play yourself. You need to work with yourself to be a manager, and I, as well as the rest of the management team, have done so. I found out, for example, that there are things you can&#8217;t take for granted.\u00ab<\/p>\n<p><em>What things?<\/em><\/p>\n<p>\u00bbHow, for example, you balance your criticism in an academic discussion without distressing people or giving them the feeling that their gender, position or something else is suddenly also at issue. I thought that the balance was in a slightly different place, but I got smarter. And earlier this year we got a green smiley from the Danish Working Environment Authority.\u00ab<\/p>\n<h3>Terrified lecturers<\/h3>\n<p><em>There has been fierce criticism of you personally as a manager. What has this been like from your perspective?<\/em><\/p>\n<p>\u00bbPeople can think whatever they want, and at a university we are not afraid of using disparaging language about each other. I can live with that.\u00ab<\/p>\n<p><em>Would you describe yourself as a good manager?<\/em><\/p>\n<p>\u00bbI think it is for others to decide what type of manager I am. I&#8217;m focused on creating results. I&#8217;ve done that, and I&#8217;m actually quite proud of that. But I have also worked a lot with values \u2013 including the working environment and study programme interactions. We&#8217;ve not reached the finish line, but I think we&#8217;ve come closer to being a faculty where people can actually be themselves.\u00ab<\/p>\n<p><em>In a featured comment in the Danish media Politiken, a group of students described your leadership style like this: \u00bbArrogance, insane decisions, miserable managing, and lecturers who are scared stiff of their boss.\u00ab How do these words affect you?<\/em><\/p>\n<p>\u00bbI actually had a good chat with some of the students who demonstrated against me at the time. But of course it&#8217;s not fun to show up at a party where students are singing songs that taunt you. One of the students said to me that I shouldn&#8217;t take it personally \u2013 and it&#8217;s a bit hard not to. But people can believe whatever they want. I will let the results I have achieved speak for themselves.\u00ab<\/p>\n<h3>The next chapter<\/h3>\n<p><em>What is the state of the faculty you are leaving?<\/em><\/p>\n<p>\u00bbThe Faculty of Social Sciences is a fantastic place. We have just got research evaluations back that show that we are one of Europe&#8217;s leading social science research institutions. And we educate students for key jobs in society, that really go out and make a difference. If there is one thing that concerns me, then it is that we as a university shut ourselves off [from the surrounding society, ed.],\u00ab says Mikkel Vedby Rasmussen.<\/p>\n<p>\u00bbIt is important that we continue to be a place that reflects and shapes the surrounding society.\u00ab<\/p>\n<blockquote><p>Of course, there will be a period where I just have to get used to not having an opinion on how we do things around here.<\/p>\n<p class=\"quotee\">Mikkel Vedby Rasmussen, Dean of the Faculty of Social Sciences<\/p>\n<\/blockquote>\n<p><em>What are you going to do now?<\/em><\/p>\n<p>\u00bbI am just going to do research, and I&#8217;m really looking forward to it. You can see the stash of books I&#8217;ve found today, and I will be reading them later on this month,\u00ab says the dean, gesturing towards a pile with titles like &#8216;<em>In the service of Denmark<\/em>&#8216; by [politician] Kristian Jensen, &#8216;<em>The Will to Lead<\/em>&#8216; by [former Danish Prime Minister] Anders Fogh Rasmussen, and &#8216;<em>Minister of Foreign Affairs<\/em>&#8216; by Jacob Kvist and Jon Bloch Skipper.<\/p>\n<p><em>Where will you be in two years time?<\/em><\/p>\n<p>\u00bbI&#8217;ve never been able to anticipate what I&#8217;m doing in two years time, so I don&#8217;t think I can do that now either.\u00ab<\/p>\n<p><em>What is it going to be like to do your daily work on CSS central campus as a professor and not a dean?<\/em><\/p>\n<p>\u00bbI don&#8217;t think it&#8217;s going to be that different. Of course, there will be a period where I just have to get used to not having an opinion on how we do things around here.<\/p>\n<p>\u00bbBut I promise my successors that I will not interfere.\u00ab<\/p>\n"},{"acf_fc_layout":"ArticleEnd"},{"acf_fc_layout":"Newsletter","lang_select":"en","identifier":"Newsletter","headline":"Get an email with our top stories","button_text":"Sign up here","class":""},{"acf_fc_layout":"OtherStories","headline":"","hand_picked_posts":false,"references":false,"category":false,"theme":false,"number_of_posts":"4","style":"default"}]},"taxonomyData":{"category":[{"term_id":3160,"name":"People","slug":"people","term_group":0,"term_taxonomy_id":3160,"taxonomy":"category","description":"","parent":0,"count":58,"filter":"raw"}],"post_tag":[{"term_id":5581,"name":"Mikkel Vedby Rasmussen","slug":"mikkel-vedby-rasmussen-en","term_group":0,"term_taxonomy_id":5581,"taxonomy":"post_tag","description":"","parent":0,"count":3,"filter":"raw"}],"post_format":[],"expression":[{"term_id":14,"name":"Portrait Article","slug":"portrait_article","term_group":0,"term_taxonomy_id":14,"taxonomy":"expression","description":"","parent":0,"count":803,"filter":"raw"}],"translation_priority":[{"term_id":5468,"name":"Optional","slug":"optional-en","term_group":0,"term_taxonomy_id":5468,"taxonomy":"translation_priority","description":"","parent":0,"count":674,"filter":"raw"}]},"featured_media_url":"https:\/\/uniavisen.dk\/wp-content\/uploads\/2019\/12\/designudennavn2-1280x853.jpg","_links":{"self":[{"href":"https:\/\/uniavisen.dk\/en\/wp-json\/wp\/v2\/posts\/153550","targetHints":{"allow":["GET"]}}],"collection":[{"href":"https:\/\/uniavisen.dk\/en\/wp-json\/wp\/v2\/posts"}],"about":[{"href":"https:\/\/uniavisen.dk\/en\/wp-json\/wp\/v2\/types\/post"}],"author":[{"embeddable":true,"href":"https:\/\/uniavisen.dk\/en\/wp-json\/wp\/v2\/users\/99"}],"replies":[{"embeddable":true,"href":"https:\/\/uniavisen.dk\/en\/wp-json\/wp\/v2\/comments?post=153550"}],"version-history":[{"count":5,"href":"https:\/\/uniavisen.dk\/en\/wp-json\/wp\/v2\/posts\/153550\/revisions"}],"predecessor-version":[{"id":153599,"href":"https:\/\/uniavisen.dk\/en\/wp-json\/wp\/v2\/posts\/153550\/revisions\/153599"}],"wp:featuredmedia":[{"embeddable":true,"href":"https:\/\/uniavisen.dk\/en\/wp-json\/wp\/v2\/media\/153551"}],"wp:attachment":[{"href":"https:\/\/uniavisen.dk\/en\/wp-json\/wp\/v2\/media?parent=153550"}],"wp:term":[{"taxonomy":"category","embeddable":true,"href":"https:\/\/uniavisen.dk\/en\/wp-json\/wp\/v2\/categories?post=153550"},{"taxonomy":"post_tag","embeddable":true,"href":"https:\/\/uniavisen.dk\/en\/wp-json\/wp\/v2\/tags?post=153550"}],"curies":[{"name":"wp","href":"https:\/\/api.w.org\/{rel}","templated":true}]}}