
{"id":154125,"date":"2023-09-01T04:35:13","date_gmt":"2023-09-01T02:35:13","guid":{"rendered":"https:\/\/uniavisen.dk\/nye-studerende-blev-budt-velkommen-til-aarets-immatrikulationfest\/"},"modified":"2023-09-01T13:36:39","modified_gmt":"2023-09-01T11:36:39","slug":"new-students-welcomed-at-matriculation-ceremony-2023","status":"publish","type":"post","link":"https:\/\/uniavisen.dk\/en\/new-students-welcomed-at-matriculation-ceremony-2023\/","title":{"rendered":"New students welcomed at Matriculation Ceremony 2023"},"content":{"rendered":"<p>The University of Copenhagen is a very traditional place.<\/p>\n<p>This was brought home to new students when they were welcomed at the University of Copenhagen with the singing of a polyphonic male choir.<\/p>\n<p>They were also presented to the top managers of the university who were dressed in their traditional long robes for the occasion, and had the, also traditional, opportunity to greet the rector with a handshake. This year, the University of Copenhagen&#8217;s matriculation ritual took place on Friday 25 August.<br \/>\n<!-- end of module 1 --><br \/>\nFor many of the new students, the matriculation ceremony is the very first time they see their new university. They turned up in large numbers and had to be herded further into the already crowded Frue Plads multiple times to make room for everyone.<\/p>\n<p>The huge crowd looked partly expectant, partly nervous as they were welcomed by Prorector for Education Kristian Cedervall Lauta.<\/p>\n<p>The University Post was there to take stock of this year&#8217;s matriculation celebration.<br \/>\n<!-- end of module 2 --><\/p>\n<h3>Ruqaya Al-Kabani, 19 years old, student of Medicine<\/h3>\n<p>\u00bbIt feels pretty cool, because I&#8217;ve been used to talking to the same people for three years in a row at secondary school. It&#8217;s like opening a window for some fresh air.\u00ab<\/p>\n<blockquote><p>It&#8217;s like opening a window for some fresh air<\/p><\/blockquote>\n<p>\u00bbIt is very noisy here on the square today, and I don&#8217;t usually like that. But it&#8217;s fine, because I have to learn to socialize with new people I don&#8217;t even know. It&#8217;s gone well so far, and I&#8217;ve already gotten to know quite a few people.\u00ab<br \/>\n<!-- end of module 3 --><\/p>\n<h3>Cassandra Skov, 24 years old, student of English<\/h3>\n<p>\u00bbI actually feel great, but it is hot around here! I like that everyone gets together here and listens to speeches so we can all get into the spirit of things.\u00ab<\/p>\n<p>\u00bbMy expectations for today are that I get more information and a good welcome to the study programme.\u00ab<br \/>\n<!-- end of module 4 --><\/p>\n<h3>Maximillian Moser, age 23, student of Quantum Information Science<\/h3>\n<p>\u00bbI&#8217;m really looking forward to the programme \u2013 and to studying in general. All the subjects look really interesting.\u00ab<\/p>\n<p>\u00bbI arrived ten minutes ago and have already met a lot of people, so I have already fulfilled my expectations for today. I hadn&#8217;t expected to do this in such a short time. So I like this day so far.\u00ab<br \/>\n<!-- end of module 5 --><\/p>\n","protected":false},"excerpt":{"rendered":"<p>This is what it looked like when this year&#8217;s new cohort of students turned up at their own University of Copenhagen for the first time.<\/p>\n","protected":false},"author":102,"featured_media":154010,"comment_status":"closed","ping_status":"closed","sticky":false,"template":"","format":"standard","meta":{"_acf_changed":false,"om_disable_all_campaigns":false,"_monsterinsights_skip_tracking":false,"_monsterinsights_sitenote_active":false,"_monsterinsights_sitenote_note":"","_monsterinsights_sitenote_category":0,"_uf_show_specific_survey":0,"_uf_disable_surveys":false,"footnotes":""},"categories":[3792],"tags":[1452],"class_list":["post-154125","post","type-post","status-publish","format-standard","has-post-thumbnail","hentry","category-student-life","tag-matriculation-ceremony","expression-portrait_article"],"acf":[],"aioseo_notices":[],"yoast_head":"<!-- This site is optimized with the Yoast SEO plugin v27.4 - https:\/\/yoast.com\/product\/yoast-seo-wordpress\/ -->\n<title>New students welcomed at Matriculation Ceremony 2023<\/title>\n<meta name=\"description\" content=\"This is what it looked like when this year&#039;s new cohort of students turned up at their own University of Copenhagen for the first time.\" \/>\n<meta name=\"robots\" content=\"index, follow, max-snippet:-1, max-image-preview:large, max-video-preview:-1\" \/>\n<link rel=\"canonical\" href=\"https:\/\/uniavisen.dk\/en\/new-students-welcomed-at-matriculation-ceremony-2023\/\" \/>\n<meta property=\"og:locale\" content=\"en_US\" \/>\n<meta property=\"og:type\" content=\"article\" \/>\n<meta property=\"og:title\" content=\"New students welcomed at Matriculation Ceremony 2023\" \/>\n<meta property=\"og:description\" content=\"This is what it looked like when this year&#039;s new cohort of students turned up at their own University of Copenhagen for the first time.\" \/>\n<meta property=\"og:url\" content=\"https:\/\/uniavisen.dk\/en\/new-students-welcomed-at-matriculation-ceremony-2023\/\" \/>\n<meta property=\"og:site_name\" content=\"University Post\" \/>\n<meta property=\"article:publisher\" content=\"https:\/\/www.facebook.com\/uniavis\" \/>\n<meta property=\"article:published_time\" content=\"2023-09-01T02:35:13+00:00\" \/>\n<meta property=\"article:modified_time\" content=\"2023-09-01T11:36:39+00:00\" \/>\n<meta property=\"og:image\" content=\"http:\/\/uniavisen.dk\/wp-content\/uploads\/2023\/08\/dsc4095-scaled.jpg\" \/>\n\t<meta property=\"og:image:width\" content=\"2560\" \/>\n\t<meta property=\"og:image:height\" content=\"1595\" \/>\n\t<meta property=\"og:image:type\" content=\"image\/jpeg\" \/>\n<meta name=\"author\" content=\"Vu Nguyen\" \/>\n<meta name=\"twitter:card\" content=\"summary_large_image\" \/>\n<meta name=\"twitter:description\" content=\"This is what it looked like when this year&#039;s new cohort of students turned up at their own University of Copenhagen for the first time.\" \/>\n<meta name=\"twitter:image\" content=\"https:\/\/uniavisen.dk\/wp-content\/uploads\/2023\/08\/dsc4095-scaled.jpg\" \/>\n<meta name=\"twitter:creator\" content=\"@Uniavisen\" \/>\n<meta name=\"twitter:site\" content=\"@Uniavisen\" \/>\n<meta name=\"twitter:label1\" content=\"Written by\" \/>\n\t<meta name=\"twitter:data1\" content=\"Vu Nguyen\" \/>\n\t<meta name=\"twitter:label2\" content=\"Est. reading time\" \/>\n\t<meta name=\"twitter:data2\" content=\"2 minutes\" \/>\n<script type=\"application\/ld+json\" class=\"yoast-schema-graph\">{\"@context\":\"https:\\\/\\\/schema.org\",\"@graph\":[{\"@type\":\"Article\",\"@id\":\"https:\\\/\\\/uniavisen.dk\\\/en\\\/new-students-welcomed-at-matriculation-ceremony-2023\\\/#article\",\"isPartOf\":{\"@id\":\"https:\\\/\\\/uniavisen.dk\\\/en\\\/new-students-welcomed-at-matriculation-ceremony-2023\\\/\"},\"author\":{\"name\":\"Vu Nguyen\",\"@id\":\"https:\\\/\\\/uniavisen.dk\\\/#\\\/schema\\\/person\\\/9047fce6501e5be65541fd128663cce4\"},\"headline\":\"New students welcomed at Matriculation Ceremony 2023\",\"datePublished\":\"2023-09-01T02:35:13+00:00\",\"dateModified\":\"2023-09-01T11:36:39+00:00\",\"mainEntityOfPage\":{\"@id\":\"https:\\\/\\\/uniavisen.dk\\\/en\\\/new-students-welcomed-at-matriculation-ceremony-2023\\\/\"},\"wordCount\":392,\"image\":{\"@id\":\"https:\\\/\\\/uniavisen.dk\\\/en\\\/new-students-welcomed-at-matriculation-ceremony-2023\\\/#primaryimage\"},\"thumbnailUrl\":\"https:\\\/\\\/uniavisen.dk\\\/wp-content\\\/uploads\\\/2023\\\/08\\\/dsc4095-scaled.jpg\",\"keywords\":[\"Matriculation Ceremony\"],\"articleSection\":[\"Student life\"],\"inLanguage\":\"en-US\"},{\"@type\":\"WebPage\",\"@id\":\"https:\\\/\\\/uniavisen.dk\\\/en\\\/new-students-welcomed-at-matriculation-ceremony-2023\\\/\",\"url\":\"https:\\\/\\\/uniavisen.dk\\\/en\\\/new-students-welcomed-at-matriculation-ceremony-2023\\\/\",\"name\":\"New students welcomed at Matriculation Ceremony 2023\",\"isPartOf\":{\"@id\":\"https:\\\/\\\/uniavisen.dk\\\/#website\"},\"primaryImageOfPage\":{\"@id\":\"https:\\\/\\\/uniavisen.dk\\\/en\\\/new-students-welcomed-at-matriculation-ceremony-2023\\\/#primaryimage\"},\"image\":{\"@id\":\"https:\\\/\\\/uniavisen.dk\\\/en\\\/new-students-welcomed-at-matriculation-ceremony-2023\\\/#primaryimage\"},\"thumbnailUrl\":\"https:\\\/\\\/uniavisen.dk\\\/wp-content\\\/uploads\\\/2023\\\/08\\\/dsc4095-scaled.jpg\",\"datePublished\":\"2023-09-01T02:35:13+00:00\",\"dateModified\":\"2023-09-01T11:36:39+00:00\",\"author\":{\"@id\":\"https:\\\/\\\/uniavisen.dk\\\/#\\\/schema\\\/person\\\/9047fce6501e5be65541fd128663cce4\"},\"description\":\"This is what it looked like when this year's new cohort of students turned up at their own University of Copenhagen for the first time.\",\"breadcrumb\":{\"@id\":\"https:\\\/\\\/uniavisen.dk\\\/en\\\/new-students-welcomed-at-matriculation-ceremony-2023\\\/#breadcrumb\"},\"inLanguage\":\"en-US\",\"potentialAction\":[{\"@type\":\"ReadAction\",\"target\":[\"https:\\\/\\\/uniavisen.dk\\\/en\\\/new-students-welcomed-at-matriculation-ceremony-2023\\\/\"]}]},{\"@type\":\"ImageObject\",\"inLanguage\":\"en-US\",\"@id\":\"https:\\\/\\\/uniavisen.dk\\\/en\\\/new-students-welcomed-at-matriculation-ceremony-2023\\\/#primaryimage\",\"url\":\"https:\\\/\\\/uniavisen.dk\\\/wp-content\\\/uploads\\\/2023\\\/08\\\/dsc4095-scaled.jpg\",\"contentUrl\":\"https:\\\/\\\/uniavisen.dk\\\/wp-content\\\/uploads\\\/2023\\\/08\\\/dsc4095-scaled.jpg\",\"width\":2560,\"height\":1595},{\"@type\":\"BreadcrumbList\",\"@id\":\"https:\\\/\\\/uniavisen.dk\\\/en\\\/new-students-welcomed-at-matriculation-ceremony-2023\\\/#breadcrumb\",\"itemListElement\":[{\"@type\":\"ListItem\",\"position\":1,\"name\":\"Home\",\"item\":\"https:\\\/\\\/uniavisen.dk\\\/en\\\/\"},{\"@type\":\"ListItem\",\"position\":2,\"name\":\"New students welcomed at Matriculation Ceremony 2023\"}]},{\"@type\":\"WebSite\",\"@id\":\"https:\\\/\\\/uniavisen.dk\\\/#website\",\"url\":\"https:\\\/\\\/uniavisen.dk\\\/\",\"name\":\"University Post\",\"description\":\"Independent of management\",\"potentialAction\":[{\"@type\":\"SearchAction\",\"target\":{\"@type\":\"EntryPoint\",\"urlTemplate\":\"https:\\\/\\\/uniavisen.dk\\\/?s={search_term_string}\"},\"query-input\":{\"@type\":\"PropertyValueSpecification\",\"valueRequired\":true,\"valueName\":\"search_term_string\"}}],\"inLanguage\":\"en-US\"},{\"@type\":\"Person\",\"@id\":\"https:\\\/\\\/uniavisen.dk\\\/#\\\/schema\\\/person\\\/9047fce6501e5be65541fd128663cce4\",\"name\":\"Vu Nguyen\",\"image\":{\"@type\":\"ImageObject\",\"inLanguage\":\"en-US\",\"@id\":\"https:\\\/\\\/secure.gravatar.com\\\/avatar\\\/5db6107a4eb94f86661c078604587c65403b18825c608537bcb68ab2c251f652?s=96&d=identicon&r=g\",\"url\":\"https:\\\/\\\/secure.gravatar.com\\\/avatar\\\/5db6107a4eb94f86661c078604587c65403b18825c608537bcb68ab2c251f652?s=96&d=identicon&r=g\",\"contentUrl\":\"https:\\\/\\\/secure.gravatar.com\\\/avatar\\\/5db6107a4eb94f86661c078604587c65403b18825c608537bcb68ab2c251f652?s=96&d=identicon&r=g\",\"caption\":\"Vu Nguyen\"},\"url\":\"https:\\\/\\\/uniavisen.dk\\\/en\\\/author\\\/vu-nguyen\\\/\"}]}<\/script>\n<!-- \/ Yoast SEO plugin. -->","yoast_head_json":{"title":"New students welcomed at Matriculation Ceremony 2023","description":"This is what it looked like when this year's new cohort of students turned up at their own University of Copenhagen for the first time.","robots":{"index":"index","follow":"follow","max-snippet":"max-snippet:-1","max-image-preview":"max-image-preview:large","max-video-preview":"max-video-preview:-1"},"canonical":"https:\/\/uniavisen.dk\/en\/new-students-welcomed-at-matriculation-ceremony-2023\/","og_locale":"en_US","og_type":"article","og_title":"New students welcomed at Matriculation Ceremony 2023","og_description":"This is what it looked like when this year's new cohort of students turned up at their own University of Copenhagen for the first time.","og_url":"https:\/\/uniavisen.dk\/en\/new-students-welcomed-at-matriculation-ceremony-2023\/","og_site_name":"University Post","article_publisher":"https:\/\/www.facebook.com\/uniavis","article_published_time":"2023-09-01T02:35:13+00:00","article_modified_time":"2023-09-01T11:36:39+00:00","og_image":[{"width":2560,"height":1595,"url":"http:\/\/uniavisen.dk\/wp-content\/uploads\/2023\/08\/dsc4095-scaled.jpg","type":"image\/jpeg"}],"author":"Vu Nguyen","twitter_card":"summary_large_image","twitter_description":"This is what it looked like when this year's new cohort of students turned up at their own University of Copenhagen for the first time.","twitter_image":"https:\/\/uniavisen.dk\/wp-content\/uploads\/2023\/08\/dsc4095-scaled.jpg","twitter_creator":"@Uniavisen","twitter_site":"@Uniavisen","twitter_misc":{"Written by":"Vu Nguyen","Est. reading time":"2 minutes"},"schema":{"@context":"https:\/\/schema.org","@graph":[{"@type":"Article","@id":"https:\/\/uniavisen.dk\/en\/new-students-welcomed-at-matriculation-ceremony-2023\/#article","isPartOf":{"@id":"https:\/\/uniavisen.dk\/en\/new-students-welcomed-at-matriculation-ceremony-2023\/"},"author":{"name":"Vu Nguyen","@id":"https:\/\/uniavisen.dk\/#\/schema\/person\/9047fce6501e5be65541fd128663cce4"},"headline":"New students welcomed at Matriculation Ceremony 2023","datePublished":"2023-09-01T02:35:13+00:00","dateModified":"2023-09-01T11:36:39+00:00","mainEntityOfPage":{"@id":"https:\/\/uniavisen.dk\/en\/new-students-welcomed-at-matriculation-ceremony-2023\/"},"wordCount":392,"image":{"@id":"https:\/\/uniavisen.dk\/en\/new-students-welcomed-at-matriculation-ceremony-2023\/#primaryimage"},"thumbnailUrl":"https:\/\/uniavisen.dk\/wp-content\/uploads\/2023\/08\/dsc4095-scaled.jpg","keywords":["Matriculation Ceremony"],"articleSection":["Student life"],"inLanguage":"en-US"},{"@type":"WebPage","@id":"https:\/\/uniavisen.dk\/en\/new-students-welcomed-at-matriculation-ceremony-2023\/","url":"https:\/\/uniavisen.dk\/en\/new-students-welcomed-at-matriculation-ceremony-2023\/","name":"New students welcomed at Matriculation Ceremony 2023","isPartOf":{"@id":"https:\/\/uniavisen.dk\/#website"},"primaryImageOfPage":{"@id":"https:\/\/uniavisen.dk\/en\/new-students-welcomed-at-matriculation-ceremony-2023\/#primaryimage"},"image":{"@id":"https:\/\/uniavisen.dk\/en\/new-students-welcomed-at-matriculation-ceremony-2023\/#primaryimage"},"thumbnailUrl":"https:\/\/uniavisen.dk\/wp-content\/uploads\/2023\/08\/dsc4095-scaled.jpg","datePublished":"2023-09-01T02:35:13+00:00","dateModified":"2023-09-01T11:36:39+00:00","author":{"@id":"https:\/\/uniavisen.dk\/#\/schema\/person\/9047fce6501e5be65541fd128663cce4"},"description":"This is what it looked like when this year's new cohort of students turned up at their own University of Copenhagen for the first time.","breadcrumb":{"@id":"https:\/\/uniavisen.dk\/en\/new-students-welcomed-at-matriculation-ceremony-2023\/#breadcrumb"},"inLanguage":"en-US","potentialAction":[{"@type":"ReadAction","target":["https:\/\/uniavisen.dk\/en\/new-students-welcomed-at-matriculation-ceremony-2023\/"]}]},{"@type":"ImageObject","inLanguage":"en-US","@id":"https:\/\/uniavisen.dk\/en\/new-students-welcomed-at-matriculation-ceremony-2023\/#primaryimage","url":"https:\/\/uniavisen.dk\/wp-content\/uploads\/2023\/08\/dsc4095-scaled.jpg","contentUrl":"https:\/\/uniavisen.dk\/wp-content\/uploads\/2023\/08\/dsc4095-scaled.jpg","width":2560,"height":1595},{"@type":"BreadcrumbList","@id":"https:\/\/uniavisen.dk\/en\/new-students-welcomed-at-matriculation-ceremony-2023\/#breadcrumb","itemListElement":[{"@type":"ListItem","position":1,"name":"Home","item":"https:\/\/uniavisen.dk\/en\/"},{"@type":"ListItem","position":2,"name":"New students welcomed at Matriculation Ceremony 2023"}]},{"@type":"WebSite","@id":"https:\/\/uniavisen.dk\/#website","url":"https:\/\/uniavisen.dk\/","name":"University Post","description":"Independent of management","potentialAction":[{"@type":"SearchAction","target":{"@type":"EntryPoint","urlTemplate":"https:\/\/uniavisen.dk\/?s={search_term_string}"},"query-input":{"@type":"PropertyValueSpecification","valueRequired":true,"valueName":"search_term_string"}}],"inLanguage":"en-US"},{"@type":"Person","@id":"https:\/\/uniavisen.dk\/#\/schema\/person\/9047fce6501e5be65541fd128663cce4","name":"Vu Nguyen","image":{"@type":"ImageObject","inLanguage":"en-US","@id":"https:\/\/secure.gravatar.com\/avatar\/5db6107a4eb94f86661c078604587c65403b18825c608537bcb68ab2c251f652?s=96&d=identicon&r=g","url":"https:\/\/secure.gravatar.com\/avatar\/5db6107a4eb94f86661c078604587c65403b18825c608537bcb68ab2c251f652?s=96&d=identicon&r=g","contentUrl":"https:\/\/secure.gravatar.com\/avatar\/5db6107a4eb94f86661c078604587c65403b18825c608537bcb68ab2c251f652?s=96&d=identicon&r=g","caption":"Vu Nguyen"},"url":"https:\/\/uniavisen.dk\/en\/author\/vu-nguyen\/"}]}},"advancedCustomFields":{"expression":{"term_id":14,"name":"Portrait Article","slug":"portrait_article","term_group":0,"term_taxonomy_id":14,"taxonomy":"expression","description":"","parent":0,"count":802,"filter":"raw"},"enable_comments":true,"align_content":"aligncenter","feature_color":"","article_updated":"","layout_group":[{"acf_fc_layout":"Headline","use_post_title":true,"headline":"","style":"default","highlighted_words":"","text_size":"small"},{"acf_fc_layout":"Image","image":{"ID":153991,"id":153991,"title":"_DSC3972","filename":"dsc3972-scaled.jpg","filesize":1029453,"url":"https:\/\/uniavisen.dk\/wp-content\/uploads\/2023\/08\/dsc3972-scaled.jpg","link":"https:\/\/uniavisen.dk\/en\/nye-studerende-blev-budt-velkommen-til-aarets-immatrikulationfest\/_dsc3972\/","alt":"","author":"99","description":"","caption":"If\u00f8lge fagforeningen DM viser en ny unders\u00f8gelse, at f\u00e6rdiguddannede universitetsstuderende er hurtigere i arbejde, end mange umiddelbart t\u00e6nker. Arkivfoto er fra Immatrikulationen 2023.","name":"_dsc3972","status":"inherit","uploaded_to":153976,"date":"2023-08-28 11:33:30","modified":"2024-07-31 11:58:01","menu_order":0,"mime_type":"image\/jpeg","type":"image","subtype":"jpeg","icon":"https:\/\/uniavisen.dk\/wp-includes\/images\/media\/default.png","width":2560,"height":1709,"sizes":{"thumbnail":"https:\/\/uniavisen.dk\/wp-content\/uploads\/2023\/08\/dsc3972-150x150.jpg","thumbnail-width":150,"thumbnail-height":150,"medium":"https:\/\/uniavisen.dk\/wp-content\/uploads\/2023\/08\/dsc3972-480x320.jpg","medium-width":480,"medium-height":320,"medium_large":"https:\/\/uniavisen.dk\/wp-content\/uploads\/2023\/08\/dsc3972-768x513.jpg","medium_large-width":768,"medium_large-height":513,"large":"https:\/\/uniavisen.dk\/wp-content\/uploads\/2023\/08\/dsc3972-1280x854.jpg","large-width":1280,"large-height":854,"1536x1536":"https:\/\/uniavisen.dk\/wp-content\/uploads\/2023\/08\/dsc3972-1536x1025.jpg","1536x1536-width":1536,"1536x1536-height":1025,"2048x2048":"https:\/\/uniavisen.dk\/wp-content\/uploads\/2023\/08\/dsc3972-2048x1367.jpg","2048x2048-width":2048,"2048x2048-height":1367,"featured-soft":"https:\/\/uniavisen.dk\/wp-content\/uploads\/2023\/08\/dsc3972-290x194.jpg","featured-soft-width":290,"featured-soft-height":194,"featured-hard":"https:\/\/uniavisen.dk\/wp-content\/uploads\/2023\/08\/dsc3972-290x180.jpg","featured-hard-width":290,"featured-hard-height":180,"narrow":"https:\/\/uniavisen.dk\/wp-content\/uploads\/2023\/08\/dsc3972-700x467.jpg","narrow-width":700,"narrow-height":467,"extended":"https:\/\/uniavisen.dk\/wp-content\/uploads\/2023\/08\/dsc3972-990x661.jpg","extended-width":990,"extended-height":661}},"style":"full","text_placement":"metadata-below","image_link_url":"","image_link_title":"","caption_prefix":"","enable_alternative_caption":true,"alternative_caption":"Copenhagen\u2019s inner city reverberated to the voices of thousands of new students. They converged on the central Frue Plads square to see their university for the first time Friday 25 August."},{"acf_fc_layout":"Standfirst","subject":"Matriculation","text":"This is what it looked like when this year's new cohort of students turned up at their own University of Copenhagen for the first time.","use_post_excerpt":false},{"acf_fc_layout":"Byline","is_author":false,"contributors":[{"use_registered_user":true,"user":{"ID":102,"user_firstname":"Vu","user_lastname":"Nguyen","nickname":"Vu Nguyen","user_nicename":"vu-nguyen","display_name":"Vu Nguyen","user_email":"vun@uniavisen.dk","user_url":"","user_registered":"2023-08-01 12:22:44","user_description":"","user_avatar":"<img alt='' src='https:\/\/secure.gravatar.com\/avatar\/5db6107a4eb94f86661c078604587c65403b18825c608537bcb68ab2c251f652?s=96&#038;d=identicon&#038;r=g' srcset='https:\/\/secure.gravatar.com\/avatar\/5db6107a4eb94f86661c078604587c65403b18825c608537bcb68ab2c251f652?s=192&#038;d=identicon&#038;r=g 2x' class='avatar avatar-96 photo' height='96' width='96' loading='lazy' decoding='async'\/>"},"contributor_name":"","contributor_title":"","contributor_image":false},{"use_registered_user":true,"user":{"ID":99,"user_firstname":"Camilla","user_lastname":"Skovgaard","nickname":"Camilla Skovgaard","user_nicename":"camilla-skovgaard-thomsen","display_name":"Camilla Skovgaard","user_email":"cst@uniavisen.dk","user_url":"","user_registered":"2023-03-01 09:47:46","user_description":"","user_avatar":"<img alt='' src='https:\/\/secure.gravatar.com\/avatar\/0041bcbe7878ff0a96907c167293ec08051266fb28cdc0ef44598cb0049b5288?s=96&#038;d=identicon&#038;r=g' srcset='https:\/\/secure.gravatar.com\/avatar\/0041bcbe7878ff0a96907c167293ec08051266fb28cdc0ef44598cb0049b5288?s=192&#038;d=identicon&#038;r=g 2x' class='avatar avatar-96 photo' height='96' width='96' loading='lazy' decoding='async'\/>"},"contributor_name":"","contributor_title":"","contributor_image":false}]},{"acf_fc_layout":"Content","content":"<p>The University of Copenhagen is a very traditional place.<\/p>\n<p>This was brought home to new students when they were welcomed at the University of Copenhagen with the singing of a polyphonic male choir.<\/p>\n<p>They were also presented to the top managers of the university who were dressed in their traditional long robes for the occasion, and had the, also traditional, opportunity to greet the rector with a handshake. This year, the University of Copenhagen&#8217;s matriculation ritual took place on Friday 25 August.<\/p>\n"},{"acf_fc_layout":"MultiImage","images":[{"image":{"ID":153995,"id":153995,"title":"_DSC3930","filename":"dsc3930-1-scaled.jpg","filesize":1344056,"url":"https:\/\/uniavisen.dk\/wp-content\/uploads\/2023\/08\/dsc3930-1-scaled.jpg","link":"https:\/\/uniavisen.dk\/en\/nye-studerende-blev-budt-velkommen-til-aarets-immatrikulationfest\/_dsc3930-2\/","alt":"","author":"99","description":"","caption":"De studerende m\u00e5tte flere gange rykke sammen, s\u00e5 der var plads til alle.","name":"_dsc3930-2","status":"inherit","uploaded_to":153976,"date":"2023-08-28 11:35:05","modified":"2023-08-28 12:12:36","menu_order":0,"mime_type":"image\/jpeg","type":"image","subtype":"jpeg","icon":"https:\/\/uniavisen.dk\/wp-includes\/images\/media\/default.png","width":2560,"height":1763,"sizes":{"thumbnail":"https:\/\/uniavisen.dk\/wp-content\/uploads\/2023\/08\/dsc3930-1-150x150.jpg","thumbnail-width":150,"thumbnail-height":150,"medium":"https:\/\/uniavisen.dk\/wp-content\/uploads\/2023\/08\/dsc3930-1-480x331.jpg","medium-width":480,"medium-height":331,"medium_large":"https:\/\/uniavisen.dk\/wp-content\/uploads\/2023\/08\/dsc3930-1-768x529.jpg","medium_large-width":768,"medium_large-height":529,"large":"https:\/\/uniavisen.dk\/wp-content\/uploads\/2023\/08\/dsc3930-1-1280x882.jpg","large-width":1280,"large-height":882,"1536x1536":"https:\/\/uniavisen.dk\/wp-content\/uploads\/2023\/08\/dsc3930-1-1536x1058.jpg","1536x1536-width":1536,"1536x1536-height":1058,"2048x2048":"https:\/\/uniavisen.dk\/wp-content\/uploads\/2023\/08\/dsc3930-1-2048x1411.jpg","2048x2048-width":2048,"2048x2048-height":1411,"featured-soft":"https:\/\/uniavisen.dk\/wp-content\/uploads\/2023\/08\/dsc3930-1-290x200.jpg","featured-soft-width":290,"featured-soft-height":200,"featured-hard":"https:\/\/uniavisen.dk\/wp-content\/uploads\/2023\/08\/dsc3930-1-290x180.jpg","featured-hard-width":290,"featured-hard-height":180,"narrow":"https:\/\/uniavisen.dk\/wp-content\/uploads\/2023\/08\/dsc3930-1-700x482.jpg","narrow-width":700,"narrow-height":482,"extended":"https:\/\/uniavisen.dk\/wp-content\/uploads\/2023\/08\/dsc3930-1-990x682.jpg","extended-width":990,"extended-height":682}},"caption_prefix":"","enable_alternative_caption":true,"alternative_caption":"The students had to cram together multiple times to make enough space for everyone."},{"image":{"ID":154017,"id":154017,"title":"_DSC4161","filename":"dsc4161-scaled.jpg","filesize":1069265,"url":"https:\/\/uniavisen.dk\/wp-content\/uploads\/2023\/08\/dsc4161-scaled.jpg","link":"https:\/\/uniavisen.dk\/en\/nye-studerende-blev-budt-velkommen-til-aarets-immatrikulationfest\/_dsc4161\/","alt":"","author":"99","description":"","caption":"Tutorer gjorde klar til at byde nye studerende velkommen.","name":"_dsc4161","status":"inherit","uploaded_to":153976,"date":"2023-08-28 11:43:24","modified":"2023-08-28 12:16:02","menu_order":0,"mime_type":"image\/jpeg","type":"image","subtype":"jpeg","icon":"https:\/\/uniavisen.dk\/wp-includes\/images\/media\/default.png","width":2560,"height":1593,"sizes":{"thumbnail":"https:\/\/uniavisen.dk\/wp-content\/uploads\/2023\/08\/dsc4161-150x150.jpg","thumbnail-width":150,"thumbnail-height":150,"medium":"https:\/\/uniavisen.dk\/wp-content\/uploads\/2023\/08\/dsc4161-480x299.jpg","medium-width":480,"medium-height":299,"medium_large":"https:\/\/uniavisen.dk\/wp-content\/uploads\/2023\/08\/dsc4161-768x478.jpg","medium_large-width":768,"medium_large-height":478,"large":"https:\/\/uniavisen.dk\/wp-content\/uploads\/2023\/08\/dsc4161-1280x796.jpg","large-width":1280,"large-height":796,"1536x1536":"https:\/\/uniavisen.dk\/wp-content\/uploads\/2023\/08\/dsc4161-1536x956.jpg","1536x1536-width":1536,"1536x1536-height":956,"2048x2048":"https:\/\/uniavisen.dk\/wp-content\/uploads\/2023\/08\/dsc4161-2048x1274.jpg","2048x2048-width":2048,"2048x2048-height":1274,"featured-soft":"https:\/\/uniavisen.dk\/wp-content\/uploads\/2023\/08\/dsc4161-290x180.jpg","featured-soft-width":290,"featured-soft-height":180,"featured-hard":"https:\/\/uniavisen.dk\/wp-content\/uploads\/2023\/08\/dsc4161-290x180.jpg","featured-hard-width":290,"featured-hard-height":180,"narrow":"https:\/\/uniavisen.dk\/wp-content\/uploads\/2023\/08\/dsc4161-700x436.jpg","narrow-width":700,"narrow-height":436,"extended":"https:\/\/uniavisen.dk\/wp-content\/uploads\/2023\/08\/dsc4161-990x616.jpg","extended-width":990,"extended-height":616}},"caption_prefix":"","enable_alternative_caption":true,"alternative_caption":"Tutors prepared to welcome the new students.."},{"image":{"ID":153993,"id":153993,"title":"_DSC3978","filename":"dsc3978-scaled.jpg","filesize":727497,"url":"https:\/\/uniavisen.dk\/wp-content\/uploads\/2023\/08\/dsc3978-scaled.jpg","link":"https:\/\/uniavisen.dk\/en\/nye-studerende-blev-budt-velkommen-til-aarets-immatrikulationfest\/_dsc3978\/","alt":"","author":"99","description":"","caption":"Alle nye studerende var inviteret til immatrikulationsfest. ","name":"_dsc3978","status":"inherit","uploaded_to":153976,"date":"2023-08-28 11:35:01","modified":"2023-08-28 12:15:43","menu_order":0,"mime_type":"image\/jpeg","type":"image","subtype":"jpeg","icon":"https:\/\/uniavisen.dk\/wp-includes\/images\/media\/default.png","width":2560,"height":1709,"sizes":{"thumbnail":"https:\/\/uniavisen.dk\/wp-content\/uploads\/2023\/08\/dsc3978-150x150.jpg","thumbnail-width":150,"thumbnail-height":150,"medium":"https:\/\/uniavisen.dk\/wp-content\/uploads\/2023\/08\/dsc3978-480x320.jpg","medium-width":480,"medium-height":320,"medium_large":"https:\/\/uniavisen.dk\/wp-content\/uploads\/2023\/08\/dsc3978-768x513.jpg","medium_large-width":768,"medium_large-height":513,"large":"https:\/\/uniavisen.dk\/wp-content\/uploads\/2023\/08\/dsc3978-1280x854.jpg","large-width":1280,"large-height":854,"1536x1536":"https:\/\/uniavisen.dk\/wp-content\/uploads\/2023\/08\/dsc3978-1536x1025.jpg","1536x1536-width":1536,"1536x1536-height":1025,"2048x2048":"https:\/\/uniavisen.dk\/wp-content\/uploads\/2023\/08\/dsc3978-2048x1367.jpg","2048x2048-width":2048,"2048x2048-height":1367,"featured-soft":"https:\/\/uniavisen.dk\/wp-content\/uploads\/2023\/08\/dsc3978-290x194.jpg","featured-soft-width":290,"featured-soft-height":194,"featured-hard":"https:\/\/uniavisen.dk\/wp-content\/uploads\/2023\/08\/dsc3978-290x180.jpg","featured-hard-width":290,"featured-hard-height":180,"narrow":"https:\/\/uniavisen.dk\/wp-content\/uploads\/2023\/08\/dsc3978-700x467.jpg","narrow-width":700,"narrow-height":467,"extended":"https:\/\/uniavisen.dk\/wp-content\/uploads\/2023\/08\/dsc3978-990x661.jpg","extended-width":990,"extended-height":661}},"caption_prefix":"","enable_alternative_caption":true,"alternative_caption":"All new students were invited to the matriculation festivities."}]},{"acf_fc_layout":"Content","content":"<p>For many of the new students, the matriculation ceremony is the very first time they see their new university. They turned up in large numbers and had to be herded further into the already crowded Frue Plads multiple times to make room for everyone.<\/p>\n<p>The huge crowd looked partly expectant, partly nervous as they were welcomed by Prorector for Education Kristian Cedervall Lauta.<\/p>\n<p>The University Post was there to take stock of this year&#8217;s matriculation celebration.<\/p>\n"},{"acf_fc_layout":"Image","image":{"ID":153983,"id":153983,"title":"_DSC3901","filename":"dsc3901-scaled.jpg","filesize":625545,"url":"https:\/\/uniavisen.dk\/wp-content\/uploads\/2023\/08\/dsc3901-scaled.jpg","link":"https:\/\/uniavisen.dk\/en\/nye-studerende-blev-budt-velkommen-til-aarets-immatrikulationfest\/_dsc3901\/","alt":"","author":"99","description":"","caption":"","name":"_dsc3901","status":"inherit","uploaded_to":153976,"date":"2023-08-28 11:30:48","modified":"2023-08-28 12:00:57","menu_order":0,"mime_type":"image\/jpeg","type":"image","subtype":"jpeg","icon":"https:\/\/uniavisen.dk\/wp-includes\/images\/media\/default.png","width":2560,"height":1709,"sizes":{"thumbnail":"https:\/\/uniavisen.dk\/wp-content\/uploads\/2023\/08\/dsc3901-150x150.jpg","thumbnail-width":150,"thumbnail-height":150,"medium":"https:\/\/uniavisen.dk\/wp-content\/uploads\/2023\/08\/dsc3901-480x320.jpg","medium-width":480,"medium-height":320,"medium_large":"https:\/\/uniavisen.dk\/wp-content\/uploads\/2023\/08\/dsc3901-768x513.jpg","medium_large-width":768,"medium_large-height":513,"large":"https:\/\/uniavisen.dk\/wp-content\/uploads\/2023\/08\/dsc3901-1280x854.jpg","large-width":1280,"large-height":854,"1536x1536":"https:\/\/uniavisen.dk\/wp-content\/uploads\/2023\/08\/dsc3901-1536x1025.jpg","1536x1536-width":1536,"1536x1536-height":1025,"2048x2048":"https:\/\/uniavisen.dk\/wp-content\/uploads\/2023\/08\/dsc3901-2048x1367.jpg","2048x2048-width":2048,"2048x2048-height":1367,"featured-soft":"https:\/\/uniavisen.dk\/wp-content\/uploads\/2023\/08\/dsc3901-290x194.jpg","featured-soft-width":290,"featured-soft-height":194,"featured-hard":"https:\/\/uniavisen.dk\/wp-content\/uploads\/2023\/08\/dsc3901-290x180.jpg","featured-hard-width":290,"featured-hard-height":180,"narrow":"https:\/\/uniavisen.dk\/wp-content\/uploads\/2023\/08\/dsc3901-700x467.jpg","narrow-width":700,"narrow-height":467,"extended":"https:\/\/uniavisen.dk\/wp-content\/uploads\/2023\/08\/dsc3901-990x661.jpg","extended-width":990,"extended-height":661}},"style":"extended","text_placement":"metadata-below","image_link_url":"","image_link_title":"","caption_prefix":"","enable_alternative_caption":true,"alternative_caption":"Ruqaya Al-Kabani"},{"acf_fc_layout":"Content","content":"<h3>Ruqaya Al-Kabani, 19 years old, student of Medicine<\/h3>\n<p>\u00bbIt feels pretty cool, because I&#8217;ve been used to talking to the same people for three years in a row at secondary school. It&#8217;s like opening a window for some fresh air.\u00ab<\/p>\n<blockquote><p>It&#8217;s like opening a window for some fresh air<\/p><\/blockquote>\n<p>\u00bbIt is very noisy here on the square today, and I don&#8217;t usually like that. But it&#8217;s fine, because I have to learn to socialize with new people I don&#8217;t even know. It&#8217;s gone well so far, and I&#8217;ve already gotten to know quite a few people.\u00ab<\/p>\n"},{"acf_fc_layout":"Image","image":{"ID":153979,"id":153979,"title":"_DSC3870","filename":"dsc3870-scaled.jpg","filesize":733551,"url":"https:\/\/uniavisen.dk\/wp-content\/uploads\/2023\/08\/dsc3870-scaled.jpg","link":"https:\/\/uniavisen.dk\/en\/nye-studerende-blev-budt-velkommen-til-aarets-immatrikulationfest\/_dsc3870\/","alt":"","author":"99","description":"","caption":"","name":"_dsc3870","status":"inherit","uploaded_to":153976,"date":"2023-08-28 11:29:26","modified":"2023-08-28 12:01:41","menu_order":0,"mime_type":"image\/jpeg","type":"image","subtype":"jpeg","icon":"https:\/\/uniavisen.dk\/wp-includes\/images\/media\/default.png","width":2560,"height":1686,"sizes":{"thumbnail":"https:\/\/uniavisen.dk\/wp-content\/uploads\/2023\/08\/dsc3870-150x150.jpg","thumbnail-width":150,"thumbnail-height":150,"medium":"https:\/\/uniavisen.dk\/wp-content\/uploads\/2023\/08\/dsc3870-480x316.jpg","medium-width":480,"medium-height":316,"medium_large":"https:\/\/uniavisen.dk\/wp-content\/uploads\/2023\/08\/dsc3870-768x506.jpg","medium_large-width":768,"medium_large-height":506,"large":"https:\/\/uniavisen.dk\/wp-content\/uploads\/2023\/08\/dsc3870-1280x843.jpg","large-width":1280,"large-height":843,"1536x1536":"https:\/\/uniavisen.dk\/wp-content\/uploads\/2023\/08\/dsc3870-1536x1012.jpg","1536x1536-width":1536,"1536x1536-height":1012,"2048x2048":"https:\/\/uniavisen.dk\/wp-content\/uploads\/2023\/08\/dsc3870-2048x1349.jpg","2048x2048-width":2048,"2048x2048-height":1349,"featured-soft":"https:\/\/uniavisen.dk\/wp-content\/uploads\/2023\/08\/dsc3870-290x191.jpg","featured-soft-width":290,"featured-soft-height":191,"featured-hard":"https:\/\/uniavisen.dk\/wp-content\/uploads\/2023\/08\/dsc3870-290x180.jpg","featured-hard-width":290,"featured-hard-height":180,"narrow":"https:\/\/uniavisen.dk\/wp-content\/uploads\/2023\/08\/dsc3870-700x461.jpg","narrow-width":700,"narrow-height":461,"extended":"https:\/\/uniavisen.dk\/wp-content\/uploads\/2023\/08\/dsc3870-990x652.jpg","extended-width":990,"extended-height":652}},"style":"extended","text_placement":"metadata-below","image_link_url":"","image_link_title":"","caption_prefix":"","enable_alternative_caption":true,"alternative_caption":"Cassandra Skov"},{"acf_fc_layout":"Content","content":"<h3>Cassandra Skov, 24 years old, student of English<\/h3>\n<p>\u00bbI actually feel great, but it is hot around here! I like that everyone gets together here and listens to speeches so we can all get into the spirit of things.\u00ab<\/p>\n<p>\u00bbMy expectations for today are that I get more information and a good welcome to the study programme.\u00ab<\/p>\n"},{"acf_fc_layout":"Image","image":{"ID":153981,"id":153981,"title":"_DSC3878","filename":"dsc3878-scaled.jpg","filesize":699558,"url":"https:\/\/uniavisen.dk\/wp-content\/uploads\/2023\/08\/dsc3878-scaled.jpg","link":"https:\/\/uniavisen.dk\/en\/nye-studerende-blev-budt-velkommen-til-aarets-immatrikulationfest\/_dsc3878\/","alt":"","author":"99","description":"","caption":"","name":"_dsc3878","status":"inherit","uploaded_to":153976,"date":"2023-08-28 11:29:33","modified":"2023-08-28 12:02:36","menu_order":0,"mime_type":"image\/jpeg","type":"image","subtype":"jpeg","icon":"https:\/\/uniavisen.dk\/wp-includes\/images\/media\/default.png","width":2560,"height":1709,"sizes":{"thumbnail":"https:\/\/uniavisen.dk\/wp-content\/uploads\/2023\/08\/dsc3878-150x150.jpg","thumbnail-width":150,"thumbnail-height":150,"medium":"https:\/\/uniavisen.dk\/wp-content\/uploads\/2023\/08\/dsc3878-480x320.jpg","medium-width":480,"medium-height":320,"medium_large":"https:\/\/uniavisen.dk\/wp-content\/uploads\/2023\/08\/dsc3878-768x513.jpg","medium_large-width":768,"medium_large-height":513,"large":"https:\/\/uniavisen.dk\/wp-content\/uploads\/2023\/08\/dsc3878-1280x854.jpg","large-width":1280,"large-height":854,"1536x1536":"https:\/\/uniavisen.dk\/wp-content\/uploads\/2023\/08\/dsc3878-1536x1025.jpg","1536x1536-width":1536,"1536x1536-height":1025,"2048x2048":"https:\/\/uniavisen.dk\/wp-content\/uploads\/2023\/08\/dsc3878-2048x1367.jpg","2048x2048-width":2048,"2048x2048-height":1367,"featured-soft":"https:\/\/uniavisen.dk\/wp-content\/uploads\/2023\/08\/dsc3878-290x194.jpg","featured-soft-width":290,"featured-soft-height":194,"featured-hard":"https:\/\/uniavisen.dk\/wp-content\/uploads\/2023\/08\/dsc3878-290x180.jpg","featured-hard-width":290,"featured-hard-height":180,"narrow":"https:\/\/uniavisen.dk\/wp-content\/uploads\/2023\/08\/dsc3878-700x467.jpg","narrow-width":700,"narrow-height":467,"extended":"https:\/\/uniavisen.dk\/wp-content\/uploads\/2023\/08\/dsc3878-990x661.jpg","extended-width":990,"extended-height":661}},"style":"extended","text_placement":"metadata-below","image_link_url":"","image_link_title":"","caption_prefix":"","enable_alternative_caption":true,"alternative_caption":"Maximillian Moser"},{"acf_fc_layout":"Content","content":"<h3>Maximillian Moser, age 23, student of Quantum Information Science<\/h3>\n<p>\u00bbI&#8217;m really looking forward to the programme \u2013 and to studying in general. All the subjects look really interesting.\u00ab<\/p>\n<p>\u00bbI arrived ten minutes ago and have already met a lot of people, so I have already fulfilled my expectations for today. I hadn&#8217;t expected to do this in such a short time. So I like this day so far.\u00ab<\/p>\n"},{"acf_fc_layout":"MultiImage","images":[{"image":{"ID":153989,"id":153989,"title":"_DSC3927","filename":"dsc3927-1-scaled.jpg","filesize":1165400,"url":"https:\/\/uniavisen.dk\/wp-content\/uploads\/2023\/08\/dsc3927-1-scaled.jpg","link":"https:\/\/uniavisen.dk\/en\/nye-studerende-blev-budt-velkommen-til-aarets-immatrikulationfest\/_dsc3927-2\/","alt":"","author":"99","description":"","caption":"Arkivfoto: Studerende samlet p\u00e5 trappen ved Frue Plads.","name":"_dsc3927-2","status":"inherit","uploaded_to":153976,"date":"2023-08-28 11:33:29","modified":"2025-10-09 08:13:51","menu_order":0,"mime_type":"image\/jpeg","type":"image","subtype":"jpeg","icon":"https:\/\/uniavisen.dk\/wp-includes\/images\/media\/default.png","width":2560,"height":1754,"sizes":{"thumbnail":"https:\/\/uniavisen.dk\/wp-content\/uploads\/2023\/08\/dsc3927-1-150x150.jpg","thumbnail-width":150,"thumbnail-height":150,"medium":"https:\/\/uniavisen.dk\/wp-content\/uploads\/2023\/08\/dsc3927-1-480x329.jpg","medium-width":480,"medium-height":329,"medium_large":"https:\/\/uniavisen.dk\/wp-content\/uploads\/2023\/08\/dsc3927-1-768x526.jpg","medium_large-width":768,"medium_large-height":526,"large":"https:\/\/uniavisen.dk\/wp-content\/uploads\/2023\/08\/dsc3927-1-1280x877.jpg","large-width":1280,"large-height":877,"1536x1536":"https:\/\/uniavisen.dk\/wp-content\/uploads\/2023\/08\/dsc3927-1-1536x1052.jpg","1536x1536-width":1536,"1536x1536-height":1052,"2048x2048":"https:\/\/uniavisen.dk\/wp-content\/uploads\/2023\/08\/dsc3927-1-2048x1403.jpg","2048x2048-width":2048,"2048x2048-height":1403,"featured-soft":"https:\/\/uniavisen.dk\/wp-content\/uploads\/2023\/08\/dsc3927-1-290x199.jpg","featured-soft-width":290,"featured-soft-height":199,"featured-hard":"https:\/\/uniavisen.dk\/wp-content\/uploads\/2023\/08\/dsc3927-1-290x180.jpg","featured-hard-width":290,"featured-hard-height":180,"narrow":"https:\/\/uniavisen.dk\/wp-content\/uploads\/2023\/08\/dsc3927-1-700x480.jpg","narrow-width":700,"narrow-height":480,"extended":"https:\/\/uniavisen.dk\/wp-content\/uploads\/2023\/08\/dsc3927-1-990x678.jpg","extended-width":990,"extended-height":678}},"caption_prefix":"","enable_alternative_caption":true,"alternative_caption":"Students gathered on the steps of Frue Plads.\u00a0"},{"image":{"ID":154015,"id":154015,"title":"_DSC4154","filename":"dsc4154-scaled.jpg","filesize":899329,"url":"https:\/\/uniavisen.dk\/wp-content\/uploads\/2023\/08\/dsc4154-scaled.jpg","link":"https:\/\/uniavisen.dk\/en\/nye-studerende-blev-budt-velkommen-til-aarets-immatrikulationfest\/_dsc4154\/","alt":"","author":"99","description":"","caption":"Tutorerne stod klar med bannere efter velkomsten p\u00e5 Frue Plads.","name":"_dsc4154","status":"inherit","uploaded_to":153976,"date":"2023-08-28 11:42:13","modified":"2023-08-28 12:11:35","menu_order":0,"mime_type":"image\/jpeg","type":"image","subtype":"jpeg","icon":"https:\/\/uniavisen.dk\/wp-includes\/images\/media\/default.png","width":2560,"height":1709,"sizes":{"thumbnail":"https:\/\/uniavisen.dk\/wp-content\/uploads\/2023\/08\/dsc4154-150x150.jpg","thumbnail-width":150,"thumbnail-height":150,"medium":"https:\/\/uniavisen.dk\/wp-content\/uploads\/2023\/08\/dsc4154-480x320.jpg","medium-width":480,"medium-height":320,"medium_large":"https:\/\/uniavisen.dk\/wp-content\/uploads\/2023\/08\/dsc4154-768x513.jpg","medium_large-width":768,"medium_large-height":513,"large":"https:\/\/uniavisen.dk\/wp-content\/uploads\/2023\/08\/dsc4154-1280x854.jpg","large-width":1280,"large-height":854,"1536x1536":"https:\/\/uniavisen.dk\/wp-content\/uploads\/2023\/08\/dsc4154-1536x1025.jpg","1536x1536-width":1536,"1536x1536-height":1025,"2048x2048":"https:\/\/uniavisen.dk\/wp-content\/uploads\/2023\/08\/dsc4154-2048x1367.jpg","2048x2048-width":2048,"2048x2048-height":1367,"featured-soft":"https:\/\/uniavisen.dk\/wp-content\/uploads\/2023\/08\/dsc4154-290x194.jpg","featured-soft-width":290,"featured-soft-height":194,"featured-hard":"https:\/\/uniavisen.dk\/wp-content\/uploads\/2023\/08\/dsc4154-290x180.jpg","featured-hard-width":290,"featured-hard-height":180,"narrow":"https:\/\/uniavisen.dk\/wp-content\/uploads\/2023\/08\/dsc4154-700x467.jpg","narrow-width":700,"narrow-height":467,"extended":"https:\/\/uniavisen.dk\/wp-content\/uploads\/2023\/08\/dsc4154-990x661.jpg","extended-width":990,"extended-height":661}},"caption_prefix":"","enable_alternative_caption":true,"alternative_caption":"The tutors were ready with banners after the welcoming on Frue Plads."}]},{"acf_fc_layout":"Image","image":{"ID":154009,"id":154009,"title":"_DSC4095","filename":"dsc4095-scaled.jpg","filesize":810949,"url":"https:\/\/uniavisen.dk\/wp-content\/uploads\/2023\/08\/dsc4095-scaled.jpg","link":"https:\/\/uniavisen.dk\/en\/nye-studerende-blev-budt-velkommen-til-aarets-immatrikulationfest\/_dsc4095\/","alt":"","author":"99","description":"","caption":"","name":"_dsc4095","status":"inherit","uploaded_to":153976,"date":"2023-08-28 11:39:38","modified":"2023-08-28 12:30:54","menu_order":0,"mime_type":"image\/jpeg","type":"image","subtype":"jpeg","icon":"https:\/\/uniavisen.dk\/wp-includes\/images\/media\/default.png","width":2560,"height":1595,"sizes":{"thumbnail":"https:\/\/uniavisen.dk\/wp-content\/uploads\/2023\/08\/dsc4095-150x150.jpg","thumbnail-width":150,"thumbnail-height":150,"medium":"https:\/\/uniavisen.dk\/wp-content\/uploads\/2023\/08\/dsc4095-480x299.jpg","medium-width":480,"medium-height":299,"medium_large":"https:\/\/uniavisen.dk\/wp-content\/uploads\/2023\/08\/dsc4095-768x479.jpg","medium_large-width":768,"medium_large-height":479,"large":"https:\/\/uniavisen.dk\/wp-content\/uploads\/2023\/08\/dsc4095-1280x798.jpg","large-width":1280,"large-height":798,"1536x1536":"https:\/\/uniavisen.dk\/wp-content\/uploads\/2023\/08\/dsc4095-1536x957.jpg","1536x1536-width":1536,"1536x1536-height":957,"2048x2048":"https:\/\/uniavisen.dk\/wp-content\/uploads\/2023\/08\/dsc4095-2048x1276.jpg","2048x2048-width":2048,"2048x2048-height":1276,"featured-soft":"https:\/\/uniavisen.dk\/wp-content\/uploads\/2023\/08\/dsc4095-290x181.jpg","featured-soft-width":290,"featured-soft-height":181,"featured-hard":"https:\/\/uniavisen.dk\/wp-content\/uploads\/2023\/08\/dsc4095-290x180.jpg","featured-hard-width":290,"featured-hard-height":180,"narrow":"https:\/\/uniavisen.dk\/wp-content\/uploads\/2023\/08\/dsc4095-700x436.jpg","narrow-width":700,"narrow-height":436,"extended":"https:\/\/uniavisen.dk\/wp-content\/uploads\/2023\/08\/dsc4095-990x617.jpg","extended-width":990,"extended-height":617}},"style":"extended","text_placement":"metadata-below","image_link_url":"","image_link_title":"","caption_prefix":"","enable_alternative_caption":true,"alternative_caption":" True to tradition, many students shook the hand of the robed rector Henrik C. Wegener (front, left) or Prorector for Education Kristan C. Lauta (centre)."},{"acf_fc_layout":"ArticleEnd"},{"acf_fc_layout":"Newsletter","lang_select":"en","identifier":"Newsletter","headline":"Get an email with our top stories","button_text":"Sign up here","class":""},{"acf_fc_layout":"OtherStories","headline":"","hand_picked_posts":false,"references":false,"category":false,"theme":false,"number_of_posts":"4","style":"default"}]},"taxonomyData":{"category":[{"term_id":3792,"name":"Student life","slug":"student-life","term_group":0,"term_taxonomy_id":3792,"taxonomy":"category","description":"","parent":0,"count":160,"filter":"raw"}],"post_tag":[{"term_id":1452,"name":"Matriculation Ceremony","slug":"matriculation-ceremony","term_group":0,"term_taxonomy_id":1452,"taxonomy":"post_tag","description":"","parent":0,"count":5,"filter":"raw"}],"post_format":[],"expression":[{"term_id":14,"name":"Portrait Article","slug":"portrait_article","term_group":0,"term_taxonomy_id":14,"taxonomy":"expression","description":"","parent":0,"count":802,"filter":"raw"}],"translation_priority":[{"term_id":5468,"name":"Optional","slug":"optional-en","term_group":0,"term_taxonomy_id":5468,"taxonomy":"translation_priority","description":"","parent":0,"count":674,"filter":"raw"}]},"featured_media_url":"https:\/\/uniavisen.dk\/wp-content\/uploads\/2023\/08\/dsc4095-1280x798.jpg","_links":{"self":[{"href":"https:\/\/uniavisen.dk\/en\/wp-json\/wp\/v2\/posts\/154125","targetHints":{"allow":["GET"]}}],"collection":[{"href":"https:\/\/uniavisen.dk\/en\/wp-json\/wp\/v2\/posts"}],"about":[{"href":"https:\/\/uniavisen.dk\/en\/wp-json\/wp\/v2\/types\/post"}],"author":[{"embeddable":true,"href":"https:\/\/uniavisen.dk\/en\/wp-json\/wp\/v2\/users\/102"}],"replies":[{"embeddable":true,"href":"https:\/\/uniavisen.dk\/en\/wp-json\/wp\/v2\/comments?post=154125"}],"version-history":[{"count":5,"href":"https:\/\/uniavisen.dk\/en\/wp-json\/wp\/v2\/posts\/154125\/revisions"}],"predecessor-version":[{"id":154137,"href":"https:\/\/uniavisen.dk\/en\/wp-json\/wp\/v2\/posts\/154125\/revisions\/154137"}],"wp:featuredmedia":[{"embeddable":true,"href":"https:\/\/uniavisen.dk\/en\/wp-json\/wp\/v2\/media\/154010"}],"wp:attachment":[{"href":"https:\/\/uniavisen.dk\/en\/wp-json\/wp\/v2\/media?parent=154125"}],"wp:term":[{"taxonomy":"category","embeddable":true,"href":"https:\/\/uniavisen.dk\/en\/wp-json\/wp\/v2\/categories?post=154125"},{"taxonomy":"post_tag","embeddable":true,"href":"https:\/\/uniavisen.dk\/en\/wp-json\/wp\/v2\/tags?post=154125"}],"curies":[{"name":"wp","href":"https:\/\/api.w.org\/{rel}","templated":true}]}}