
{"id":180952,"date":"2025-09-11T06:47:42","date_gmt":"2025-09-11T04:47:42","guid":{"rendered":"https:\/\/uniavisen.dk\/inklusion-paa-ku-jeg-er-overrasket-over-hvor-mange-der-foeler-sig-som-en-minoritet\/"},"modified":"2025-09-15T12:59:39","modified_gmt":"2025-09-15T10:59:39","slug":"dean-the-university-of-copenhagen-still-excludes-international-voices","status":"publish","type":"post","link":"https:\/\/uniavisen.dk\/en\/dean-the-university-of-copenhagen-still-excludes-international-voices\/","title":{"rendered":"Management: The University of Copenhagen still excludes international voices"},"content":{"rendered":"<p>The University of Copenhagen (UCPH)\u2019s first major inclusion survey results were published recently. More than 8,000 students and staff took part in the questionnaire, and the report shows high levels of well-being, but also significant challenges. The University Post asked Bente Stallknecht, Dean of the Faculty of Health and Medical Sciences and sponsor of the university&#8217;s diversity and inclusion initiative, what the next steps will be.<\/p>\n<p><strong>Let\u2019s zoom right out for a moment: Why has UCPH chosen to conduct an inclusion survey now?<\/strong><\/p>\n<p>\u00bbWe set up a strategic framework for our work on diversity through to 2030 earlier this year. The survey results are to give us a data-based foundation to work from. We want to know more about how staff and students feel included, and how connected they feel to the university.\u00ab<\/p>\n<p><strong>What surprised you the most in the results?<\/strong><\/p>\n<p>\u00bbI was surprised at how many students and staff perceive themselves as minorities. That 43 per cent of students see themselves this way \u2014 I hadn\u2019t expected that. Of course, this only reflects the respondents, and we know minorities may be more inclined to take part. But the survey wasn\u2019t designed to be representative \u2014 it\u2019s meant to give us insights into areas we need to work on.\u00ab<\/p>\n<p><strong>READ ALSO:<\/strong> <a href=\"https:\/\/uniavisen.dk\/en\/the-university-of-copenhagens-inclusion-survey-this-is-what-surprised-us\/\"><em>The University of Copenhagen\u2019s inclusion survey: This is what surprised us<\/em><\/a><\/p>\n<p><strong>Is the concept of \u2018minority\u2019 not becoming meaningless when nearly half of students report being minorities?<\/strong><\/p>\n<blockquote><p>Should I mark myself as a minority because I\u2019m a female professor in senior management?<\/p>\n<p class=\"quotee\">Bente Stallknecht<\/p>\n<\/blockquote>\n<p>\u00bbI don\u2019t think so. It shows that there are many ways people can experience being in a minority. I wasn\u2019t sure myself when I filled out the survey. Should I mark myself as a minority because I\u2019m a female professor in senior management? I chose \u2018no\u2019, but I could also have said \u2018yes\u2019 \u2014 it\u2019s something that has followed me throughout my career. Being in a minority can mean so many things: ethnicity, political views, age, religion, or being an international staff member or student, and so on. It gives us insight into the many different perspectives out there.\u00ab<\/p>\n<p><strong>UCPH wants to be international, but many experience linguistic and cultural barriers. How does that add up?<\/strong><\/p>\n<p>\u00bbThat was one of the results that really stood out to me. We have many international staff, especially PhD students and postdocs. We want to be an international university, but we speak a language that no one else understands. And the results suggest that our parallel language policy has not yet been fully implemented.\u00ab<\/p>\n<p><strong>READ ALSO:<\/strong> <a href=\"https:\/\/uniavisen.dk\/en\/ucphs-language-policy-contradicts-research-based-education-objectives\/\"><em>UCPH&#8217;s language policy contradicts research-based education objectives<\/em><\/a><\/p>\n<p><strong>Can you understand if international staff feel unwelcome at UCPH?<\/strong><\/p>\n<p>\u00bbYes, I absolutely can. But I do think that in local workplace settings at the departments they are good at speaking English at most meetings, which is a big change compared to ten years ago.\u00ab<\/p>\n<p>\u00bbAt the Faculty of Health and Medical Sciences, where I\u2019m dean, we\u2019ve just hired a department head who doesn\u2019t speak Danish, and we\u2019ve decided that four annual management meetings will be held in English. We\u2019ll evaluate this at the end of the year. It\u2019s also about challenging ourselves as a management team. But it\u2019s clear that in day-to-day situations, people easily slip back into Danish.\u00ab<\/p>\n<p><strong>42 per cent of students with physical disabilities struggle to participate in teaching. What will you do about accessibility?<\/strong><\/p>\n<p>\u00bbAccessibility is one of the things we\u2019ll be taking concrete steps to address in the near future. We\u2019re working with universal design \u2014 that is, creating spaces and systems that are usable by as many people as possible, both physically in our buildings and in our online systems. We\u2019ve just set up a working group across the buildings and education areas to ensure that accessibility is built into framework agreements for construction projects.\u00ab<\/p>\n<blockquote><p>Can you get in if you use a wheelchair or have limited mobility?<\/p>\n<p class=\"quotee\">Bente Stallknecht<\/p>\n<\/blockquote>\n<p>\u00bbIn some places at UCPH, it works well, and in others not at all. We\u2019ll also be focusing more on accessibility when we organise events \u2014 what are the access routes like? Can you get in if you use a wheelchair or have limited mobility?\u00ab<\/p>\n<p><strong>READ ALSO:<\/strong> <a href=\"https:\/\/uniavisen.dk\/en\/wheelchair-user-when-are-we-going-to-start-talking-about-ableism-on-frederiksberg-campus\/\"><em>Wheelchair user: When are we going to start talking about ableism on Frederiksberg Campus?<\/em><\/a><\/p>\n<p><strong>Are students being involved in the work on accessibility?<\/strong><\/p>\n<p>\u00bbI think so. I\u2019m not sure exactly how, but we do have a tradition of including students and bringing them on board.\u00ab<\/p>\n<p><strong>Technical and administrative staff (TAPs) report being treated as \u00bbsecond-class employees\u00ab. Is this a criticism that you acknowledge \u2014 and what will you do about it?<\/strong><\/p>\n<p>\u00bbIt\u2019s something I\u2019ve heard before, yes, and it was another part of the report that stood out to me. The administration reform has highlighted the divide between technical and administrative staff (TAPs) and academic staff (VIPs), and this may have reinforced those feelings. In research groups, TAPs are often integrated, but in administration, they are far more isolated. As management, we need to do a better job of making it clear that TAPs are just as important as professors.\u00ab<\/p>\n<p><strong>The survey shows that many students and staff are happy to be asked about their experiences of inclusion and want follow-up and visible outcomes. When can they expect to see results?<\/strong><\/p>\n<p>\u00bbThe strategic framework launches concrete initiatives in 2025\/26. One of them is the inclusive classroom. We have courses for teachers on creating inclusive learning environments, but not many attend them. So we\u2019re working on getting knowledge about the inclusive classroom into the required teacher training programme (p\u00e6dagogikum). If you&#8217;re an assistant professor, associate professor or full professor, you have to complete academic teacher training. We\u2019re talking with TEACH [Centre that supports the Faculties of Humanities, Law, Social Sciences and Theology with skills development in teaching and education, ed.] about how to integrate tools that can make classrooms more inclusive. This is a way to ensure more teachers acquire this understanding.\u00ab<\/p>\n<blockquote><p>The classroom is a meeting place for differences, where worldviews are challenged \u2014 and students and staff need to be aware of that.<\/p>\n<p class=\"quotee\">Bente Stallknecht<\/p>\n<\/blockquote>\n<p>\u00bbAnother practical initiative we\u2019re working on is our expert lists. Every year, a list of the 50 most quoted experts in the media comes out, and there are always very few women. Our communications department is now working to get a broader representation of experts in the media \u2014 for example, by saying it doesn\u2019t always have to be a professor commenting \u2014 it can also be younger researchers or PhDs, where there are often more international staff and women. The way we present the university to the world should be more representative.\u00ab<\/p>\n<p>\u00bbWe\u2019re also allocating resources to hire coordinators to ensure knowledge-sharing on diversity across faculties and central administration. The strategic framework includes both cross-cutting and local initiatives, and the coordinators will facilitate knowledge-sharing across the university. In addition, all departments will set up action plans with defined targets for both students and staff.\u00ab<\/p>\n<p><strong>If UCPH is to succeed in improving inclusion, what do you see as the three most important focus areas in the coming years?<\/strong><\/p>\n<p>\u00bbFirst, the student introduction period is absolutely crucial to making new students feel at home quickly. Then there\u2019s the inclusive classroom \u2014 both socially and academically, you need to be able to be yourself in class. Second, the university classroom must be both respectful and challenging \u2014 it\u2019s a meeting place for differences where worldviews are challenged, and students and staff need to be aware of that.\u00ab<\/p>\n<p><strong>READ ALSO:<\/strong> <a href=\"https:\/\/uniavisen.dk\/en\/rector-to-new-students-your-worldview-is-about-to-be-challenged\/\"><em>Rector to new students: Your worldview is about to be challenged<\/em><\/a><\/p>\n<p>\u00bbAnd third, we need to get better at welcoming international staff and working with language so people can manage in both Danish and English. This isn\u2019t about everyone suddenly having to speak English, but we need to offer Danish courses so international staff can also get by in Danish at the university.\u00ab<\/p>\n<p><em>This article was first written in Danish and published on 9 September 2025. It has been translated into English and post-edited by Mike Young.<\/em><br \/>\n<!-- end of module 1 --><\/p>\n","protected":false},"excerpt":{"rendered":"<p>We asked Dean and diversity sponsor Bente Stallknecht about initiatives after a inclusion survey revealed that international students and staff face language and cultural barriers.<\/p>\n","protected":false},"author":109,"featured_media":130599,"comment_status":"closed","ping_status":"closed","sticky":false,"template":"","format":"standard","meta":{"_acf_changed":false,"om_disable_all_campaigns":false,"_monsterinsights_skip_tracking":false,"_monsterinsights_sitenote_active":false,"_monsterinsights_sitenote_note":"","_monsterinsights_sitenote_category":0,"_uf_show_specific_survey":0,"_uf_disable_surveys":false,"footnotes":""},"categories":[2177,4539],"tags":[],"class_list":["post-180952","post","type-post","status-publish","format-standard","has-post-thumbnail","hentry","category-academic-life","category-arbejdsmiljoe-en","expression-news_article"],"acf":[],"aioseo_notices":[],"yoast_head":"<!-- This site is optimized with the Yoast SEO plugin v27.4 - https:\/\/yoast.com\/product\/yoast-seo-wordpress\/ -->\n<title>Management: The University of Copenhagen still excludes international voices \u2014 University Post<\/title>\n<meta name=\"robots\" content=\"index, follow, max-snippet:-1, max-image-preview:large, max-video-preview:-1\" \/>\n<link rel=\"canonical\" href=\"https:\/\/uniavisen.dk\/en\/dean-the-university-of-copenhagen-still-excludes-international-voices\/\" \/>\n<meta property=\"og:locale\" content=\"en_US\" \/>\n<meta property=\"og:type\" content=\"article\" \/>\n<meta property=\"og:title\" content=\"Management: The University of Copenhagen still excludes international voices \u2014 University Post\" \/>\n<meta property=\"og:description\" content=\"We asked Dean and diversity sponsor Bente Stallknecht about initiatives after a inclusion survey revealed that international students and staff face language and cultural barriers.\" \/>\n<meta property=\"og:url\" content=\"https:\/\/uniavisen.dk\/en\/dean-the-university-of-copenhagen-still-excludes-international-voices\/\" \/>\n<meta property=\"og:site_name\" content=\"University Post\" \/>\n<meta property=\"article:publisher\" content=\"https:\/\/www.facebook.com\/uniavis\" \/>\n<meta property=\"article:published_time\" content=\"2025-09-11T04:47:42+00:00\" \/>\n<meta property=\"article:modified_time\" content=\"2025-09-15T10:59:39+00:00\" \/>\n<meta property=\"og:image\" content=\"http:\/\/uniavisen.dk\/wp-content\/uploads\/2022\/02\/bente_merete_stallknecht_21e3976x-scaled.jpg\" \/>\n\t<meta property=\"og:image:width\" content=\"2560\" \/>\n\t<meta property=\"og:image:height\" content=\"1707\" \/>\n\t<meta property=\"og:image:type\" content=\"image\/jpeg\" \/>\n<meta name=\"author\" content=\"Maria Brus Pedersen\" \/>\n<meta name=\"twitter:card\" content=\"summary_large_image\" \/>\n<meta name=\"twitter:creator\" content=\"@Uniavisen\" \/>\n<meta name=\"twitter:site\" content=\"@Uniavisen\" \/>\n<meta name=\"twitter:label1\" content=\"Written by\" \/>\n\t<meta name=\"twitter:data1\" content=\"Maria Brus Pedersen\" \/>\n\t<meta name=\"twitter:label2\" content=\"Est. reading time\" \/>\n\t<meta name=\"twitter:data2\" content=\"6 minutes\" \/>\n<script type=\"application\/ld+json\" class=\"yoast-schema-graph\">{\"@context\":\"https:\\\/\\\/schema.org\",\"@graph\":[{\"@type\":\"Article\",\"@id\":\"https:\\\/\\\/uniavisen.dk\\\/en\\\/dean-the-university-of-copenhagen-still-excludes-international-voices\\\/#article\",\"isPartOf\":{\"@id\":\"https:\\\/\\\/uniavisen.dk\\\/en\\\/dean-the-university-of-copenhagen-still-excludes-international-voices\\\/\"},\"author\":{\"name\":\"Maria Brus Pedersen\",\"@id\":\"https:\\\/\\\/uniavisen.dk\\\/#\\\/schema\\\/person\\\/b7dd1ffcbe0d2c4ea49ef92a35a7b7eb\"},\"headline\":\"Management: The University of Copenhagen still excludes international voices\",\"datePublished\":\"2025-09-11T04:47:42+00:00\",\"dateModified\":\"2025-09-15T10:59:39+00:00\",\"mainEntityOfPage\":{\"@id\":\"https:\\\/\\\/uniavisen.dk\\\/en\\\/dean-the-university-of-copenhagen-still-excludes-international-voices\\\/\"},\"wordCount\":1365,\"image\":{\"@id\":\"https:\\\/\\\/uniavisen.dk\\\/en\\\/dean-the-university-of-copenhagen-still-excludes-international-voices\\\/#primaryimage\"},\"thumbnailUrl\":\"https:\\\/\\\/uniavisen.dk\\\/wp-content\\\/uploads\\\/2022\\\/02\\\/bente_merete_stallknecht_21e3976x-scaled.jpg\",\"articleSection\":[\"Academic life\",\"Working environment\"],\"inLanguage\":\"en-US\"},{\"@type\":\"WebPage\",\"@id\":\"https:\\\/\\\/uniavisen.dk\\\/en\\\/dean-the-university-of-copenhagen-still-excludes-international-voices\\\/\",\"url\":\"https:\\\/\\\/uniavisen.dk\\\/en\\\/dean-the-university-of-copenhagen-still-excludes-international-voices\\\/\",\"name\":\"Management: The University of Copenhagen still excludes international voices \u2014 University Post\",\"isPartOf\":{\"@id\":\"https:\\\/\\\/uniavisen.dk\\\/#website\"},\"primaryImageOfPage\":{\"@id\":\"https:\\\/\\\/uniavisen.dk\\\/en\\\/dean-the-university-of-copenhagen-still-excludes-international-voices\\\/#primaryimage\"},\"image\":{\"@id\":\"https:\\\/\\\/uniavisen.dk\\\/en\\\/dean-the-university-of-copenhagen-still-excludes-international-voices\\\/#primaryimage\"},\"thumbnailUrl\":\"https:\\\/\\\/uniavisen.dk\\\/wp-content\\\/uploads\\\/2022\\\/02\\\/bente_merete_stallknecht_21e3976x-scaled.jpg\",\"datePublished\":\"2025-09-11T04:47:42+00:00\",\"dateModified\":\"2025-09-15T10:59:39+00:00\",\"author\":{\"@id\":\"https:\\\/\\\/uniavisen.dk\\\/#\\\/schema\\\/person\\\/b7dd1ffcbe0d2c4ea49ef92a35a7b7eb\"},\"breadcrumb\":{\"@id\":\"https:\\\/\\\/uniavisen.dk\\\/en\\\/dean-the-university-of-copenhagen-still-excludes-international-voices\\\/#breadcrumb\"},\"inLanguage\":\"en-US\",\"potentialAction\":[{\"@type\":\"ReadAction\",\"target\":[\"https:\\\/\\\/uniavisen.dk\\\/en\\\/dean-the-university-of-copenhagen-still-excludes-international-voices\\\/\"]}]},{\"@type\":\"ImageObject\",\"inLanguage\":\"en-US\",\"@id\":\"https:\\\/\\\/uniavisen.dk\\\/en\\\/dean-the-university-of-copenhagen-still-excludes-international-voices\\\/#primaryimage\",\"url\":\"https:\\\/\\\/uniavisen.dk\\\/wp-content\\\/uploads\\\/2022\\\/02\\\/bente_merete_stallknecht_21e3976x-scaled.jpg\",\"contentUrl\":\"https:\\\/\\\/uniavisen.dk\\\/wp-content\\\/uploads\\\/2022\\\/02\\\/bente_merete_stallknecht_21e3976x-scaled.jpg\",\"width\":2560,\"height\":1707},{\"@type\":\"BreadcrumbList\",\"@id\":\"https:\\\/\\\/uniavisen.dk\\\/en\\\/dean-the-university-of-copenhagen-still-excludes-international-voices\\\/#breadcrumb\",\"itemListElement\":[{\"@type\":\"ListItem\",\"position\":1,\"name\":\"Home\",\"item\":\"https:\\\/\\\/uniavisen.dk\\\/en\\\/\"},{\"@type\":\"ListItem\",\"position\":2,\"name\":\"Management: The University of Copenhagen still excludes international voices\"}]},{\"@type\":\"WebSite\",\"@id\":\"https:\\\/\\\/uniavisen.dk\\\/#website\",\"url\":\"https:\\\/\\\/uniavisen.dk\\\/\",\"name\":\"University Post\",\"description\":\"Independent of management\",\"potentialAction\":[{\"@type\":\"SearchAction\",\"target\":{\"@type\":\"EntryPoint\",\"urlTemplate\":\"https:\\\/\\\/uniavisen.dk\\\/?s={search_term_string}\"},\"query-input\":{\"@type\":\"PropertyValueSpecification\",\"valueRequired\":true,\"valueName\":\"search_term_string\"}}],\"inLanguage\":\"en-US\"},{\"@type\":\"Person\",\"@id\":\"https:\\\/\\\/uniavisen.dk\\\/#\\\/schema\\\/person\\\/b7dd1ffcbe0d2c4ea49ef92a35a7b7eb\",\"name\":\"Maria Brus Pedersen\",\"image\":{\"@type\":\"ImageObject\",\"inLanguage\":\"en-US\",\"@id\":\"https:\\\/\\\/secure.gravatar.com\\\/avatar\\\/40ecc6e938eb818f39c144a5345e5caeee6436bb9bd5537ee4b719f2d5591fdb?s=96&d=identicon&r=g\",\"url\":\"https:\\\/\\\/secure.gravatar.com\\\/avatar\\\/40ecc6e938eb818f39c144a5345e5caeee6436bb9bd5537ee4b719f2d5591fdb?s=96&d=identicon&r=g\",\"contentUrl\":\"https:\\\/\\\/secure.gravatar.com\\\/avatar\\\/40ecc6e938eb818f39c144a5345e5caeee6436bb9bd5537ee4b719f2d5591fdb?s=96&d=identicon&r=g\",\"caption\":\"Maria Brus Pedersen\"},\"url\":\"https:\\\/\\\/uniavisen.dk\\\/en\\\/author\\\/maria_brus\\\/\"}]}<\/script>\n<!-- \/ Yoast SEO plugin. -->","yoast_head_json":{"title":"Management: The University of Copenhagen still excludes international voices \u2014 University Post","robots":{"index":"index","follow":"follow","max-snippet":"max-snippet:-1","max-image-preview":"max-image-preview:large","max-video-preview":"max-video-preview:-1"},"canonical":"https:\/\/uniavisen.dk\/en\/dean-the-university-of-copenhagen-still-excludes-international-voices\/","og_locale":"en_US","og_type":"article","og_title":"Management: The University of Copenhagen still excludes international voices \u2014 University Post","og_description":"We asked Dean and diversity sponsor Bente Stallknecht about initiatives after a inclusion survey revealed that international students and staff face language and cultural barriers.","og_url":"https:\/\/uniavisen.dk\/en\/dean-the-university-of-copenhagen-still-excludes-international-voices\/","og_site_name":"University Post","article_publisher":"https:\/\/www.facebook.com\/uniavis","article_published_time":"2025-09-11T04:47:42+00:00","article_modified_time":"2025-09-15T10:59:39+00:00","og_image":[{"width":2560,"height":1707,"url":"http:\/\/uniavisen.dk\/wp-content\/uploads\/2022\/02\/bente_merete_stallknecht_21e3976x-scaled.jpg","type":"image\/jpeg"}],"author":"Maria Brus Pedersen","twitter_card":"summary_large_image","twitter_creator":"@Uniavisen","twitter_site":"@Uniavisen","twitter_misc":{"Written by":"Maria Brus Pedersen","Est. reading time":"6 minutes"},"schema":{"@context":"https:\/\/schema.org","@graph":[{"@type":"Article","@id":"https:\/\/uniavisen.dk\/en\/dean-the-university-of-copenhagen-still-excludes-international-voices\/#article","isPartOf":{"@id":"https:\/\/uniavisen.dk\/en\/dean-the-university-of-copenhagen-still-excludes-international-voices\/"},"author":{"name":"Maria Brus Pedersen","@id":"https:\/\/uniavisen.dk\/#\/schema\/person\/b7dd1ffcbe0d2c4ea49ef92a35a7b7eb"},"headline":"Management: The University of Copenhagen still excludes international voices","datePublished":"2025-09-11T04:47:42+00:00","dateModified":"2025-09-15T10:59:39+00:00","mainEntityOfPage":{"@id":"https:\/\/uniavisen.dk\/en\/dean-the-university-of-copenhagen-still-excludes-international-voices\/"},"wordCount":1365,"image":{"@id":"https:\/\/uniavisen.dk\/en\/dean-the-university-of-copenhagen-still-excludes-international-voices\/#primaryimage"},"thumbnailUrl":"https:\/\/uniavisen.dk\/wp-content\/uploads\/2022\/02\/bente_merete_stallknecht_21e3976x-scaled.jpg","articleSection":["Academic life","Working environment"],"inLanguage":"en-US"},{"@type":"WebPage","@id":"https:\/\/uniavisen.dk\/en\/dean-the-university-of-copenhagen-still-excludes-international-voices\/","url":"https:\/\/uniavisen.dk\/en\/dean-the-university-of-copenhagen-still-excludes-international-voices\/","name":"Management: The University of Copenhagen still excludes international voices \u2014 University Post","isPartOf":{"@id":"https:\/\/uniavisen.dk\/#website"},"primaryImageOfPage":{"@id":"https:\/\/uniavisen.dk\/en\/dean-the-university-of-copenhagen-still-excludes-international-voices\/#primaryimage"},"image":{"@id":"https:\/\/uniavisen.dk\/en\/dean-the-university-of-copenhagen-still-excludes-international-voices\/#primaryimage"},"thumbnailUrl":"https:\/\/uniavisen.dk\/wp-content\/uploads\/2022\/02\/bente_merete_stallknecht_21e3976x-scaled.jpg","datePublished":"2025-09-11T04:47:42+00:00","dateModified":"2025-09-15T10:59:39+00:00","author":{"@id":"https:\/\/uniavisen.dk\/#\/schema\/person\/b7dd1ffcbe0d2c4ea49ef92a35a7b7eb"},"breadcrumb":{"@id":"https:\/\/uniavisen.dk\/en\/dean-the-university-of-copenhagen-still-excludes-international-voices\/#breadcrumb"},"inLanguage":"en-US","potentialAction":[{"@type":"ReadAction","target":["https:\/\/uniavisen.dk\/en\/dean-the-university-of-copenhagen-still-excludes-international-voices\/"]}]},{"@type":"ImageObject","inLanguage":"en-US","@id":"https:\/\/uniavisen.dk\/en\/dean-the-university-of-copenhagen-still-excludes-international-voices\/#primaryimage","url":"https:\/\/uniavisen.dk\/wp-content\/uploads\/2022\/02\/bente_merete_stallknecht_21e3976x-scaled.jpg","contentUrl":"https:\/\/uniavisen.dk\/wp-content\/uploads\/2022\/02\/bente_merete_stallknecht_21e3976x-scaled.jpg","width":2560,"height":1707},{"@type":"BreadcrumbList","@id":"https:\/\/uniavisen.dk\/en\/dean-the-university-of-copenhagen-still-excludes-international-voices\/#breadcrumb","itemListElement":[{"@type":"ListItem","position":1,"name":"Home","item":"https:\/\/uniavisen.dk\/en\/"},{"@type":"ListItem","position":2,"name":"Management: The University of Copenhagen still excludes international voices"}]},{"@type":"WebSite","@id":"https:\/\/uniavisen.dk\/#website","url":"https:\/\/uniavisen.dk\/","name":"University Post","description":"Independent of management","potentialAction":[{"@type":"SearchAction","target":{"@type":"EntryPoint","urlTemplate":"https:\/\/uniavisen.dk\/?s={search_term_string}"},"query-input":{"@type":"PropertyValueSpecification","valueRequired":true,"valueName":"search_term_string"}}],"inLanguage":"en-US"},{"@type":"Person","@id":"https:\/\/uniavisen.dk\/#\/schema\/person\/b7dd1ffcbe0d2c4ea49ef92a35a7b7eb","name":"Maria Brus Pedersen","image":{"@type":"ImageObject","inLanguage":"en-US","@id":"https:\/\/secure.gravatar.com\/avatar\/40ecc6e938eb818f39c144a5345e5caeee6436bb9bd5537ee4b719f2d5591fdb?s=96&d=identicon&r=g","url":"https:\/\/secure.gravatar.com\/avatar\/40ecc6e938eb818f39c144a5345e5caeee6436bb9bd5537ee4b719f2d5591fdb?s=96&d=identicon&r=g","contentUrl":"https:\/\/secure.gravatar.com\/avatar\/40ecc6e938eb818f39c144a5345e5caeee6436bb9bd5537ee4b719f2d5591fdb?s=96&d=identicon&r=g","caption":"Maria Brus Pedersen"},"url":"https:\/\/uniavisen.dk\/en\/author\/maria_brus\/"}]}},"advancedCustomFields":{"expression":{"term_id":15,"name":"News Article","slug":"news_article","term_group":0,"term_taxonomy_id":15,"taxonomy":"expression","description":"","parent":0,"count":11492,"filter":"raw"},"enable_comments":true,"align_content":"alignleft","feature_color":"","article_updated":"","layout_group":[{"acf_fc_layout":"Headline","use_post_title":true,"headline":"","style":"default","highlighted_words":"","text_size":"small"},{"acf_fc_layout":"Image","image":{"ID":130598,"id":130598,"title":"Bente_Merete_Stallknecht_21E3976x","filename":"bente_merete_stallknecht_21e3976x-scaled.jpg","filesize":712658,"url":"https:\/\/uniavisen.dk\/wp-content\/uploads\/2022\/02\/bente_merete_stallknecht_21e3976x-scaled.jpg","link":"https:\/\/uniavisen.dk\/en\/ja-ku-har-da-udfordringer-universitetsloven-er-bare-ikke-en-af-dem\/bente_merete_stallknecht_21e3976x\/","alt":"","author":"85","description":"","caption":"","name":"bente_merete_stallknecht_21e3976x","status":"inherit","uploaded_to":130588,"date":"2022-02-25 11:50:38","modified":"2022-02-25 11:51:20","menu_order":0,"mime_type":"image\/jpeg","type":"image","subtype":"jpeg","icon":"https:\/\/uniavisen.dk\/wp-includes\/images\/media\/default.png","width":2560,"height":1707,"sizes":{"thumbnail":"https:\/\/uniavisen.dk\/wp-content\/uploads\/2022\/02\/bente_merete_stallknecht_21e3976x-150x150.jpg","thumbnail-width":150,"thumbnail-height":150,"medium":"https:\/\/uniavisen.dk\/wp-content\/uploads\/2022\/02\/bente_merete_stallknecht_21e3976x-480x320.jpg","medium-width":480,"medium-height":320,"medium_large":"https:\/\/uniavisen.dk\/wp-content\/uploads\/2022\/02\/bente_merete_stallknecht_21e3976x-768x512.jpg","medium_large-width":768,"medium_large-height":512,"large":"https:\/\/uniavisen.dk\/wp-content\/uploads\/2022\/02\/bente_merete_stallknecht_21e3976x-1280x853.jpg","large-width":1280,"large-height":853,"1536x1536":"https:\/\/uniavisen.dk\/wp-content\/uploads\/2022\/02\/bente_merete_stallknecht_21e3976x-1536x1024.jpg","1536x1536-width":1536,"1536x1536-height":1024,"2048x2048":"https:\/\/uniavisen.dk\/wp-content\/uploads\/2022\/02\/bente_merete_stallknecht_21e3976x-2048x1365.jpg","2048x2048-width":2048,"2048x2048-height":1365,"featured-soft":"https:\/\/uniavisen.dk\/wp-content\/uploads\/2022\/02\/bente_merete_stallknecht_21e3976x-290x193.jpg","featured-soft-width":290,"featured-soft-height":193,"featured-hard":"https:\/\/uniavisen.dk\/wp-content\/uploads\/2022\/02\/bente_merete_stallknecht_21e3976x-290x180.jpg","featured-hard-width":290,"featured-hard-height":180,"narrow":"https:\/\/uniavisen.dk\/wp-content\/uploads\/2022\/02\/bente_merete_stallknecht_21e3976x-700x467.jpg","narrow-width":700,"narrow-height":467,"extended":"https:\/\/uniavisen.dk\/wp-content\/uploads\/2022\/02\/bente_merete_stallknecht_21e3976x-990x660.jpg","extended-width":990,"extended-height":660}},"style":"full","text_placement":"metadata-below","image_link_url":"","image_link_title":"","caption_prefix":"","enable_alternative_caption":false,"alternative_caption":""},{"acf_fc_layout":"Standfirst","subject":"Q&A","text":"KU\u2019s f\u00f8rste inklusionsm\u00e5ling afsl\u00f8rer, at mange studerende og ansatte oplever diskrimination og barrierer for deres trivsel. Vi har spurgt dekan og diversitetssponsor Bente Stallknecht, om ledelsen har konkrete tiltag p\u00e5 vej, der kan fremme inklusionen. ","use_post_excerpt":true},{"acf_fc_layout":"Byline","is_author":true,"contributors":false},{"acf_fc_layout":"Content","content":"<p>The University of Copenhagen (UCPH)\u2019s first major inclusion survey results were published recently. More than 8,000 students and staff took part in the questionnaire, and the report shows high levels of well-being, but also significant challenges. The University Post asked Bente Stallknecht, Dean of the Faculty of Health and Medical Sciences and sponsor of the university&#8217;s diversity and inclusion initiative, what the next steps will be.<\/p>\n<p><strong>Let\u2019s zoom right out for a moment: Why has UCPH chosen to conduct an inclusion survey now?<\/strong><\/p>\n<p>\u00bbWe set up a strategic framework for our work on diversity through to 2030 earlier this year. The survey results are to give us a data-based foundation to work from. We want to know more about how staff and students feel included, and how connected they feel to the university.\u00ab<\/p>\n<p><strong>What surprised you the most in the results?<\/strong><\/p>\n<p>\u00bbI was surprised at how many students and staff perceive themselves as minorities. That 43 per cent of students see themselves this way \u2014 I hadn\u2019t expected that. Of course, this only reflects the respondents, and we know minorities may be more inclined to take part. But the survey wasn\u2019t designed to be representative \u2014 it\u2019s meant to give us insights into areas we need to work on.\u00ab<\/p>\n<p><strong>READ ALSO:<\/strong> <a href=\"https:\/\/uniavisen.dk\/en\/the-university-of-copenhagens-inclusion-survey-this-is-what-surprised-us\/\"><em>The University of Copenhagen\u2019s inclusion survey: This is what surprised us<\/em><\/a><\/p>\n<p><strong>Is the concept of \u2018minority\u2019 not becoming meaningless when nearly half of students report being minorities?<\/strong><\/p>\n<blockquote><p>Should I mark myself as a minority because I\u2019m a female professor in senior management?<\/p>\n<p class=\"quotee\">Bente Stallknecht<\/p>\n<\/blockquote>\n<p>\u00bbI don\u2019t think so. It shows that there are many ways people can experience being in a minority. I wasn\u2019t sure myself when I filled out the survey. Should I mark myself as a minority because I\u2019m a female professor in senior management? I chose \u2018no\u2019, but I could also have said \u2018yes\u2019 \u2014 it\u2019s something that has followed me throughout my career. Being in a minority can mean so many things: ethnicity, political views, age, religion, or being an international staff member or student, and so on. It gives us insight into the many different perspectives out there.\u00ab<\/p>\n<p><strong>UCPH wants to be international, but many experience linguistic and cultural barriers. How does that add up?<\/strong><\/p>\n<p>\u00bbThat was one of the results that really stood out to me. We have many international staff, especially PhD students and postdocs. We want to be an international university, but we speak a language that no one else understands. And the results suggest that our parallel language policy has not yet been fully implemented.\u00ab<\/p>\n<p><strong>READ ALSO:<\/strong> <a href=\"https:\/\/uniavisen.dk\/en\/ucphs-language-policy-contradicts-research-based-education-objectives\/\"><em>UCPH&#8217;s language policy contradicts research-based education objectives<\/em><\/a><\/p>\n<p><strong>Can you understand if international staff feel unwelcome at UCPH?<\/strong><\/p>\n<p>\u00bbYes, I absolutely can. But I do think that in local workplace settings at the departments they are good at speaking English at most meetings, which is a big change compared to ten years ago.\u00ab<\/p>\n<p>\u00bbAt the Faculty of Health and Medical Sciences, where I\u2019m dean, we\u2019ve just hired a department head who doesn\u2019t speak Danish, and we\u2019ve decided that four annual management meetings will be held in English. We\u2019ll evaluate this at the end of the year. It\u2019s also about challenging ourselves as a management team. But it\u2019s clear that in day-to-day situations, people easily slip back into Danish.\u00ab<\/p>\n<p><strong>42 per cent of students with physical disabilities struggle to participate in teaching. What will you do about accessibility?<\/strong><\/p>\n<p>\u00bbAccessibility is one of the things we\u2019ll be taking concrete steps to address in the near future. We\u2019re working with universal design \u2014 that is, creating spaces and systems that are usable by as many people as possible, both physically in our buildings and in our online systems. We\u2019ve just set up a working group across the buildings and education areas to ensure that accessibility is built into framework agreements for construction projects.\u00ab<\/p>\n<blockquote><p>Can you get in if you use a wheelchair or have limited mobility?<\/p>\n<p class=\"quotee\">Bente Stallknecht<\/p>\n<\/blockquote>\n<p>\u00bbIn some places at UCPH, it works well, and in others not at all. We\u2019ll also be focusing more on accessibility when we organise events \u2014 what are the access routes like? Can you get in if you use a wheelchair or have limited mobility?\u00ab<\/p>\n<p><strong>READ ALSO:<\/strong> <a href=\"https:\/\/uniavisen.dk\/en\/wheelchair-user-when-are-we-going-to-start-talking-about-ableism-on-frederiksberg-campus\/\"><em>Wheelchair user: When are we going to start talking about ableism on Frederiksberg Campus?<\/em><\/a><\/p>\n<p><strong>Are students being involved in the work on accessibility?<\/strong><\/p>\n<p>\u00bbI think so. I\u2019m not sure exactly how, but we do have a tradition of including students and bringing them on board.\u00ab<\/p>\n<p><strong>Technical and administrative staff (TAPs) report being treated as \u00bbsecond-class employees\u00ab. Is this a criticism that you acknowledge \u2014 and what will you do about it?<\/strong><\/p>\n<p>\u00bbIt\u2019s something I\u2019ve heard before, yes, and it was another part of the report that stood out to me. The administration reform has highlighted the divide between technical and administrative staff (TAPs) and academic staff (VIPs), and this may have reinforced those feelings. In research groups, TAPs are often integrated, but in administration, they are far more isolated. As management, we need to do a better job of making it clear that TAPs are just as important as professors.\u00ab<\/p>\n<p><strong>The survey shows that many students and staff are happy to be asked about their experiences of inclusion and want follow-up and visible outcomes. When can they expect to see results?<\/strong><\/p>\n<p>\u00bbThe strategic framework launches concrete initiatives in 2025\/26. One of them is the inclusive classroom. We have courses for teachers on creating inclusive learning environments, but not many attend them. So we\u2019re working on getting knowledge about the inclusive classroom into the required teacher training programme (p\u00e6dagogikum). If you&#8217;re an assistant professor, associate professor or full professor, you have to complete academic teacher training. We\u2019re talking with TEACH [Centre that supports the Faculties of Humanities, Law, Social Sciences and Theology with skills development in teaching and education, ed.] about how to integrate tools that can make classrooms more inclusive. This is a way to ensure more teachers acquire this understanding.\u00ab<\/p>\n<blockquote><p>The classroom is a meeting place for differences, where worldviews are challenged \u2014 and students and staff need to be aware of that.<\/p>\n<p class=\"quotee\">Bente Stallknecht<\/p>\n<\/blockquote>\n<p>\u00bbAnother practical initiative we\u2019re working on is our expert lists. Every year, a list of the 50 most quoted experts in the media comes out, and there are always very few women. Our communications department is now working to get a broader representation of experts in the media \u2014 for example, by saying it doesn\u2019t always have to be a professor commenting \u2014 it can also be younger researchers or PhDs, where there are often more international staff and women. The way we present the university to the world should be more representative.\u00ab<\/p>\n<p>\u00bbWe\u2019re also allocating resources to hire coordinators to ensure knowledge-sharing on diversity across faculties and central administration. The strategic framework includes both cross-cutting and local initiatives, and the coordinators will facilitate knowledge-sharing across the university. In addition, all departments will set up action plans with defined targets for both students and staff.\u00ab<\/p>\n<p><strong>If UCPH is to succeed in improving inclusion, what do you see as the three most important focus areas in the coming years?<\/strong><\/p>\n<p>\u00bbFirst, the student introduction period is absolutely crucial to making new students feel at home quickly. Then there\u2019s the inclusive classroom \u2014 both socially and academically, you need to be able to be yourself in class. Second, the university classroom must be both respectful and challenging \u2014 it\u2019s a meeting place for differences where worldviews are challenged, and students and staff need to be aware of that.\u00ab<\/p>\n<p><strong>READ ALSO:<\/strong> <a href=\"https:\/\/uniavisen.dk\/en\/rector-to-new-students-your-worldview-is-about-to-be-challenged\/\"><em>Rector to new students: Your worldview is about to be challenged<\/em><\/a><\/p>\n<p>\u00bbAnd third, we need to get better at welcoming international staff and working with language so people can manage in both Danish and English. This isn\u2019t about everyone suddenly having to speak English, but we need to offer Danish courses so international staff can also get by in Danish at the university.\u00ab<\/p>\n<p><em>This article was first written in Danish and published on 9 September 2025. It has been translated into English and post-edited by Mike Young.<\/em><\/p>\n"},{"acf_fc_layout":"ArticleEnd"},{"acf_fc_layout":"Newsletter","lang_select":"en","identifier":"Newsletter","headline":"Get an email with upcoming events and top University of Copenhagen stories","button_text":"Sign up here","class":""},{"acf_fc_layout":"OtherStories","headline":"","hand_picked_posts":false,"references":false,"category":false,"theme":false,"number_of_posts":"4","style":"default"}]},"taxonomyData":{"category":[{"term_id":2177,"name":"Academic life","slug":"academic-life","term_group":0,"term_taxonomy_id":2177,"taxonomy":"category","description":"","parent":0,"count":67,"filter":"raw"},{"term_id":4539,"name":"Working environment","slug":"arbejdsmiljoe-en","term_group":0,"term_taxonomy_id":4539,"taxonomy":"category","description":"","parent":0,"count":95,"filter":"raw"}],"post_tag":[],"post_format":[],"expression":[{"term_id":15,"name":"News Article","slug":"news_article","term_group":0,"term_taxonomy_id":15,"taxonomy":"expression","description":"","parent":0,"count":11492,"filter":"raw"}],"translation_priority":[{"term_id":5468,"name":"Optional","slug":"optional-en","term_group":0,"term_taxonomy_id":5468,"taxonomy":"translation_priority","description":"","parent":0,"count":674,"filter":"raw"}]},"featured_media_url":"https:\/\/uniavisen.dk\/wp-content\/uploads\/2022\/02\/bente_merete_stallknecht_21e3976x-1280x853.jpg","_links":{"self":[{"href":"https:\/\/uniavisen.dk\/en\/wp-json\/wp\/v2\/posts\/180952","targetHints":{"allow":["GET"]}}],"collection":[{"href":"https:\/\/uniavisen.dk\/en\/wp-json\/wp\/v2\/posts"}],"about":[{"href":"https:\/\/uniavisen.dk\/en\/wp-json\/wp\/v2\/types\/post"}],"author":[{"embeddable":true,"href":"https:\/\/uniavisen.dk\/en\/wp-json\/wp\/v2\/users\/109"}],"replies":[{"embeddable":true,"href":"https:\/\/uniavisen.dk\/en\/wp-json\/wp\/v2\/comments?post=180952"}],"version-history":[{"count":15,"href":"https:\/\/uniavisen.dk\/en\/wp-json\/wp\/v2\/posts\/180952\/revisions"}],"predecessor-version":[{"id":181200,"href":"https:\/\/uniavisen.dk\/en\/wp-json\/wp\/v2\/posts\/180952\/revisions\/181200"}],"wp:featuredmedia":[{"embeddable":true,"href":"https:\/\/uniavisen.dk\/en\/wp-json\/wp\/v2\/media\/130599"}],"wp:attachment":[{"href":"https:\/\/uniavisen.dk\/en\/wp-json\/wp\/v2\/media?parent=180952"}],"wp:term":[{"taxonomy":"category","embeddable":true,"href":"https:\/\/uniavisen.dk\/en\/wp-json\/wp\/v2\/categories?post=180952"},{"taxonomy":"post_tag","embeddable":true,"href":"https:\/\/uniavisen.dk\/en\/wp-json\/wp\/v2\/tags?post=180952"}],"curies":[{"name":"wp","href":"https:\/\/api.w.org\/{rel}","templated":true}]}}