
{"id":20380,"date":"2011-05-12T07:08:27","date_gmt":"2011-05-12T05:08:27","guid":{"rendered":"https:\/\/uniavisen.dk\/?p=20380\/"},"modified":"2017-01-21T03:06:15","modified_gmt":"2017-01-21T03:06:15","slug":"dean-merger-will-destroy-my-faculty","status":"publish","type":"post","link":"https:\/\/uniavisen.dk\/en\/dean-merger-will-destroy-my-faculty\/","title":{"rendered":"Dean: Merger will destroy my Faculty"},"content":{"rendered":"<p>If the University of Copenhagen follows the advice of three international experts, chemistry research at the University is to merged into a new super-institution making it one of the largest departments in Europe.<\/p>\n<p>The proposal will better coordinate the University&#8217;s chemical research, which according to experts is \u00bbuncoordinated and inefficient.\u00ab<\/p>\n<p>But not everyone agrees. <\/p>\n<h2>Struggling for survival<\/h2>\n<p>The merger is an extremely bad idea, says Sven Fr\u00f8kj\u00e6r, Dean of the Faculty of Pharmaceutical Sciences (Pharma). <\/p>\n<p>Pharma has approximately 450 staff and at least one third of them &#8211; and the many students they teach &#8211; <a href=\"node\/10476\">are proposed moved to the Faculty of Science.<\/a><\/p>\n<p>\u00bbThe question is whether we have as good an opportunity to serve the community. I think we will lose opportunities and the momentum in the research and training process we are doing,\u00ab thinks Fr\u00f8kj\u00e6r, who is unsure if the Faculty can survive such a large drain on its human resources.<\/p>\n<h2>Report bias<\/h2>\n<p>Fr\u00f8kj\u00e6r believes that the report&#8217;s findings reflect the fact that the experts were only asked to relate to one specific thing:<\/p>\n<p>\u00bbIt is clear that there has been a bias in the work report. The experts were asked the question: How can we strengthen chemistry?\u00ab<\/p>\n<p>But he thinks the experts never looked beyond the main question they were asked to provide advice to.<\/p>\n<p>\u00bbIt is perfectly legitimate, in terms of management, to analyse whether there are areas that the University, in its total operation, can strengthen. And here is the perception that it must be chemistry, and I support that one hundred percent. Our chemistry &#8211; that is, the analytical chemistry and pharmaceutical chemistry &#8211; requires that the basic chemistry research is strong and that you have easy access to it. But we do not do chemistry for chemistry&#8217;s sake, but for medicine\u2019s,\u00ab adds Fr\u00f8kj\u00e6r.<\/p>\n<p>chz@adm.ku.dk<\/p>\n","protected":false},"excerpt":{"rendered":"<p>While the Department of Chemistry welcomes the prospect of being merged with chemisty research at the Faculty of Pharmaceutical Sciences, Pharma&#8217;s Dean Sven Fr\u00f8kj\u00e6r thinks otherwise. The merger would simply destroy a well-functioning research environment, he says<\/p>\n","protected":false},"author":12,"featured_media":20381,"comment_status":"open","ping_status":"open","sticky":false,"template":"","format":"standard","meta":{"_acf_changed":false,"om_disable_all_campaigns":false,"_monsterinsights_skip_tracking":false,"_monsterinsights_sitenote_active":false,"_monsterinsights_sitenote_note":"","_monsterinsights_sitenote_category":0,"_uf_show_specific_survey":0,"_uf_disable_surveys":false,"footnotes":""},"categories":[48],"tags":[],"class_list":["post-20380","post","type-post","status-publish","format-standard","has-post-thumbnail","hentry","category-politics","expression-news_article"],"acf":[],"aioseo_notices":[],"yoast_head":"<!-- This site is optimized with the Yoast SEO plugin v27.4 - https:\/\/yoast.com\/product\/yoast-seo-wordpress\/ -->\n<title>Dean: Merger will destroy my Faculty<\/title>\n<meta name=\"robots\" content=\"index, follow, max-snippet:-1, max-image-preview:large, max-video-preview:-1\" \/>\n<link rel=\"canonical\" href=\"https:\/\/uniavisen.dk\/en\/dean-merger-will-destroy-my-faculty\/\" \/>\n<meta property=\"og:locale\" content=\"en_US\" \/>\n<meta property=\"og:type\" content=\"article\" \/>\n<meta property=\"og:title\" content=\"Dean: Merger will destroy my Faculty\" \/>\n<meta property=\"og:description\" content=\"While the Department of Chemistry welcomes the prospect of being merged with chemisty research at the Faculty of Pharmaceutical Sciences, Pharma&#039;s Dean Sven Fr\u00f8kj\u00e6r thinks otherwise. The merger would simply destroy a well-functioning research environment, he says\" \/>\n<meta property=\"og:url\" content=\"https:\/\/uniavisen.dk\/en\/dean-merger-will-destroy-my-faculty\/\" \/>\n<meta property=\"og:site_name\" content=\"University Post\" \/>\n<meta property=\"article:publisher\" content=\"https:\/\/www.facebook.com\/uniavis\" \/>\n<meta property=\"article:published_time\" content=\"-0001-11-30T00:00:00+00:00\" \/>\n<meta property=\"article:modified_time\" content=\"2017-01-21T03:06:15+00:00\" \/>\n<meta property=\"og:image\" content=\"https:\/\/uniavisen.dk\/wp-content\/uploads\/2011\/05\/sven_froekjaer.jpg\" \/>\n\t<meta property=\"og:image:width\" content=\"2560\" \/>\n\t<meta property=\"og:image:height\" content=\"1707\" \/>\n\t<meta property=\"og:image:type\" content=\"image\/jpeg\" \/>\n<meta name=\"author\" content=\"MIGRATED_ARTICLES FROM_OLD_SITE\" \/>\n<meta name=\"twitter:card\" content=\"summary_large_image\" \/>\n<meta name=\"twitter:creator\" content=\"@Uniavisen\" \/>\n<meta name=\"twitter:site\" content=\"@Uniavisen\" \/>\n<meta name=\"twitter:label1\" content=\"Written by\" \/>\n\t<meta name=\"twitter:data1\" content=\"MIGRATED_ARTICLES FROM_OLD_SITE\" \/>\n\t<meta name=\"twitter:label2\" content=\"Est. reading time\" \/>\n\t<meta name=\"twitter:data2\" content=\"2 minutes\" \/>\n<script type=\"application\/ld+json\" class=\"yoast-schema-graph\">{\"@context\":\"https:\\\/\\\/schema.org\",\"@graph\":[{\"@type\":\"Article\",\"@id\":\"https:\\\/\\\/uniavisen.dk\\\/en\\\/dean-merger-will-destroy-my-faculty\\\/#article\",\"isPartOf\":{\"@id\":\"https:\\\/\\\/uniavisen.dk\\\/en\\\/dean-merger-will-destroy-my-faculty\\\/\"},\"author\":{\"name\":\"MIGRATED_ARTICLES FROM_OLD_SITE\",\"@id\":\"https:\\\/\\\/uniavisen.dk\\\/#\\\/schema\\\/person\\\/b4df0b22f9be3943039e58e94c400606\"},\"headline\":\"Dean: Merger will destroy my Faculty\",\"datePublished\":\"-0001-11-30T00:00:00+00:00\",\"dateModified\":\"2017-01-21T03:06:15+00:00\",\"mainEntityOfPage\":{\"@id\":\"https:\\\/\\\/uniavisen.dk\\\/en\\\/dean-merger-will-destroy-my-faculty\\\/\"},\"wordCount\":321,\"commentCount\":0,\"image\":{\"@id\":\"https:\\\/\\\/uniavisen.dk\\\/en\\\/dean-merger-will-destroy-my-faculty\\\/#primaryimage\"},\"thumbnailUrl\":\"https:\\\/\\\/uniavisen.dk\\\/wp-content\\\/uploads\\\/2011\\\/05\\\/sven_froekjaer.jpg\",\"articleSection\":[\"Politics\"],\"inLanguage\":\"en-US\"},{\"@type\":\"WebPage\",\"@id\":\"https:\\\/\\\/uniavisen.dk\\\/en\\\/dean-merger-will-destroy-my-faculty\\\/\",\"url\":\"https:\\\/\\\/uniavisen.dk\\\/en\\\/dean-merger-will-destroy-my-faculty\\\/\",\"name\":\"Dean: Merger will destroy my Faculty\",\"isPartOf\":{\"@id\":\"https:\\\/\\\/uniavisen.dk\\\/#website\"},\"primaryImageOfPage\":{\"@id\":\"https:\\\/\\\/uniavisen.dk\\\/en\\\/dean-merger-will-destroy-my-faculty\\\/#primaryimage\"},\"image\":{\"@id\":\"https:\\\/\\\/uniavisen.dk\\\/en\\\/dean-merger-will-destroy-my-faculty\\\/#primaryimage\"},\"thumbnailUrl\":\"https:\\\/\\\/uniavisen.dk\\\/wp-content\\\/uploads\\\/2011\\\/05\\\/sven_froekjaer.jpg\",\"datePublished\":\"-0001-11-30T00:00:00+00:00\",\"dateModified\":\"2017-01-21T03:06:15+00:00\",\"author\":{\"@id\":\"https:\\\/\\\/uniavisen.dk\\\/#\\\/schema\\\/person\\\/b4df0b22f9be3943039e58e94c400606\"},\"breadcrumb\":{\"@id\":\"https:\\\/\\\/uniavisen.dk\\\/en\\\/dean-merger-will-destroy-my-faculty\\\/#breadcrumb\"},\"inLanguage\":\"en-US\",\"potentialAction\":[{\"@type\":\"ReadAction\",\"target\":[\"https:\\\/\\\/uniavisen.dk\\\/en\\\/dean-merger-will-destroy-my-faculty\\\/\"]}]},{\"@type\":\"ImageObject\",\"inLanguage\":\"en-US\",\"@id\":\"https:\\\/\\\/uniavisen.dk\\\/en\\\/dean-merger-will-destroy-my-faculty\\\/#primaryimage\",\"url\":\"https:\\\/\\\/uniavisen.dk\\\/wp-content\\\/uploads\\\/2011\\\/05\\\/sven_froekjaer.jpg\",\"contentUrl\":\"https:\\\/\\\/uniavisen.dk\\\/wp-content\\\/uploads\\\/2011\\\/05\\\/sven_froekjaer.jpg\",\"width\":2560,\"height\":1707,\"caption\":\"Pharmaceutical Sciences' Dean Sven Fr\u00f8kj\u00e6r: Merger is a bad idea\"},{\"@type\":\"BreadcrumbList\",\"@id\":\"https:\\\/\\\/uniavisen.dk\\\/en\\\/dean-merger-will-destroy-my-faculty\\\/#breadcrumb\",\"itemListElement\":[{\"@type\":\"ListItem\",\"position\":1,\"name\":\"Home\",\"item\":\"https:\\\/\\\/uniavisen.dk\\\/en\\\/\"},{\"@type\":\"ListItem\",\"position\":2,\"name\":\"Dean: Merger will destroy my Faculty\"}]},{\"@type\":\"WebSite\",\"@id\":\"https:\\\/\\\/uniavisen.dk\\\/#website\",\"url\":\"https:\\\/\\\/uniavisen.dk\\\/\",\"name\":\"University Post\",\"description\":\"Independent of management\",\"potentialAction\":[{\"@type\":\"SearchAction\",\"target\":{\"@type\":\"EntryPoint\",\"urlTemplate\":\"https:\\\/\\\/uniavisen.dk\\\/?s={search_term_string}\"},\"query-input\":{\"@type\":\"PropertyValueSpecification\",\"valueRequired\":true,\"valueName\":\"search_term_string\"}}],\"inLanguage\":\"en-US\"},{\"@type\":\"Person\",\"@id\":\"https:\\\/\\\/uniavisen.dk\\\/#\\\/schema\\\/person\\\/b4df0b22f9be3943039e58e94c400606\",\"name\":\"MIGRATED_ARTICLES FROM_OLD_SITE\",\"image\":{\"@type\":\"ImageObject\",\"inLanguage\":\"en-US\",\"@id\":\"https:\\\/\\\/secure.gravatar.com\\\/avatar\\\/b6c147fc36e92c08c95515aba962dbc89107ed33613c690182f7e243d0c0a2ab?s=96&d=identicon&r=g\",\"url\":\"https:\\\/\\\/secure.gravatar.com\\\/avatar\\\/b6c147fc36e92c08c95515aba962dbc89107ed33613c690182f7e243d0c0a2ab?s=96&d=identicon&r=g\",\"contentUrl\":\"https:\\\/\\\/secure.gravatar.com\\\/avatar\\\/b6c147fc36e92c08c95515aba962dbc89107ed33613c690182f7e243d0c0a2ab?s=96&d=identicon&r=g\",\"caption\":\"MIGRATED_ARTICLES FROM_OLD_SITE\"},\"url\":\"https:\\\/\\\/uniavisen.dk\\\/en\\\/author\\\/migrated_articles\\\/\"}]}<\/script>\n<!-- \/ Yoast SEO plugin. -->","yoast_head_json":{"title":"Dean: Merger will destroy my Faculty","robots":{"index":"index","follow":"follow","max-snippet":"max-snippet:-1","max-image-preview":"max-image-preview:large","max-video-preview":"max-video-preview:-1"},"canonical":"https:\/\/uniavisen.dk\/en\/dean-merger-will-destroy-my-faculty\/","og_locale":"en_US","og_type":"article","og_title":"Dean: Merger will destroy my Faculty","og_description":"While the Department of Chemistry welcomes the prospect of being merged with chemisty research at the Faculty of Pharmaceutical Sciences, Pharma's Dean Sven Fr\u00f8kj\u00e6r thinks otherwise. The merger would simply destroy a well-functioning research environment, he says","og_url":"https:\/\/uniavisen.dk\/en\/dean-merger-will-destroy-my-faculty\/","og_site_name":"University Post","article_publisher":"https:\/\/www.facebook.com\/uniavis","article_published_time":"-0001-11-30T00:00:00+00:00","article_modified_time":"2017-01-21T03:06:15+00:00","og_image":[{"width":2560,"height":1707,"url":"https:\/\/uniavisen.dk\/wp-content\/uploads\/2011\/05\/sven_froekjaer.jpg","type":"image\/jpeg"}],"author":"MIGRATED_ARTICLES FROM_OLD_SITE","twitter_card":"summary_large_image","twitter_creator":"@Uniavisen","twitter_site":"@Uniavisen","twitter_misc":{"Written by":"MIGRATED_ARTICLES FROM_OLD_SITE","Est. reading time":"2 minutes"},"schema":{"@context":"https:\/\/schema.org","@graph":[{"@type":"Article","@id":"https:\/\/uniavisen.dk\/en\/dean-merger-will-destroy-my-faculty\/#article","isPartOf":{"@id":"https:\/\/uniavisen.dk\/en\/dean-merger-will-destroy-my-faculty\/"},"author":{"name":"MIGRATED_ARTICLES FROM_OLD_SITE","@id":"https:\/\/uniavisen.dk\/#\/schema\/person\/b4df0b22f9be3943039e58e94c400606"},"headline":"Dean: Merger will destroy my Faculty","datePublished":"-0001-11-30T00:00:00+00:00","dateModified":"2017-01-21T03:06:15+00:00","mainEntityOfPage":{"@id":"https:\/\/uniavisen.dk\/en\/dean-merger-will-destroy-my-faculty\/"},"wordCount":321,"commentCount":0,"image":{"@id":"https:\/\/uniavisen.dk\/en\/dean-merger-will-destroy-my-faculty\/#primaryimage"},"thumbnailUrl":"https:\/\/uniavisen.dk\/wp-content\/uploads\/2011\/05\/sven_froekjaer.jpg","articleSection":["Politics"],"inLanguage":"en-US"},{"@type":"WebPage","@id":"https:\/\/uniavisen.dk\/en\/dean-merger-will-destroy-my-faculty\/","url":"https:\/\/uniavisen.dk\/en\/dean-merger-will-destroy-my-faculty\/","name":"Dean: Merger will destroy my Faculty","isPartOf":{"@id":"https:\/\/uniavisen.dk\/#website"},"primaryImageOfPage":{"@id":"https:\/\/uniavisen.dk\/en\/dean-merger-will-destroy-my-faculty\/#primaryimage"},"image":{"@id":"https:\/\/uniavisen.dk\/en\/dean-merger-will-destroy-my-faculty\/#primaryimage"},"thumbnailUrl":"https:\/\/uniavisen.dk\/wp-content\/uploads\/2011\/05\/sven_froekjaer.jpg","datePublished":"-0001-11-30T00:00:00+00:00","dateModified":"2017-01-21T03:06:15+00:00","author":{"@id":"https:\/\/uniavisen.dk\/#\/schema\/person\/b4df0b22f9be3943039e58e94c400606"},"breadcrumb":{"@id":"https:\/\/uniavisen.dk\/en\/dean-merger-will-destroy-my-faculty\/#breadcrumb"},"inLanguage":"en-US","potentialAction":[{"@type":"ReadAction","target":["https:\/\/uniavisen.dk\/en\/dean-merger-will-destroy-my-faculty\/"]}]},{"@type":"ImageObject","inLanguage":"en-US","@id":"https:\/\/uniavisen.dk\/en\/dean-merger-will-destroy-my-faculty\/#primaryimage","url":"https:\/\/uniavisen.dk\/wp-content\/uploads\/2011\/05\/sven_froekjaer.jpg","contentUrl":"https:\/\/uniavisen.dk\/wp-content\/uploads\/2011\/05\/sven_froekjaer.jpg","width":2560,"height":1707,"caption":"Pharmaceutical Sciences' Dean Sven Fr\u00f8kj\u00e6r: Merger is a bad idea"},{"@type":"BreadcrumbList","@id":"https:\/\/uniavisen.dk\/en\/dean-merger-will-destroy-my-faculty\/#breadcrumb","itemListElement":[{"@type":"ListItem","position":1,"name":"Home","item":"https:\/\/uniavisen.dk\/en\/"},{"@type":"ListItem","position":2,"name":"Dean: Merger will destroy my Faculty"}]},{"@type":"WebSite","@id":"https:\/\/uniavisen.dk\/#website","url":"https:\/\/uniavisen.dk\/","name":"University Post","description":"Independent of management","potentialAction":[{"@type":"SearchAction","target":{"@type":"EntryPoint","urlTemplate":"https:\/\/uniavisen.dk\/?s={search_term_string}"},"query-input":{"@type":"PropertyValueSpecification","valueRequired":true,"valueName":"search_term_string"}}],"inLanguage":"en-US"},{"@type":"Person","@id":"https:\/\/uniavisen.dk\/#\/schema\/person\/b4df0b22f9be3943039e58e94c400606","name":"MIGRATED_ARTICLES FROM_OLD_SITE","image":{"@type":"ImageObject","inLanguage":"en-US","@id":"https:\/\/secure.gravatar.com\/avatar\/b6c147fc36e92c08c95515aba962dbc89107ed33613c690182f7e243d0c0a2ab?s=96&d=identicon&r=g","url":"https:\/\/secure.gravatar.com\/avatar\/b6c147fc36e92c08c95515aba962dbc89107ed33613c690182f7e243d0c0a2ab?s=96&d=identicon&r=g","contentUrl":"https:\/\/secure.gravatar.com\/avatar\/b6c147fc36e92c08c95515aba962dbc89107ed33613c690182f7e243d0c0a2ab?s=96&d=identicon&r=g","caption":"MIGRATED_ARTICLES FROM_OLD_SITE"},"url":"https:\/\/uniavisen.dk\/en\/author\/migrated_articles\/"}]}},"advancedCustomFields":{"layout_group":[{"acf_fc_layout":"Headline","use_post_title":true,"headline":"","style":"default","highlighted_words":"","text_size":"medium"},{"acf_fc_layout":"Image","image":{"ID":20381,"id":20381,"title":"sven_froekjaer","filename":"sven_froekjaer.jpg","filesize":645890,"url":"https:\/\/uniavisen.dk\/wp-content\/uploads\/2011\/05\/sven_froekjaer.jpg","link":"https:\/\/uniavisen.dk\/en\/dean-merger-will-destroy-my-faculty\/sven_froekjaer\/","alt":"","author":"0","description":"Pharmaceutical Sciences' Dean Sven Fr\u00f8kj\u00e6r: Merger is a bad idea","caption":"Pharmaceutical Sciences' Dean Sven Fr\u00f8kj\u00e6r: Merger is a bad idea","name":"sven_froekjaer","status":"inherit","uploaded_to":20380,"date":"2017-01-19 11:43:27","modified":"2017-01-19 11:43:29","menu_order":0,"mime_type":"image\/jpeg","type":"image","subtype":"jpeg","icon":"https:\/\/uniavisen.dk\/wp-includes\/images\/media\/default.png","width":2560,"height":1707,"sizes":{"thumbnail":"https:\/\/uniavisen.dk\/wp-content\/uploads\/2011\/05\/sven_froekjaer-150x150.jpg","thumbnail-width":150,"thumbnail-height":150,"medium":"https:\/\/uniavisen.dk\/wp-content\/uploads\/2011\/05\/sven_froekjaer-480x320.jpg","medium-width":480,"medium-height":320,"medium_large":"https:\/\/uniavisen.dk\/wp-content\/uploads\/2011\/05\/sven_froekjaer-768x512.jpg","medium_large-width":768,"medium_large-height":512,"large":"https:\/\/uniavisen.dk\/wp-content\/uploads\/2011\/05\/sven_froekjaer-1280x853.jpg","large-width":1280,"large-height":853,"1536x1536":"https:\/\/uniavisen.dk\/wp-content\/uploads\/2011\/05\/sven_froekjaer.jpg","1536x1536-width":1536,"1536x1536-height":1024,"2048x2048":"https:\/\/uniavisen.dk\/wp-content\/uploads\/2011\/05\/sven_froekjaer.jpg","2048x2048-width":2048,"2048x2048-height":1366,"featured-soft":"https:\/\/uniavisen.dk\/wp-content\/uploads\/2011\/05\/sven_froekjaer-290x193.jpg","featured-soft-width":290,"featured-soft-height":193,"featured-hard":"https:\/\/uniavisen.dk\/wp-content\/uploads\/2011\/05\/sven_froekjaer-290x180.jpg","featured-hard-width":290,"featured-hard-height":180,"narrow":"https:\/\/uniavisen.dk\/wp-content\/uploads\/2011\/05\/sven_froekjaer-700x467.jpg","narrow-width":700,"narrow-height":467,"extended":"https:\/\/uniavisen.dk\/wp-content\/uploads\/2011\/05\/sven_froekjaer-990x660.jpg","extended-width":990,"extended-height":660}},"style":"screen","text_placement":"metadata-below","image_link_url":"","image_link_title":"","caption_prefix":"","enable_alternative_caption":false,"alternative_caption":""},{"acf_fc_layout":"Standfirst","subject":"","text":"While the Department of Chemistry welcomes the prospect of being merged with chemisty research at the Faculty of Pharmaceutical Sciences, Pharma's Dean Sven Fr\u00f8kj\u00e6r thinks otherwise. The merger would simply destroy a well-functioning research environment, he says","use_post_excerpt":false},{"acf_fc_layout":"Byline","is_author":false,"contributors":[{"use_registered_user":false,"user":false,"contributor_name":"Christoffer Zieler, English version Afton Halloran","contributor_title":"&nbsp;","contributor_image":false}]},{"acf_fc_layout":"Content","content":"<p>If the University of Copenhagen follows the advice of three international experts, chemistry research at the University is to merged into a new super-institution making it one of the largest departments in Europe.<\/p>\n<p>The proposal will better coordinate the University&#8217;s chemical research, which according to experts is \u00bbuncoordinated and inefficient.\u00ab<\/p>\n<p>But not everyone agrees. <\/p>\n<h2>Struggling for survival<\/h2>\n<p>The merger is an extremely bad idea, says Sven Fr\u00f8kj\u00e6r, Dean of the Faculty of Pharmaceutical Sciences (Pharma). <\/p>\n<p>Pharma has approximately 450 staff and at least one third of them &#8211; and the many students they teach &#8211; <a href=\"node\/10476\">are proposed moved to the Faculty of Science.<\/a><\/p>\n<p>\u00bbThe question is whether we have as good an opportunity to serve the community. I think we will lose opportunities and the momentum in the research and training process we are doing,\u00ab thinks Fr\u00f8kj\u00e6r, who is unsure if the Faculty can survive such a large drain on its human resources.<\/p>\n<h2>Report bias<\/h2>\n<p>Fr\u00f8kj\u00e6r believes that the report&#8217;s findings reflect the fact that the experts were only asked to relate to one specific thing:<\/p>\n<p>\u00bbIt is clear that there has been a bias in the work report. The experts were asked the question: How can we strengthen chemistry?\u00ab<\/p>\n<p>But he thinks the experts never looked beyond the main question they were asked to provide advice to.<\/p>\n<p>\u00bbIt is perfectly legitimate, in terms of management, to analyse whether there are areas that the University, in its total operation, can strengthen. And here is the perception that it must be chemistry, and I support that one hundred percent. Our chemistry &#8211; that is, the analytical chemistry and pharmaceutical chemistry &#8211; requires that the basic chemistry research is strong and that you have easy access to it. But we do not do chemistry for chemistry&#8217;s sake, but for medicine\u2019s,\u00ab adds Fr\u00f8kj\u00e6r.<\/p>\n<p>chz@adm.ku.dk<\/p>\n"},{"acf_fc_layout":"ArticleEnd"},{"acf_fc_layout":"OtherStories","headline":"","hand_picked_posts":false,"references":false,"category":false,"theme":false,"number_of_posts":"4","style":"default"}]},"taxonomyData":{"category":[{"term_id":48,"name":"Politics","slug":"politics","term_group":0,"term_taxonomy_id":48,"taxonomy":"category","description":"","parent":0,"count":1036,"filter":"raw"}],"post_tag":[],"post_format":[],"expression":[{"term_id":15,"name":"News Article","slug":"news_article","term_group":0,"term_taxonomy_id":15,"taxonomy":"expression","description":"","parent":0,"count":11492,"filter":"raw"}],"translation_priority":[]},"featured_media_url":"https:\/\/uniavisen.dk\/wp-content\/uploads\/2011\/05\/sven_froekjaer-1280x853.jpg","_links":{"self":[{"href":"https:\/\/uniavisen.dk\/en\/wp-json\/wp\/v2\/posts\/20380","targetHints":{"allow":["GET"]}}],"collection":[{"href":"https:\/\/uniavisen.dk\/en\/wp-json\/wp\/v2\/posts"}],"about":[{"href":"https:\/\/uniavisen.dk\/en\/wp-json\/wp\/v2\/types\/post"}],"author":[{"embeddable":true,"href":"https:\/\/uniavisen.dk\/en\/wp-json\/wp\/v2\/users\/12"}],"replies":[{"embeddable":true,"href":"https:\/\/uniavisen.dk\/en\/wp-json\/wp\/v2\/comments?post=20380"}],"version-history":[{"count":1,"href":"https:\/\/uniavisen.dk\/en\/wp-json\/wp\/v2\/posts\/20380\/revisions"}],"predecessor-version":[{"id":37223,"href":"https:\/\/uniavisen.dk\/en\/wp-json\/wp\/v2\/posts\/20380\/revisions\/37223"}],"wp:featuredmedia":[{"embeddable":true,"href":"https:\/\/uniavisen.dk\/en\/wp-json\/wp\/v2\/media\/20381"}],"wp:attachment":[{"href":"https:\/\/uniavisen.dk\/en\/wp-json\/wp\/v2\/media?parent=20380"}],"wp:term":[{"taxonomy":"category","embeddable":true,"href":"https:\/\/uniavisen.dk\/en\/wp-json\/wp\/v2\/categories?post=20380"},{"taxonomy":"post_tag","embeddable":true,"href":"https:\/\/uniavisen.dk\/en\/wp-json\/wp\/v2\/tags?post=20380"}],"curies":[{"name":"wp","href":"https:\/\/api.w.org\/{rel}","templated":true}]}}