
{"id":3860,"date":"2016-02-29T13:02:30","date_gmt":"2016-02-29T12:02:30","guid":{"rendered":"https:\/\/uniavisen.dk\/?p=3860\/"},"modified":"2017-01-20T21:00:23","modified_gmt":"2017-01-20T21:00:23","slug":"ulla-toernaes-new-education-minister","status":"publish","type":"post","link":"https:\/\/uniavisen.dk\/en\/ulla-toernaes-new-education-minister\/","title":{"rendered":"Ulla T\u00f8rn\u00e6s new education minister"},"content":{"rendered":"<p>Prime Minister Lars L\u00f8kke Rasmussen has announced that Ulla T\u00f8rn\u00e6s is the new Minister of Education and Research. The previous education minister Esben Lunde Larsen will now be the Minister for Environment and Food after Eva Kjer Hansen resigned from this position Saturday. This is according to <a href=\"https:\/\/www.facebook.com\/larsloekke\/posts\/10153911086858788\" target=\"_blank\">Rasmussen&#8217;s post on Facebook<\/a> Monday afternoon.<\/p>\n<p>Lunde Larsen was the Minister of Education and Research from 18 June 2015. During his time as a minister he has been accused of <a href=\"http:\/\/universitypost.dk\/article\/media-education-minister-lied-about-his-own-ucph-degree\" target=\"_blank\">lying about his University of Copenhagen degree<\/a> and <a href=\"http:\/\/universitypost.dk\/article\/committee-examine-esben-lunde-larsens-phd-plagiarism\" target=\"_blank\">elements of plagiarism in his PhD dissertation<\/a>.<\/p>\n<p>&#8221;Thanks to the Prime Minister for his trust and the new appointment. It is a very exciting task &#8211; especially when I have sat in both parliamentary committees. I&#8217;m looking forward to working with the political parties. On my way to Amalienborg now. Good day to you all,&#8221; wrote Lunde Larsen <a href=\"https:\/\/www.facebook.com\/esbenlundelarsen\/posts\/582791575207539\" target=\"_blank\">on his Facebook page<\/a>.<\/p>\n<h2>Result of Eva Kjer Hansen&#8217;s resignation<\/h2>\n<p>Food &amp; Environment Minister Eva Kjer Hansen resigned, Saturday, ending a week of controversy that had threatened to topple the government. This is according to Seven59.dk.<\/p>\n<p>Ms Hansen had been accused by the Social-Democratic-led opposition and environmental groups of misleading parliament over the environmental impact of a set of agricultural reforms, but her position became untenable when the Conservatives Party, the government\u2019s ally, announced it would be supporting a vote of no-confidence in her.<\/p>\n<p>Announcing her resignation, the Minister said she did not want to &#8216;stand in the way&#8217; of the minority government.<\/p>\n<p>Prime Minister Lars L\u00f8kke Rasmussen, who had originally refused to fire Ms Hansen and vowed to &#8216;back her all the way&#8217; said he had accepted her resignation &#8216;with great regret&#8217; and he would appoint her successor early this week.<\/p>\n<p>The ruling Liberals hold only 34 seats in the 179-seat parliament. They are supported by the Conservatives with six seats, the Danish People\u2019s Party with 37 and the Liberal Alliance with 13 \u2013 giving them a majority of just one. Political analysts view the resignation as a victory for Conservative leader S\u00f8ren Pape Poulsen.<\/p>\n<p>universitypost@adm.ku.dk<\/p>\n<p><em>Do you have a good story? We would like to <a href=\"http:\/\/universitypost.dk\/article\/how-share-stories-university-post\" target=\"_blank\">hear from you<\/a>. In the meantime, sign up for our <a href=\"http:\/\/universitypost.dk\/newsletter\" target=\"_blank\">weekly newsletter<\/a> for news, like us on <a href=\"https:\/\/www.facebook.com\/UniversityPost\" target=\"_blank\">Facebook<\/a> for features, guides and tips on upcoming events and follow us on <a href=\"https:\/\/twitter.com\/UniversityPost\" target=\"_blank\"> Twitter<\/a> for links to other Copenhagen academia stories.<\/em><\/p>\n","protected":false},"excerpt":{"rendered":"<p>DANISH NEWS &#8211; She takes over as Minister of Education and Research, as controversial Esben Lunde Larsen fills in as Minister for Environment and Food<\/p>\n","protected":false},"author":12,"featured_media":3861,"comment_status":"open","ping_status":"open","sticky":false,"template":"","format":"standard","meta":{"_acf_changed":false,"om_disable_all_campaigns":false,"_monsterinsights_skip_tracking":false,"_monsterinsights_sitenote_active":false,"_monsterinsights_sitenote_note":"","_monsterinsights_sitenote_category":0,"_uf_show_specific_survey":0,"_uf_disable_surveys":false,"footnotes":""},"categories":[42],"tags":[],"class_list":["post-3860","post","type-post","status-publish","format-standard","has-post-thumbnail","hentry","category-education","expression-news_article"],"acf":[],"aioseo_notices":[],"yoast_head":"<!-- This site is optimized with the Yoast SEO plugin v27.4 - https:\/\/yoast.com\/product\/yoast-seo-wordpress\/ -->\n<title>Ulla T\u00f8rn\u00e6s new education minister<\/title>\n<meta name=\"robots\" content=\"index, follow, max-snippet:-1, max-image-preview:large, max-video-preview:-1\" \/>\n<link rel=\"canonical\" href=\"https:\/\/uniavisen.dk\/en\/ulla-toernaes-new-education-minister\/\" \/>\n<meta property=\"og:locale\" content=\"en_US\" \/>\n<meta property=\"og:type\" content=\"article\" \/>\n<meta property=\"og:title\" content=\"Ulla T\u00f8rn\u00e6s new education minister\" \/>\n<meta property=\"og:description\" content=\"DANISH NEWS - She takes over as Minister of Education and Research, as controversial Esben Lunde Larsen fills in as Minister for Environment and Food\" \/>\n<meta property=\"og:url\" content=\"https:\/\/uniavisen.dk\/en\/ulla-toernaes-new-education-minister\/\" \/>\n<meta property=\"og:site_name\" content=\"University Post\" \/>\n<meta property=\"article:publisher\" content=\"https:\/\/www.facebook.com\/uniavis\" \/>\n<meta property=\"article:published_time\" content=\"-0001-11-30T00:00:00+00:00\" \/>\n<meta property=\"article:modified_time\" content=\"2017-01-20T21:00:23+00:00\" \/>\n<meta property=\"og:image\" content=\"https:\/\/uniavisen.dk\/wp-content\/uploads\/2016\/02\/ulla_tornaes_2014-05-25.jpg\" \/>\n\t<meta property=\"og:image:width\" content=\"2452\" \/>\n\t<meta property=\"og:image:height\" content=\"1699\" \/>\n\t<meta property=\"og:image:type\" content=\"image\/jpeg\" \/>\n<meta name=\"author\" content=\"MIGRATED_ARTICLES FROM_OLD_SITE\" \/>\n<meta name=\"twitter:card\" content=\"summary_large_image\" \/>\n<meta name=\"twitter:creator\" content=\"@Uniavisen\" \/>\n<meta name=\"twitter:site\" content=\"@Uniavisen\" \/>\n<meta name=\"twitter:label1\" content=\"Written by\" \/>\n\t<meta name=\"twitter:data1\" content=\"MIGRATED_ARTICLES FROM_OLD_SITE\" \/>\n\t<meta name=\"twitter:label2\" content=\"Est. reading time\" \/>\n\t<meta name=\"twitter:data2\" content=\"2 minutes\" \/>\n<script type=\"application\/ld+json\" class=\"yoast-schema-graph\">{\"@context\":\"https:\\\/\\\/schema.org\",\"@graph\":[{\"@type\":\"Article\",\"@id\":\"https:\\\/\\\/uniavisen.dk\\\/en\\\/ulla-toernaes-new-education-minister\\\/#article\",\"isPartOf\":{\"@id\":\"https:\\\/\\\/uniavisen.dk\\\/en\\\/ulla-toernaes-new-education-minister\\\/\"},\"author\":{\"name\":\"MIGRATED_ARTICLES FROM_OLD_SITE\",\"@id\":\"https:\\\/\\\/uniavisen.dk\\\/#\\\/schema\\\/person\\\/b4df0b22f9be3943039e58e94c400606\"},\"headline\":\"Ulla T\u00f8rn\u00e6s new education minister\",\"datePublished\":\"-0001-11-30T00:00:00+00:00\",\"dateModified\":\"2017-01-20T21:00:23+00:00\",\"mainEntityOfPage\":{\"@id\":\"https:\\\/\\\/uniavisen.dk\\\/en\\\/ulla-toernaes-new-education-minister\\\/\"},\"wordCount\":403,\"commentCount\":0,\"image\":{\"@id\":\"https:\\\/\\\/uniavisen.dk\\\/en\\\/ulla-toernaes-new-education-minister\\\/#primaryimage\"},\"thumbnailUrl\":\"https:\\\/\\\/uniavisen.dk\\\/wp-content\\\/uploads\\\/2016\\\/02\\\/ulla_tornaes_2014-05-25.jpg\",\"articleSection\":[\"Education\"],\"inLanguage\":\"en-US\"},{\"@type\":\"WebPage\",\"@id\":\"https:\\\/\\\/uniavisen.dk\\\/en\\\/ulla-toernaes-new-education-minister\\\/\",\"url\":\"https:\\\/\\\/uniavisen.dk\\\/en\\\/ulla-toernaes-new-education-minister\\\/\",\"name\":\"Ulla T\u00f8rn\u00e6s new education minister\",\"isPartOf\":{\"@id\":\"https:\\\/\\\/uniavisen.dk\\\/#website\"},\"primaryImageOfPage\":{\"@id\":\"https:\\\/\\\/uniavisen.dk\\\/en\\\/ulla-toernaes-new-education-minister\\\/#primaryimage\"},\"image\":{\"@id\":\"https:\\\/\\\/uniavisen.dk\\\/en\\\/ulla-toernaes-new-education-minister\\\/#primaryimage\"},\"thumbnailUrl\":\"https:\\\/\\\/uniavisen.dk\\\/wp-content\\\/uploads\\\/2016\\\/02\\\/ulla_tornaes_2014-05-25.jpg\",\"datePublished\":\"-0001-11-30T00:00:00+00:00\",\"dateModified\":\"2017-01-20T21:00:23+00:00\",\"author\":{\"@id\":\"https:\\\/\\\/uniavisen.dk\\\/#\\\/schema\\\/person\\\/b4df0b22f9be3943039e58e94c400606\"},\"breadcrumb\":{\"@id\":\"https:\\\/\\\/uniavisen.dk\\\/en\\\/ulla-toernaes-new-education-minister\\\/#breadcrumb\"},\"inLanguage\":\"en-US\",\"potentialAction\":[{\"@type\":\"ReadAction\",\"target\":[\"https:\\\/\\\/uniavisen.dk\\\/en\\\/ulla-toernaes-new-education-minister\\\/\"]}]},{\"@type\":\"ImageObject\",\"inLanguage\":\"en-US\",\"@id\":\"https:\\\/\\\/uniavisen.dk\\\/en\\\/ulla-toernaes-new-education-minister\\\/#primaryimage\",\"url\":\"https:\\\/\\\/uniavisen.dk\\\/wp-content\\\/uploads\\\/2016\\\/02\\\/ulla_tornaes_2014-05-25.jpg\",\"contentUrl\":\"https:\\\/\\\/uniavisen.dk\\\/wp-content\\\/uploads\\\/2016\\\/02\\\/ulla_tornaes_2014-05-25.jpg\",\"width\":2452,\"height\":1699,\"caption\":\"New Minister of Education and Research Ulla T\u00f8rn\u00e6s\"},{\"@type\":\"BreadcrumbList\",\"@id\":\"https:\\\/\\\/uniavisen.dk\\\/en\\\/ulla-toernaes-new-education-minister\\\/#breadcrumb\",\"itemListElement\":[{\"@type\":\"ListItem\",\"position\":1,\"name\":\"Home\",\"item\":\"https:\\\/\\\/uniavisen.dk\\\/en\\\/\"},{\"@type\":\"ListItem\",\"position\":2,\"name\":\"Ulla T\u00f8rn\u00e6s new education minister\"}]},{\"@type\":\"WebSite\",\"@id\":\"https:\\\/\\\/uniavisen.dk\\\/#website\",\"url\":\"https:\\\/\\\/uniavisen.dk\\\/\",\"name\":\"University Post\",\"description\":\"Independent of management\",\"potentialAction\":[{\"@type\":\"SearchAction\",\"target\":{\"@type\":\"EntryPoint\",\"urlTemplate\":\"https:\\\/\\\/uniavisen.dk\\\/?s={search_term_string}\"},\"query-input\":{\"@type\":\"PropertyValueSpecification\",\"valueRequired\":true,\"valueName\":\"search_term_string\"}}],\"inLanguage\":\"en-US\"},{\"@type\":\"Person\",\"@id\":\"https:\\\/\\\/uniavisen.dk\\\/#\\\/schema\\\/person\\\/b4df0b22f9be3943039e58e94c400606\",\"name\":\"MIGRATED_ARTICLES FROM_OLD_SITE\",\"image\":{\"@type\":\"ImageObject\",\"inLanguage\":\"en-US\",\"@id\":\"https:\\\/\\\/secure.gravatar.com\\\/avatar\\\/b6c147fc36e92c08c95515aba962dbc89107ed33613c690182f7e243d0c0a2ab?s=96&d=identicon&r=g\",\"url\":\"https:\\\/\\\/secure.gravatar.com\\\/avatar\\\/b6c147fc36e92c08c95515aba962dbc89107ed33613c690182f7e243d0c0a2ab?s=96&d=identicon&r=g\",\"contentUrl\":\"https:\\\/\\\/secure.gravatar.com\\\/avatar\\\/b6c147fc36e92c08c95515aba962dbc89107ed33613c690182f7e243d0c0a2ab?s=96&d=identicon&r=g\",\"caption\":\"MIGRATED_ARTICLES FROM_OLD_SITE\"},\"url\":\"https:\\\/\\\/uniavisen.dk\\\/en\\\/author\\\/migrated_articles\\\/\"}]}<\/script>\n<!-- \/ Yoast SEO plugin. -->","yoast_head_json":{"title":"Ulla T\u00f8rn\u00e6s new education minister","robots":{"index":"index","follow":"follow","max-snippet":"max-snippet:-1","max-image-preview":"max-image-preview:large","max-video-preview":"max-video-preview:-1"},"canonical":"https:\/\/uniavisen.dk\/en\/ulla-toernaes-new-education-minister\/","og_locale":"en_US","og_type":"article","og_title":"Ulla T\u00f8rn\u00e6s new education minister","og_description":"DANISH NEWS - She takes over as Minister of Education and Research, as controversial Esben Lunde Larsen fills in as Minister for Environment and Food","og_url":"https:\/\/uniavisen.dk\/en\/ulla-toernaes-new-education-minister\/","og_site_name":"University Post","article_publisher":"https:\/\/www.facebook.com\/uniavis","article_published_time":"-0001-11-30T00:00:00+00:00","article_modified_time":"2017-01-20T21:00:23+00:00","og_image":[{"width":2452,"height":1699,"url":"https:\/\/uniavisen.dk\/wp-content\/uploads\/2016\/02\/ulla_tornaes_2014-05-25.jpg","type":"image\/jpeg"}],"author":"MIGRATED_ARTICLES FROM_OLD_SITE","twitter_card":"summary_large_image","twitter_creator":"@Uniavisen","twitter_site":"@Uniavisen","twitter_misc":{"Written by":"MIGRATED_ARTICLES FROM_OLD_SITE","Est. reading time":"2 minutes"},"schema":{"@context":"https:\/\/schema.org","@graph":[{"@type":"Article","@id":"https:\/\/uniavisen.dk\/en\/ulla-toernaes-new-education-minister\/#article","isPartOf":{"@id":"https:\/\/uniavisen.dk\/en\/ulla-toernaes-new-education-minister\/"},"author":{"name":"MIGRATED_ARTICLES FROM_OLD_SITE","@id":"https:\/\/uniavisen.dk\/#\/schema\/person\/b4df0b22f9be3943039e58e94c400606"},"headline":"Ulla T\u00f8rn\u00e6s new education minister","datePublished":"-0001-11-30T00:00:00+00:00","dateModified":"2017-01-20T21:00:23+00:00","mainEntityOfPage":{"@id":"https:\/\/uniavisen.dk\/en\/ulla-toernaes-new-education-minister\/"},"wordCount":403,"commentCount":0,"image":{"@id":"https:\/\/uniavisen.dk\/en\/ulla-toernaes-new-education-minister\/#primaryimage"},"thumbnailUrl":"https:\/\/uniavisen.dk\/wp-content\/uploads\/2016\/02\/ulla_tornaes_2014-05-25.jpg","articleSection":["Education"],"inLanguage":"en-US"},{"@type":"WebPage","@id":"https:\/\/uniavisen.dk\/en\/ulla-toernaes-new-education-minister\/","url":"https:\/\/uniavisen.dk\/en\/ulla-toernaes-new-education-minister\/","name":"Ulla T\u00f8rn\u00e6s new education minister","isPartOf":{"@id":"https:\/\/uniavisen.dk\/#website"},"primaryImageOfPage":{"@id":"https:\/\/uniavisen.dk\/en\/ulla-toernaes-new-education-minister\/#primaryimage"},"image":{"@id":"https:\/\/uniavisen.dk\/en\/ulla-toernaes-new-education-minister\/#primaryimage"},"thumbnailUrl":"https:\/\/uniavisen.dk\/wp-content\/uploads\/2016\/02\/ulla_tornaes_2014-05-25.jpg","datePublished":"-0001-11-30T00:00:00+00:00","dateModified":"2017-01-20T21:00:23+00:00","author":{"@id":"https:\/\/uniavisen.dk\/#\/schema\/person\/b4df0b22f9be3943039e58e94c400606"},"breadcrumb":{"@id":"https:\/\/uniavisen.dk\/en\/ulla-toernaes-new-education-minister\/#breadcrumb"},"inLanguage":"en-US","potentialAction":[{"@type":"ReadAction","target":["https:\/\/uniavisen.dk\/en\/ulla-toernaes-new-education-minister\/"]}]},{"@type":"ImageObject","inLanguage":"en-US","@id":"https:\/\/uniavisen.dk\/en\/ulla-toernaes-new-education-minister\/#primaryimage","url":"https:\/\/uniavisen.dk\/wp-content\/uploads\/2016\/02\/ulla_tornaes_2014-05-25.jpg","contentUrl":"https:\/\/uniavisen.dk\/wp-content\/uploads\/2016\/02\/ulla_tornaes_2014-05-25.jpg","width":2452,"height":1699,"caption":"New Minister of Education and Research Ulla T\u00f8rn\u00e6s"},{"@type":"BreadcrumbList","@id":"https:\/\/uniavisen.dk\/en\/ulla-toernaes-new-education-minister\/#breadcrumb","itemListElement":[{"@type":"ListItem","position":1,"name":"Home","item":"https:\/\/uniavisen.dk\/en\/"},{"@type":"ListItem","position":2,"name":"Ulla T\u00f8rn\u00e6s new education minister"}]},{"@type":"WebSite","@id":"https:\/\/uniavisen.dk\/#website","url":"https:\/\/uniavisen.dk\/","name":"University Post","description":"Independent of management","potentialAction":[{"@type":"SearchAction","target":{"@type":"EntryPoint","urlTemplate":"https:\/\/uniavisen.dk\/?s={search_term_string}"},"query-input":{"@type":"PropertyValueSpecification","valueRequired":true,"valueName":"search_term_string"}}],"inLanguage":"en-US"},{"@type":"Person","@id":"https:\/\/uniavisen.dk\/#\/schema\/person\/b4df0b22f9be3943039e58e94c400606","name":"MIGRATED_ARTICLES FROM_OLD_SITE","image":{"@type":"ImageObject","inLanguage":"en-US","@id":"https:\/\/secure.gravatar.com\/avatar\/b6c147fc36e92c08c95515aba962dbc89107ed33613c690182f7e243d0c0a2ab?s=96&d=identicon&r=g","url":"https:\/\/secure.gravatar.com\/avatar\/b6c147fc36e92c08c95515aba962dbc89107ed33613c690182f7e243d0c0a2ab?s=96&d=identicon&r=g","contentUrl":"https:\/\/secure.gravatar.com\/avatar\/b6c147fc36e92c08c95515aba962dbc89107ed33613c690182f7e243d0c0a2ab?s=96&d=identicon&r=g","caption":"MIGRATED_ARTICLES FROM_OLD_SITE"},"url":"https:\/\/uniavisen.dk\/en\/author\/migrated_articles\/"}]}},"advancedCustomFields":{"layout_group":[{"acf_fc_layout":"Headline","use_post_title":true,"headline":"","style":"default","highlighted_words":"","text_size":"medium"},{"acf_fc_layout":"Image","image":{"ID":3861,"id":3861,"title":"ulla_tornaes_2014-05-25","filename":"ulla_tornaes_2014-05-25.jpg","filesize":519927,"url":"https:\/\/uniavisen.dk\/wp-content\/uploads\/2016\/02\/ulla_tornaes_2014-05-25.jpg","link":"https:\/\/uniavisen.dk\/en\/ulla-toernaes-new-education-minister\/ulla_tornaes_2014-05-25\/","alt":"","author":"1","description":"New Minister of Education and Research Ulla T\u00f8rn\u00e6s","caption":"New Minister of Education and Research Ulla T\u00f8rn\u00e6s","name":"ulla_tornaes_2014-05-25","status":"inherit","uploaded_to":3860,"date":"2017-01-19 03:40:03","modified":"2017-01-19 03:40:05","menu_order":0,"mime_type":"image\/jpeg","type":"image","subtype":"jpeg","icon":"https:\/\/uniavisen.dk\/wp-includes\/images\/media\/default.png","width":2452,"height":1699,"sizes":{"thumbnail":"https:\/\/uniavisen.dk\/wp-content\/uploads\/2016\/02\/ulla_tornaes_2014-05-25-150x150.jpg","thumbnail-width":150,"thumbnail-height":150,"medium":"https:\/\/uniavisen.dk\/wp-content\/uploads\/2016\/02\/ulla_tornaes_2014-05-25-480x333.jpg","medium-width":480,"medium-height":333,"medium_large":"https:\/\/uniavisen.dk\/wp-content\/uploads\/2016\/02\/ulla_tornaes_2014-05-25-768x532.jpg","medium_large-width":768,"medium_large-height":532,"large":"https:\/\/uniavisen.dk\/wp-content\/uploads\/2016\/02\/ulla_tornaes_2014-05-25-1280x887.jpg","large-width":1280,"large-height":887,"1536x1536":"https:\/\/uniavisen.dk\/wp-content\/uploads\/2016\/02\/ulla_tornaes_2014-05-25.jpg","1536x1536-width":1536,"1536x1536-height":1064,"2048x2048":"https:\/\/uniavisen.dk\/wp-content\/uploads\/2016\/02\/ulla_tornaes_2014-05-25.jpg","2048x2048-width":2048,"2048x2048-height":1419,"featured-soft":"https:\/\/uniavisen.dk\/wp-content\/uploads\/2016\/02\/ulla_tornaes_2014-05-25-290x201.jpg","featured-soft-width":290,"featured-soft-height":201,"featured-hard":"https:\/\/uniavisen.dk\/wp-content\/uploads\/2016\/02\/ulla_tornaes_2014-05-25-290x180.jpg","featured-hard-width":290,"featured-hard-height":180,"narrow":"https:\/\/uniavisen.dk\/wp-content\/uploads\/2016\/02\/ulla_tornaes_2014-05-25-700x485.jpg","narrow-width":700,"narrow-height":485,"extended":"https:\/\/uniavisen.dk\/wp-content\/uploads\/2016\/02\/ulla_tornaes_2014-05-25-990x686.jpg","extended-width":990,"extended-height":686}},"style":"screen","text_placement":"metadata-below","image_link_url":"","image_link_title":"","caption_prefix":"","enable_alternative_caption":false,"alternative_caption":""},{"acf_fc_layout":"Standfirst","subject":"","text":"DANISH NEWS - She takes over as Minister of Education and Research, as controversial Esben Lunde Larsen fills in as Minister for Environment and Food","use_post_excerpt":false},{"acf_fc_layout":"Byline","is_author":false,"contributors":[{"use_registered_user":false,"user":false,"contributor_name":"University Post Newsroom","contributor_title":"&nbsp;","contributor_image":false}]},{"acf_fc_layout":"Content","content":"<p>Prime Minister Lars L\u00f8kke Rasmussen has announced that Ulla T\u00f8rn\u00e6s is the new Minister of Education and Research. The previous education minister Esben Lunde Larsen will now be the Minister for Environment and Food after Eva Kjer Hansen resigned from this position Saturday. This is according to <a href=\"https:\/\/www.facebook.com\/larsloekke\/posts\/10153911086858788\" target=\"_blank\">Rasmussen&#8217;s post on Facebook<\/a> Monday afternoon.<\/p>\n<p>Lunde Larsen was the Minister of Education and Research from 18 June 2015. During his time as a minister he has been accused of <a href=\"http:\/\/universitypost.dk\/article\/media-education-minister-lied-about-his-own-ucph-degree\" target=\"_blank\">lying about his University of Copenhagen degree<\/a> and <a href=\"http:\/\/universitypost.dk\/article\/committee-examine-esben-lunde-larsens-phd-plagiarism\" target=\"_blank\">elements of plagiarism in his PhD dissertation<\/a>.<\/p>\n<p>&#8221;Thanks to the Prime Minister for his trust and the new appointment. It is a very exciting task &#8211; especially when I have sat in both parliamentary committees. I&#8217;m looking forward to working with the political parties. On my way to Amalienborg now. Good day to you all,&#8221; wrote Lunde Larsen <a href=\"https:\/\/www.facebook.com\/esbenlundelarsen\/posts\/582791575207539\" target=\"_blank\">on his Facebook page<\/a>.<\/p>\n<h2>Result of Eva Kjer Hansen&#8217;s resignation<\/h2>\n<p>Food &amp; Environment Minister Eva Kjer Hansen resigned, Saturday, ending a week of controversy that had threatened to topple the government. This is according to Seven59.dk.<\/p>\n<p>Ms Hansen had been accused by the Social-Democratic-led opposition and environmental groups of misleading parliament over the environmental impact of a set of agricultural reforms, but her position became untenable when the Conservatives Party, the government\u2019s ally, announced it would be supporting a vote of no-confidence in her.<\/p>\n<p>Announcing her resignation, the Minister said she did not want to &#8216;stand in the way&#8217; of the minority government.<\/p>\n<p>Prime Minister Lars L\u00f8kke Rasmussen, who had originally refused to fire Ms Hansen and vowed to &#8216;back her all the way&#8217; said he had accepted her resignation &#8216;with great regret&#8217; and he would appoint her successor early this week.<\/p>\n<p>The ruling Liberals hold only 34 seats in the 179-seat parliament. They are supported by the Conservatives with six seats, the Danish People\u2019s Party with 37 and the Liberal Alliance with 13 \u2013 giving them a majority of just one. Political analysts view the resignation as a victory for Conservative leader S\u00f8ren Pape Poulsen.<\/p>\n<p>universitypost@adm.ku.dk<\/p>\n<p><em>Do you have a good story? We would like to <a href=\"http:\/\/universitypost.dk\/article\/how-share-stories-university-post\" target=\"_blank\">hear from you<\/a>. In the meantime, sign up for our <a href=\"http:\/\/universitypost.dk\/newsletter\" target=\"_blank\">weekly newsletter<\/a> for news, like us on <a href=\"https:\/\/www.facebook.com\/UniversityPost\" target=\"_blank\">Facebook<\/a> for features, guides and tips on upcoming events and follow us on <a href=\"https:\/\/twitter.com\/UniversityPost\" target=\"_blank\"> Twitter<\/a> for links to other Copenhagen academia stories.<\/em><\/p>\n"},{"acf_fc_layout":"ArticleEnd"},{"acf_fc_layout":"OtherStories","headline":"","hand_picked_posts":false,"references":false,"category":false,"theme":false,"number_of_posts":"4","style":"default"}]},"taxonomyData":{"category":[{"term_id":42,"name":"Education","slug":"education","term_group":0,"term_taxonomy_id":42,"taxonomy":"category","description":"","parent":0,"count":661,"filter":"raw"}],"post_tag":[],"post_format":[],"expression":[{"term_id":15,"name":"News Article","slug":"news_article","term_group":0,"term_taxonomy_id":15,"taxonomy":"expression","description":"","parent":0,"count":11492,"filter":"raw"}],"translation_priority":[]},"featured_media_url":"https:\/\/uniavisen.dk\/wp-content\/uploads\/2016\/02\/ulla_tornaes_2014-05-25-1280x887.jpg","_links":{"self":[{"href":"https:\/\/uniavisen.dk\/en\/wp-json\/wp\/v2\/posts\/3860","targetHints":{"allow":["GET"]}}],"collection":[{"href":"https:\/\/uniavisen.dk\/en\/wp-json\/wp\/v2\/posts"}],"about":[{"href":"https:\/\/uniavisen.dk\/en\/wp-json\/wp\/v2\/types\/post"}],"author":[{"embeddable":true,"href":"https:\/\/uniavisen.dk\/en\/wp-json\/wp\/v2\/users\/12"}],"replies":[{"embeddable":true,"href":"https:\/\/uniavisen.dk\/en\/wp-json\/wp\/v2\/comments?post=3860"}],"version-history":[{"count":2,"href":"https:\/\/uniavisen.dk\/en\/wp-json\/wp\/v2\/posts\/3860\/revisions"}],"predecessor-version":[{"id":31440,"href":"https:\/\/uniavisen.dk\/en\/wp-json\/wp\/v2\/posts\/3860\/revisions\/31440"}],"wp:featuredmedia":[{"embeddable":true,"href":"https:\/\/uniavisen.dk\/en\/wp-json\/wp\/v2\/media\/3861"}],"wp:attachment":[{"href":"https:\/\/uniavisen.dk\/en\/wp-json\/wp\/v2\/media?parent=3860"}],"wp:term":[{"taxonomy":"category","embeddable":true,"href":"https:\/\/uniavisen.dk\/en\/wp-json\/wp\/v2\/categories?post=3860"},{"taxonomy":"post_tag","embeddable":true,"href":"https:\/\/uniavisen.dk\/en\/wp-json\/wp\/v2\/tags?post=3860"}],"curies":[{"name":"wp","href":"https:\/\/api.w.org\/{rel}","templated":true}]}}