
{"id":4973,"date":"2015-08-28T10:10:48","date_gmt":"2015-08-28T08:10:48","guid":{"rendered":"https:\/\/uniavisen.dk\/?p=4973\/"},"modified":"2017-01-20T21:48:11","modified_gmt":"2017-01-20T21:48:11","slug":"full-text-of-speech-by-rector-at-2015-ucph-matriculation","status":"publish","type":"post","link":"https:\/\/uniavisen.dk\/en\/full-text-of-speech-by-rector-at-2015-ucph-matriculation\/","title":{"rendered":"Full text of speech by Rector at 2015 UCPH matriculation"},"content":{"rendered":"<p>Willkommen, bienvenue, welcome!<br \/>\nFremde, etranger, stranger.<br \/>\nGl\u00fccklich Euch zu sehen, je suis enchante,<br \/>\nHappy to see you, bleib hier, reste, stay.<\/p>\n<p>Welcome to more than 2000 international students<br \/>\nfrom Damaskus to Delhi,<br \/>\nfrom Vancouver to Vladivostok,<br \/>\nfrom Cape Town to Kirkenes.<\/p>\n<p>Welcome to 7641 students from Denmark<br \/>\n&#8211; Danes with different cultural backgrounds, from Nakskov to N\u00f8rre Bronx.<br \/>\nAnd welcome to each and everyone of you<br \/>\nwho represent \u201cThe Diversity of Copenhagen\u201d<br \/>\n\u2013 with academic courses ranging from hard-core physics to mind-blowing philosophy.<\/p>\n<p>Finally, I would like you to greet the people standing there on the stairs,<br \/>\ndressed in the folk costumes of this university,<br \/>\neach representing his or her own faculty with its own culture of learning. <\/p>\n<p>It is custom in this republic of academia not only to cheer for your own dean<br \/>\nbut also for your fellow faculties<br \/>\n\u2013 however strange their academic traditions may seem.<br \/>\nI will begin with the two Prorectors. <\/p>\n<p>From your left:<br \/>\nProrector for Research and Innovation, Thomas Bj\u00f8rnholm<br \/>\nProrector for Education, Lykke Friis<br \/>\nDean at the Faculty of Theology, Kirsten Busch Nielsen<br \/>\nDean at the Faculty of Law, Jacob Graff Nielsen<br \/>\nDean at the Faculty of Social Sciences, Troels \u00d8stergaard S\u00f8rensen<br \/>\nDean at the Faculty of Health and Medical Sciences, Ulla Wewer<br \/>\nDean at the Faculty of Humanities, Ulf Hedetoft<br \/>\nDean at the Faculty of Science, John Renner Hansen<br \/>\nAnd University Director Jesper Olesen.<\/p>\n<p>It may be that Jon Stewart stopped as host in \u201dThe Daily Show\u201d.<br \/>\nBut now YOU \u2013 the students of 2015 \u2013 you will run the show at this university<br \/>\n(at least today). <\/p>\n<p>Speaking of Jon Stewart,<br \/>\nhe always ended his show with a clip from the crazy world we live in.<br \/>\nHe called it \u201ca moment of zen\u201d \u2013 but it was rather like \u201ca moment of madness\u201d.<\/p>\n<p>So here it is folks \u2013 your \u201cmoment of Zen\u201d this summer:<\/p>\n<p>The Lion \u201cCecil\u201d is no longer Lion King in the National Park in Zimbabwe.<br \/>\nA dentist from Minnesota, USA, travelled 15.000 km. to Zimbabwe and payed 50.000 $ to shoot \u201cCecil\u201d with an arrow.<br \/>\nA woman from Eritrea doesn\u2019t have a penny. She has to jump on a moving train in Calais going through the tunnel 50 K to the UK.<\/p>\n<p>The king of real estate, Donald Trump<br \/>\n\u2013 the guy with the hair of a lion who owns the lion share of the city jungle \u2013<br \/>\nstarted his race to the top spot in America. <\/p>\n<p>People from Denmark escape the cold weather.<br \/>\nPeople from Syria escape the war.<br \/>\nThey all meet on the same beach.<br \/>\nIn the crystal clear waters of a Greek island,<br \/>\nboth tourists and refugees drift on rubber boats<br \/>\nbut for different reasons. <\/p>\n<p>The football player Christiano Ronaldo<br \/>\nbuys a Greek island as a wedding present for his agent.<br \/>\nOn another Greek island it was not allowed to give a bottle of water to a child from Syria, walking on the road in the heat.<\/p>\n<p>A smiling dentist shooting lions, people jumping on moving trains.<br \/>\nIt sounds like a James Bond movie on a mission gone wrong.<\/p>\n<p>The Danish Government is also on a mission.<br \/>\nIt wants to put an ad in the paper<br \/>\ninforming Syrian refugees and the people who transport them<br \/>\nabout conditions in Denmark.<br \/>\nWell, the University of Copenhagen already has ads in the paper,<br \/>\ninviting bright young people from all over the world to join this university.<br \/>\nAnd here you are! <\/p>\n<p>Now I\u2019ll switch to Danish &#8211; for a while. <\/p>\n<p>Ja, verden er ikke helt i zen.<br \/>\nKan universitetet klare verdenssituationen?<br \/>\nKan I?<\/p>\n<p>Her p\u00e5 universitetet f\u00e5r I en v\u00e6rkt\u00f8jskasse til at bygge noget op.<br \/>\nMen mekaniske kompetencer alene reducerer mennesket til en maskine.<br \/>\nEn uddannelse skal ogs\u00e5 rumme dannelse.<br \/>\nDannelse er ikke lig med udenadsl\u00e6re og konger\u00e6kke,<br \/>\nmen hele r\u00e6kken af argumenter for og imod kongernes betydning. <\/p>\n<p>Tag bare Niels Bohr, der kigger ud over jer derovre fra sin bronze-buste.<br \/>\nBohr sagde engang til en anden stor fysiker, citat<br \/>\n\u201dVi er alle enige om, at Deres teori er tosset.<br \/>\nSp\u00f8rgsm\u00e5let er, om den er tosset nok til at v\u00e6re korrekt.\u201d <\/p>\n<p>I den forstand rummer universitetet ogs\u00e5 noget revolution\u00e6rt,<br \/>\nsom kan bringe den tossede verden mere i zen.<br \/>\nEt opg\u00f8r med konformiteten og dogmerne<br \/>\n\u2013 eller som det hedder p\u00e5 nutidsdansk: et innovationspotentiale.<\/p>\n<p>Den revolution\u00e6re kraft vil I f\u00e5 her p\u00e5 KU \u2013 \u201dmay the force be with you\u201d.<br \/>\nOg s\u00e5 er der ikke gr\u00e6nser for, hvor langt I kan n\u00e5 med at l\u00f8se alverdens gr\u00e6nseoverskridende problemer:<br \/>\nKlima &amp; konflikter,<br \/>\nfattigdom &amp; flygtninge,<br \/>\nfedme &amp; f\u00f8devareknaphed,<br \/>\ng\u00e6ld &amp; Gr\u00e6kenland.<\/p>\n<p>For slet ikke at tale om d\u00e9t, der fylder mest i jeres liv.<br \/>\nAt finde noget at leve af \u2013 et job.<br \/>\nOg at finde noget at leve for \u2013 modet til selv at definere, hvad der er rigtigt og forkert.<\/p>\n<p>Her kommer s\u00e5 tre rektor-r\u00e5d til et studie i zen<br \/>\n\u2013 i balance mellem uddannelse og dannelse.<\/p>\n<p>For det f\u00f8rste:<br \/>\nV\u00e6r nysgerrig.<br \/>\nS\u00f8g det fremmede.<br \/>\nBliv en kulturel kam\u00e6leon, der kan skifte sprog og falde ind i omgivelserne,<br \/>\nsom en verdensborger i \u201den verden af i morgen\u201d.<br \/>\nL\u00e6r flere sprog \u2013 husk at engelsk kun giver \u00e9t verdensbillede.<br \/>\nRejs ud.<br \/>\nG\u00e5 p\u00e5 opdagelse i gr\u00e6nselandet.<br \/>\nTag eksotiske fag p\u00e5 fremmede fakulteter.<br \/>\nDuk forudindtaget op til foredrag og g\u00e5 hjem med en uventet konklusion.<br \/>\nKom til arrangementer derinde i festsalen \u2013 med statsm\u00e6nd og kvinder<br \/>\nog folk, der er \u201dnoget ved verdensmusikken\u201d .<br \/>\nLad mig give jer et indtryk af sp\u00e6ndvidden over \u00e5rene.<br \/>\nFra Ingmar Bergman til Michael Haneke.<br \/>\nFra Hannah Arendt til J\u00fcrgen Habermas.<br \/>\nFra Winston Churchill til Angela Merkel, der kom til debat med de studerende i april. <\/p>\n<p>For det andet:<br \/>\nFordyb jer.<br \/>\nSluk for Ipadens bl\u00e5lys i sovev\u00e6relset.<br \/>\nT\u00e6nd for den indre lystavle og l\u00e6s b\u00f8ger &#8211; ikke kun faglitteratur.<br \/>\nL\u00e6r om Gr\u00f8nland ved at l\u00e6se Leine.<br \/>\nLav din egen russiske oprustning gennem Tolstoy.<br \/>\nTag fat p\u00e5 Europas historie ved at l\u00e6se Zweig.<br \/>\nIndr\u00f8mmet: Jeg har selv en Netflix-konto.<br \/>\nOg jeg har en svaghed for Frank Underwoods m\u00f8rke underskov af ugerninger i House of Cards.<br \/>\nMen korthuset kan ramle, hvis man kun streamer underholdning efter behag.<br \/>\nDet er ikke n\u00f8rdet at vide noget.<br \/>\nMen derimod klogt at dykke ned i substansen<br \/>\n\u2013 frem for bare at surfe p\u00e5 Internettets overflade.<br \/>\nOg husk p\u00e5: Fornuftens filter er bedre end Googles algoritmer.<\/p>\n<p>For det tredje:<br \/>\nV\u00e6r selvst\u00e6ndig.<br \/>\nVi tilbyder ikke fois-gras studier eller studier hvor I h\u00e5ndmades med f\u00e6rdigretter.<br \/>\nOg KU skal ikke v\u00e6re et curling-universitet, som fejer alle forhindringer v\u00e6k. <\/p>\n<p>Men derfor beh\u00f8ver man jo ikke at rende forvirret rundt for at finde den mest basale info<br \/>\n&#8211; s\u00e5som om ens undervisning er aflyst \u2013 og at man kan sove en time l\u00e6ngere.<br \/>\nDerfor har vi nu f\u00e5et en app \u2013 myUCPH &#8211; s\u00e5 I kan ha\u2019 KU med i lommen.<\/p>\n<p>Nej, universitetet er ikke 4.G.<br \/>\nMen \u00e9n ting vil du genkende fra gym:<br \/>\nDu skal tage din uddannelse til tiden.<br \/>\nS\u00e5dan er de regler, som politikerne har bestemt. <\/p>\n<p>Men i det lange l\u00f8b er det kortsigtet at starte med en sprint.<br \/>\nOg at v\u00e6re \u201dSmart i en fart\u201d er heller ikke god stil p\u00e5 universitetet.<br \/>\nDerfor vil vi p\u00e5 KU g\u00f8re vores til, at der stadig plads til de omveje,<br \/>\nder er genveje til en bedre uddannelse og til mere dannelse:<br \/>\nUdlandsophold, erhvervserfaring og iv\u00e6rks\u00e6tter-dr\u00f8mme.<br \/>\nFor slet ikke at tale om tid og rum til de sk\u00f8re teorier,<br \/>\nsom netop ikke er s\u00e5 sk\u00f8re ved n\u00e6rmere eftertanke \u2013 i Niels Bohr \u00e5nd.<\/p>\n<p>Et studieliv i overhalingsbanen med hornet i bund<br \/>\n\u2013 lyder heller ikke sundt for medtrafikanterne.<br \/>\nPas p\u00e5 hinanden og skab et godt studiemilj\u00f8<br \/>\n\u2013 s\u00e6rligt her i starten, hvor der er mange nye ting, man skal v\u00e6re opm\u00e6rksom p\u00e5.<br \/>\nF\u00e5 overblik p\u00e5 intranettet \u2013 KUnet.<br \/>\nL\u00e6s studiebeskederne, se jeres personlige skema og klik videre til Absalon \u2013 jeres online kursusrum.<br \/>\nOg husk ogs\u00e5 de ikke-virtuelle f\u00e6llesskaber:<br \/>\nmeld jer ind i Alumneforeningen \u2013 eller en af de mange studenterforeninger. <\/p>\n<p>Dear students <\/p>\n<p>Today you enter the University of Copenhagen.<br \/>\nAnd in this ceremony you are accepted as citizens<br \/>\nin this republic of higher learning.<\/p>\n<p>In a moment you will all shake my hand<br \/>\n\u2013 or the hand of Prorector for Education, Lykke Friis. <\/p>\n<p>The handshake means that you will obtain your academic \u201ccitizenship\u201d<br \/>\nand that you promise to obey the university laws of 1479.<br \/>\nThe laws are mostly about all the power of the professors<br \/>\nand about misbehaving students who will be thrown in prison. <\/p>\n<p>As you can hear, it sounds very \u201cold school\u201d and medieval.<br \/>\nSo today, I hope we can shake hands on the merits of modern university education:<br \/>\nTolerance, openness and freethinking. <\/p>\n<p>In other words the academic spirit that will give you \u2013 and indeed the world &#8211;<br \/>\nnot only a moment of zen, but a lifetime of zen. <\/p>\n<p>Thank you!<\/p>\n<p>(Editor&#8217;s note: This speech was delivered to the University Post under embargo. The spoken word 28 August 2015 may have varied)<\/p>\n<p>universitypost@adm.ku.dk<\/p>\n<p><em>Do you have a good story? We would like to <a href=\"http:\/\/universitypost.dk\/article\/how-share-stories-university-post\" target=\"_blank\">hear from you<\/a>. In the meantime, like us on <a href=\"https:\/\/www.facebook.com\/UniversityPost\" target=\"_blank\"> Facebook <\/a> for features, guides and tips on upcoming events and follow us on <a href=\"https:\/\/twitter.com\/UniversityPost\" target=\"_blank\"> Twitter<\/a> for links to other Copenhagen academia news stories.<\/em><\/p>\n","protected":false},"excerpt":{"rendered":"<p>Speech held by Rector Ralf Hemmingsen at the Matriculation for new University of Copenhagen students 28 August 2015<\/p>\n","protected":false},"author":12,"featured_media":4974,"comment_status":"open","ping_status":"open","sticky":false,"template":"","format":"standard","meta":{"_acf_changed":false,"om_disable_all_campaigns":false,"_monsterinsights_skip_tracking":false,"_monsterinsights_sitenote_active":false,"_monsterinsights_sitenote_note":"","_monsterinsights_sitenote_category":0,"_uf_show_specific_survey":0,"_uf_disable_surveys":false,"footnotes":""},"categories":[44],"tags":[],"class_list":["post-4973","post","type-post","status-publish","format-standard","has-post-thumbnail","hentry","category-campus","expression-news_article"],"acf":[],"aioseo_notices":[],"yoast_head":"<!-- This site is optimized with the Yoast SEO plugin v27.4 - https:\/\/yoast.com\/product\/yoast-seo-wordpress\/ -->\n<title>Full text of speech by Rector at 2015 UCPH matriculation<\/title>\n<meta name=\"robots\" content=\"index, follow, max-snippet:-1, max-image-preview:large, max-video-preview:-1\" \/>\n<link rel=\"canonical\" href=\"https:\/\/uniavisen.dk\/en\/full-text-of-speech-by-rector-at-2015-ucph-matriculation\/\" \/>\n<meta property=\"og:locale\" content=\"en_US\" \/>\n<meta property=\"og:type\" content=\"article\" \/>\n<meta property=\"og:title\" content=\"Full text of speech by Rector at 2015 UCPH matriculation\" \/>\n<meta property=\"og:description\" content=\"Speech held by Rector Ralf Hemmingsen at the Matriculation for new University of Copenhagen students 28 August 2015\" \/>\n<meta property=\"og:url\" content=\"https:\/\/uniavisen.dk\/en\/full-text-of-speech-by-rector-at-2015-ucph-matriculation\/\" \/>\n<meta property=\"og:site_name\" content=\"University Post\" \/>\n<meta property=\"article:publisher\" content=\"https:\/\/www.facebook.com\/uniavis\" \/>\n<meta property=\"article:published_time\" content=\"-0001-11-30T00:00:00+00:00\" \/>\n<meta property=\"article:modified_time\" content=\"2017-01-20T21:48:11+00:00\" \/>\n<meta property=\"og:image\" content=\"https:\/\/uniavisen.dk\/wp-content\/uploads\/2015\/08\/ralf_hemmingsen_from_2014_matriculation.jpg\" \/>\n\t<meta property=\"og:image:width\" content=\"1000\" \/>\n\t<meta property=\"og:image:height\" content=\"768\" \/>\n\t<meta property=\"og:image:type\" content=\"image\/jpeg\" \/>\n<meta name=\"author\" content=\"MIGRATED_ARTICLES FROM_OLD_SITE\" \/>\n<meta name=\"twitter:card\" content=\"summary_large_image\" \/>\n<meta name=\"twitter:creator\" content=\"@Uniavisen\" \/>\n<meta name=\"twitter:site\" content=\"@Uniavisen\" \/>\n<meta name=\"twitter:label1\" content=\"Written by\" \/>\n\t<meta name=\"twitter:data1\" content=\"MIGRATED_ARTICLES FROM_OLD_SITE\" \/>\n\t<meta name=\"twitter:label2\" content=\"Est. reading time\" \/>\n\t<meta name=\"twitter:data2\" content=\"8 minutes\" \/>\n<script type=\"application\/ld+json\" class=\"yoast-schema-graph\">{\"@context\":\"https:\\\/\\\/schema.org\",\"@graph\":[{\"@type\":\"Article\",\"@id\":\"https:\\\/\\\/uniavisen.dk\\\/en\\\/full-text-of-speech-by-rector-at-2015-ucph-matriculation\\\/#article\",\"isPartOf\":{\"@id\":\"https:\\\/\\\/uniavisen.dk\\\/en\\\/full-text-of-speech-by-rector-at-2015-ucph-matriculation\\\/\"},\"author\":{\"name\":\"MIGRATED_ARTICLES FROM_OLD_SITE\",\"@id\":\"https:\\\/\\\/uniavisen.dk\\\/#\\\/schema\\\/person\\\/b4df0b22f9be3943039e58e94c400606\"},\"headline\":\"Full text of speech by Rector at 2015 UCPH matriculation\",\"datePublished\":\"-0001-11-30T00:00:00+00:00\",\"dateModified\":\"2017-01-20T21:48:11+00:00\",\"mainEntityOfPage\":{\"@id\":\"https:\\\/\\\/uniavisen.dk\\\/en\\\/full-text-of-speech-by-rector-at-2015-ucph-matriculation\\\/\"},\"wordCount\":1577,\"commentCount\":0,\"image\":{\"@id\":\"https:\\\/\\\/uniavisen.dk\\\/en\\\/full-text-of-speech-by-rector-at-2015-ucph-matriculation\\\/#primaryimage\"},\"thumbnailUrl\":\"https:\\\/\\\/uniavisen.dk\\\/wp-content\\\/uploads\\\/2015\\\/08\\\/ralf_hemmingsen_from_2014_matriculation.jpg\",\"articleSection\":[\"Campus\"],\"inLanguage\":\"en-US\"},{\"@type\":\"WebPage\",\"@id\":\"https:\\\/\\\/uniavisen.dk\\\/en\\\/full-text-of-speech-by-rector-at-2015-ucph-matriculation\\\/\",\"url\":\"https:\\\/\\\/uniavisen.dk\\\/en\\\/full-text-of-speech-by-rector-at-2015-ucph-matriculation\\\/\",\"name\":\"Full text of speech by Rector at 2015 UCPH matriculation\",\"isPartOf\":{\"@id\":\"https:\\\/\\\/uniavisen.dk\\\/#website\"},\"primaryImageOfPage\":{\"@id\":\"https:\\\/\\\/uniavisen.dk\\\/en\\\/full-text-of-speech-by-rector-at-2015-ucph-matriculation\\\/#primaryimage\"},\"image\":{\"@id\":\"https:\\\/\\\/uniavisen.dk\\\/en\\\/full-text-of-speech-by-rector-at-2015-ucph-matriculation\\\/#primaryimage\"},\"thumbnailUrl\":\"https:\\\/\\\/uniavisen.dk\\\/wp-content\\\/uploads\\\/2015\\\/08\\\/ralf_hemmingsen_from_2014_matriculation.jpg\",\"datePublished\":\"-0001-11-30T00:00:00+00:00\",\"dateModified\":\"2017-01-20T21:48:11+00:00\",\"author\":{\"@id\":\"https:\\\/\\\/uniavisen.dk\\\/#\\\/schema\\\/person\\\/b4df0b22f9be3943039e58e94c400606\"},\"breadcrumb\":{\"@id\":\"https:\\\/\\\/uniavisen.dk\\\/en\\\/full-text-of-speech-by-rector-at-2015-ucph-matriculation\\\/#breadcrumb\"},\"inLanguage\":\"en-US\",\"potentialAction\":[{\"@type\":\"ReadAction\",\"target\":[\"https:\\\/\\\/uniavisen.dk\\\/en\\\/full-text-of-speech-by-rector-at-2015-ucph-matriculation\\\/\"]}]},{\"@type\":\"ImageObject\",\"inLanguage\":\"en-US\",\"@id\":\"https:\\\/\\\/uniavisen.dk\\\/en\\\/full-text-of-speech-by-rector-at-2015-ucph-matriculation\\\/#primaryimage\",\"url\":\"https:\\\/\\\/uniavisen.dk\\\/wp-content\\\/uploads\\\/2015\\\/08\\\/ralf_hemmingsen_from_2014_matriculation.jpg\",\"contentUrl\":\"https:\\\/\\\/uniavisen.dk\\\/wp-content\\\/uploads\\\/2015\\\/08\\\/ralf_hemmingsen_from_2014_matriculation.jpg\",\"width\":1000,\"height\":768,\"caption\":\"From a previous ceremony. The 2015 speech is in full here.\"},{\"@type\":\"BreadcrumbList\",\"@id\":\"https:\\\/\\\/uniavisen.dk\\\/en\\\/full-text-of-speech-by-rector-at-2015-ucph-matriculation\\\/#breadcrumb\",\"itemListElement\":[{\"@type\":\"ListItem\",\"position\":1,\"name\":\"Home\",\"item\":\"https:\\\/\\\/uniavisen.dk\\\/en\\\/\"},{\"@type\":\"ListItem\",\"position\":2,\"name\":\"Full text of speech by Rector at 2015 UCPH matriculation\"}]},{\"@type\":\"WebSite\",\"@id\":\"https:\\\/\\\/uniavisen.dk\\\/#website\",\"url\":\"https:\\\/\\\/uniavisen.dk\\\/\",\"name\":\"University Post\",\"description\":\"Independent of management\",\"potentialAction\":[{\"@type\":\"SearchAction\",\"target\":{\"@type\":\"EntryPoint\",\"urlTemplate\":\"https:\\\/\\\/uniavisen.dk\\\/?s={search_term_string}\"},\"query-input\":{\"@type\":\"PropertyValueSpecification\",\"valueRequired\":true,\"valueName\":\"search_term_string\"}}],\"inLanguage\":\"en-US\"},{\"@type\":\"Person\",\"@id\":\"https:\\\/\\\/uniavisen.dk\\\/#\\\/schema\\\/person\\\/b4df0b22f9be3943039e58e94c400606\",\"name\":\"MIGRATED_ARTICLES FROM_OLD_SITE\",\"image\":{\"@type\":\"ImageObject\",\"inLanguage\":\"en-US\",\"@id\":\"https:\\\/\\\/secure.gravatar.com\\\/avatar\\\/b6c147fc36e92c08c95515aba962dbc89107ed33613c690182f7e243d0c0a2ab?s=96&d=identicon&r=g\",\"url\":\"https:\\\/\\\/secure.gravatar.com\\\/avatar\\\/b6c147fc36e92c08c95515aba962dbc89107ed33613c690182f7e243d0c0a2ab?s=96&d=identicon&r=g\",\"contentUrl\":\"https:\\\/\\\/secure.gravatar.com\\\/avatar\\\/b6c147fc36e92c08c95515aba962dbc89107ed33613c690182f7e243d0c0a2ab?s=96&d=identicon&r=g\",\"caption\":\"MIGRATED_ARTICLES FROM_OLD_SITE\"},\"url\":\"https:\\\/\\\/uniavisen.dk\\\/en\\\/author\\\/migrated_articles\\\/\"}]}<\/script>\n<!-- \/ Yoast SEO plugin. -->","yoast_head_json":{"title":"Full text of speech by Rector at 2015 UCPH matriculation","robots":{"index":"index","follow":"follow","max-snippet":"max-snippet:-1","max-image-preview":"max-image-preview:large","max-video-preview":"max-video-preview:-1"},"canonical":"https:\/\/uniavisen.dk\/en\/full-text-of-speech-by-rector-at-2015-ucph-matriculation\/","og_locale":"en_US","og_type":"article","og_title":"Full text of speech by Rector at 2015 UCPH matriculation","og_description":"Speech held by Rector Ralf Hemmingsen at the Matriculation for new University of Copenhagen students 28 August 2015","og_url":"https:\/\/uniavisen.dk\/en\/full-text-of-speech-by-rector-at-2015-ucph-matriculation\/","og_site_name":"University Post","article_publisher":"https:\/\/www.facebook.com\/uniavis","article_published_time":"-0001-11-30T00:00:00+00:00","article_modified_time":"2017-01-20T21:48:11+00:00","og_image":[{"width":1000,"height":768,"url":"https:\/\/uniavisen.dk\/wp-content\/uploads\/2015\/08\/ralf_hemmingsen_from_2014_matriculation.jpg","type":"image\/jpeg"}],"author":"MIGRATED_ARTICLES FROM_OLD_SITE","twitter_card":"summary_large_image","twitter_creator":"@Uniavisen","twitter_site":"@Uniavisen","twitter_misc":{"Written by":"MIGRATED_ARTICLES FROM_OLD_SITE","Est. reading time":"8 minutes"},"schema":{"@context":"https:\/\/schema.org","@graph":[{"@type":"Article","@id":"https:\/\/uniavisen.dk\/en\/full-text-of-speech-by-rector-at-2015-ucph-matriculation\/#article","isPartOf":{"@id":"https:\/\/uniavisen.dk\/en\/full-text-of-speech-by-rector-at-2015-ucph-matriculation\/"},"author":{"name":"MIGRATED_ARTICLES FROM_OLD_SITE","@id":"https:\/\/uniavisen.dk\/#\/schema\/person\/b4df0b22f9be3943039e58e94c400606"},"headline":"Full text of speech by Rector at 2015 UCPH matriculation","datePublished":"-0001-11-30T00:00:00+00:00","dateModified":"2017-01-20T21:48:11+00:00","mainEntityOfPage":{"@id":"https:\/\/uniavisen.dk\/en\/full-text-of-speech-by-rector-at-2015-ucph-matriculation\/"},"wordCount":1577,"commentCount":0,"image":{"@id":"https:\/\/uniavisen.dk\/en\/full-text-of-speech-by-rector-at-2015-ucph-matriculation\/#primaryimage"},"thumbnailUrl":"https:\/\/uniavisen.dk\/wp-content\/uploads\/2015\/08\/ralf_hemmingsen_from_2014_matriculation.jpg","articleSection":["Campus"],"inLanguage":"en-US"},{"@type":"WebPage","@id":"https:\/\/uniavisen.dk\/en\/full-text-of-speech-by-rector-at-2015-ucph-matriculation\/","url":"https:\/\/uniavisen.dk\/en\/full-text-of-speech-by-rector-at-2015-ucph-matriculation\/","name":"Full text of speech by Rector at 2015 UCPH matriculation","isPartOf":{"@id":"https:\/\/uniavisen.dk\/#website"},"primaryImageOfPage":{"@id":"https:\/\/uniavisen.dk\/en\/full-text-of-speech-by-rector-at-2015-ucph-matriculation\/#primaryimage"},"image":{"@id":"https:\/\/uniavisen.dk\/en\/full-text-of-speech-by-rector-at-2015-ucph-matriculation\/#primaryimage"},"thumbnailUrl":"https:\/\/uniavisen.dk\/wp-content\/uploads\/2015\/08\/ralf_hemmingsen_from_2014_matriculation.jpg","datePublished":"-0001-11-30T00:00:00+00:00","dateModified":"2017-01-20T21:48:11+00:00","author":{"@id":"https:\/\/uniavisen.dk\/#\/schema\/person\/b4df0b22f9be3943039e58e94c400606"},"breadcrumb":{"@id":"https:\/\/uniavisen.dk\/en\/full-text-of-speech-by-rector-at-2015-ucph-matriculation\/#breadcrumb"},"inLanguage":"en-US","potentialAction":[{"@type":"ReadAction","target":["https:\/\/uniavisen.dk\/en\/full-text-of-speech-by-rector-at-2015-ucph-matriculation\/"]}]},{"@type":"ImageObject","inLanguage":"en-US","@id":"https:\/\/uniavisen.dk\/en\/full-text-of-speech-by-rector-at-2015-ucph-matriculation\/#primaryimage","url":"https:\/\/uniavisen.dk\/wp-content\/uploads\/2015\/08\/ralf_hemmingsen_from_2014_matriculation.jpg","contentUrl":"https:\/\/uniavisen.dk\/wp-content\/uploads\/2015\/08\/ralf_hemmingsen_from_2014_matriculation.jpg","width":1000,"height":768,"caption":"From a previous ceremony. The 2015 speech is in full here."},{"@type":"BreadcrumbList","@id":"https:\/\/uniavisen.dk\/en\/full-text-of-speech-by-rector-at-2015-ucph-matriculation\/#breadcrumb","itemListElement":[{"@type":"ListItem","position":1,"name":"Home","item":"https:\/\/uniavisen.dk\/en\/"},{"@type":"ListItem","position":2,"name":"Full text of speech by Rector at 2015 UCPH matriculation"}]},{"@type":"WebSite","@id":"https:\/\/uniavisen.dk\/#website","url":"https:\/\/uniavisen.dk\/","name":"University Post","description":"Independent of management","potentialAction":[{"@type":"SearchAction","target":{"@type":"EntryPoint","urlTemplate":"https:\/\/uniavisen.dk\/?s={search_term_string}"},"query-input":{"@type":"PropertyValueSpecification","valueRequired":true,"valueName":"search_term_string"}}],"inLanguage":"en-US"},{"@type":"Person","@id":"https:\/\/uniavisen.dk\/#\/schema\/person\/b4df0b22f9be3943039e58e94c400606","name":"MIGRATED_ARTICLES FROM_OLD_SITE","image":{"@type":"ImageObject","inLanguage":"en-US","@id":"https:\/\/secure.gravatar.com\/avatar\/b6c147fc36e92c08c95515aba962dbc89107ed33613c690182f7e243d0c0a2ab?s=96&d=identicon&r=g","url":"https:\/\/secure.gravatar.com\/avatar\/b6c147fc36e92c08c95515aba962dbc89107ed33613c690182f7e243d0c0a2ab?s=96&d=identicon&r=g","contentUrl":"https:\/\/secure.gravatar.com\/avatar\/b6c147fc36e92c08c95515aba962dbc89107ed33613c690182f7e243d0c0a2ab?s=96&d=identicon&r=g","caption":"MIGRATED_ARTICLES FROM_OLD_SITE"},"url":"https:\/\/uniavisen.dk\/en\/author\/migrated_articles\/"}]}},"advancedCustomFields":{"layout_group":[{"acf_fc_layout":"Headline","use_post_title":true,"headline":"","style":"default","highlighted_words":"","text_size":"medium"},{"acf_fc_layout":"Image","image":{"ID":4974,"id":4974,"title":"ralf_hemmingsen_from_2014_matriculation","filename":"ralf_hemmingsen_from_2014_matriculation.jpg","filesize":0,"url":"https:\/\/uniavisen.dk\/wp-content\/uploads\/2015\/08\/ralf_hemmingsen_from_2014_matriculation.jpg","link":"https:\/\/uniavisen.dk\/en\/full-text-of-speech-by-rector-at-2015-ucph-matriculation\/ralf_hemmingsen_from_2014_matriculation\/","alt":"","author":"0","description":"From a previous ceremony. The 2015 speech is in full here.","caption":"From a previous ceremony. The 2015 speech is in full here.","name":"ralf_hemmingsen_from_2014_matriculation","status":"inherit","uploaded_to":4973,"date":"2017-01-19 04:51:49","modified":"2017-01-19 04:51:50","menu_order":0,"mime_type":"image\/jpeg","type":"image","subtype":"jpeg","icon":"https:\/\/uniavisen.dk\/wp-includes\/images\/media\/default.png","width":1000,"height":768,"sizes":{"thumbnail":"https:\/\/uniavisen.dk\/wp-content\/uploads\/2015\/08\/ralf_hemmingsen_from_2014_matriculation-150x150.jpg","thumbnail-width":150,"thumbnail-height":150,"medium":"https:\/\/uniavisen.dk\/wp-content\/uploads\/2015\/08\/ralf_hemmingsen_from_2014_matriculation-480x369.jpg","medium-width":480,"medium-height":369,"medium_large":"https:\/\/uniavisen.dk\/wp-content\/uploads\/2015\/08\/ralf_hemmingsen_from_2014_matriculation-768x590.jpg","medium_large-width":768,"medium_large-height":590,"large":"https:\/\/uniavisen.dk\/wp-content\/uploads\/2015\/08\/ralf_hemmingsen_from_2014_matriculation.jpg","large-width":1000,"large-height":768,"1536x1536":"https:\/\/uniavisen.dk\/wp-content\/uploads\/2015\/08\/ralf_hemmingsen_from_2014_matriculation.jpg","1536x1536-width":1000,"1536x1536-height":768,"2048x2048":"https:\/\/uniavisen.dk\/wp-content\/uploads\/2015\/08\/ralf_hemmingsen_from_2014_matriculation.jpg","2048x2048-width":1000,"2048x2048-height":768,"featured-soft":"https:\/\/uniavisen.dk\/wp-content\/uploads\/2015\/08\/ralf_hemmingsen_from_2014_matriculation-290x223.jpg","featured-soft-width":290,"featured-soft-height":223,"featured-hard":"https:\/\/uniavisen.dk\/wp-content\/uploads\/2015\/08\/ralf_hemmingsen_from_2014_matriculation-290x180.jpg","featured-hard-width":290,"featured-hard-height":180,"narrow":"https:\/\/uniavisen.dk\/wp-content\/uploads\/2015\/08\/ralf_hemmingsen_from_2014_matriculation-700x538.jpg","narrow-width":700,"narrow-height":538,"extended":"https:\/\/uniavisen.dk\/wp-content\/uploads\/2015\/08\/ralf_hemmingsen_from_2014_matriculation-990x760.jpg","extended-width":990,"extended-height":760}},"style":"screen","text_placement":"metadata-below","image_link_url":"","image_link_title":"","caption_prefix":"","enable_alternative_caption":false,"alternative_caption":""},{"acf_fc_layout":"Standfirst","subject":"","text":"Speech held by Rector Ralf Hemmingsen at the Matriculation for new University of Copenhagen students 28 August 2015\r\n","use_post_excerpt":false},{"acf_fc_layout":"Byline","is_author":false,"contributors":[{"use_registered_user":false,"user":false,"contributor_name":"Ralf Hemmingsen, Rector of University of Copenhagen","contributor_title":"&nbsp;","contributor_image":false}]},{"acf_fc_layout":"Content","content":"<p>Willkommen, bienvenue, welcome!<br \/>\nFremde, etranger, stranger.<br \/>\nGl\u00fccklich Euch zu sehen, je suis enchante,<br \/>\nHappy to see you, bleib hier, reste, stay.<\/p>\n<p>Welcome to more than 2000 international students<br \/>\nfrom Damaskus to Delhi,<br \/>\nfrom Vancouver to Vladivostok,<br \/>\nfrom Cape Town to Kirkenes.<\/p>\n<p>Welcome to 7641 students from Denmark<br \/>\n&#8211; Danes with different cultural backgrounds, from Nakskov to N\u00f8rre Bronx.<br \/>\nAnd welcome to each and everyone of you<br \/>\nwho represent \u201cThe Diversity of Copenhagen\u201d<br \/>\n\u2013 with academic courses ranging from hard-core physics to mind-blowing philosophy.<\/p>\n<p>Finally, I would like you to greet the people standing there on the stairs,<br \/>\ndressed in the folk costumes of this university,<br \/>\neach representing his or her own faculty with its own culture of learning. <\/p>\n<p>It is custom in this republic of academia not only to cheer for your own dean<br \/>\nbut also for your fellow faculties<br \/>\n\u2013 however strange their academic traditions may seem.<br \/>\nI will begin with the two Prorectors. <\/p>\n<p>From your left:<br \/>\nProrector for Research and Innovation, Thomas Bj\u00f8rnholm<br \/>\nProrector for Education, Lykke Friis<br \/>\nDean at the Faculty of Theology, Kirsten Busch Nielsen<br \/>\nDean at the Faculty of Law, Jacob Graff Nielsen<br \/>\nDean at the Faculty of Social Sciences, Troels \u00d8stergaard S\u00f8rensen<br \/>\nDean at the Faculty of Health and Medical Sciences, Ulla Wewer<br \/>\nDean at the Faculty of Humanities, Ulf Hedetoft<br \/>\nDean at the Faculty of Science, John Renner Hansen<br \/>\nAnd University Director Jesper Olesen.<\/p>\n<p>It may be that Jon Stewart stopped as host in \u201dThe Daily Show\u201d.<br \/>\nBut now YOU \u2013 the students of 2015 \u2013 you will run the show at this university<br \/>\n(at least today). <\/p>\n<p>Speaking of Jon Stewart,<br \/>\nhe always ended his show with a clip from the crazy world we live in.<br \/>\nHe called it \u201ca moment of zen\u201d \u2013 but it was rather like \u201ca moment of madness\u201d.<\/p>\n<p>So here it is folks \u2013 your \u201cmoment of Zen\u201d this summer:<\/p>\n<p>The Lion \u201cCecil\u201d is no longer Lion King in the National Park in Zimbabwe.<br \/>\nA dentist from Minnesota, USA, travelled 15.000 km. to Zimbabwe and payed 50.000 $ to shoot \u201cCecil\u201d with an arrow.<br \/>\nA woman from Eritrea doesn\u2019t have a penny. She has to jump on a moving train in Calais going through the tunnel 50 K to the UK.<\/p>\n<p>The king of real estate, Donald Trump<br \/>\n\u2013 the guy with the hair of a lion who owns the lion share of the city jungle \u2013<br \/>\nstarted his race to the top spot in America. <\/p>\n<p>People from Denmark escape the cold weather.<br \/>\nPeople from Syria escape the war.<br \/>\nThey all meet on the same beach.<br \/>\nIn the crystal clear waters of a Greek island,<br \/>\nboth tourists and refugees drift on rubber boats<br \/>\nbut for different reasons. <\/p>\n<p>The football player Christiano Ronaldo<br \/>\nbuys a Greek island as a wedding present for his agent.<br \/>\nOn another Greek island it was not allowed to give a bottle of water to a child from Syria, walking on the road in the heat.<\/p>\n<p>A smiling dentist shooting lions, people jumping on moving trains.<br \/>\nIt sounds like a James Bond movie on a mission gone wrong.<\/p>\n<p>The Danish Government is also on a mission.<br \/>\nIt wants to put an ad in the paper<br \/>\ninforming Syrian refugees and the people who transport them<br \/>\nabout conditions in Denmark.<br \/>\nWell, the University of Copenhagen already has ads in the paper,<br \/>\ninviting bright young people from all over the world to join this university.<br \/>\nAnd here you are! <\/p>\n<p>Now I\u2019ll switch to Danish &#8211; for a while. <\/p>\n<p>Ja, verden er ikke helt i zen.<br \/>\nKan universitetet klare verdenssituationen?<br \/>\nKan I?<\/p>\n<p>Her p\u00e5 universitetet f\u00e5r I en v\u00e6rkt\u00f8jskasse til at bygge noget op.<br \/>\nMen mekaniske kompetencer alene reducerer mennesket til en maskine.<br \/>\nEn uddannelse skal ogs\u00e5 rumme dannelse.<br \/>\nDannelse er ikke lig med udenadsl\u00e6re og konger\u00e6kke,<br \/>\nmen hele r\u00e6kken af argumenter for og imod kongernes betydning. <\/p>\n<p>Tag bare Niels Bohr, der kigger ud over jer derovre fra sin bronze-buste.<br \/>\nBohr sagde engang til en anden stor fysiker, citat<br \/>\n\u201dVi er alle enige om, at Deres teori er tosset.<br \/>\nSp\u00f8rgsm\u00e5let er, om den er tosset nok til at v\u00e6re korrekt.\u201d <\/p>\n<p>I den forstand rummer universitetet ogs\u00e5 noget revolution\u00e6rt,<br \/>\nsom kan bringe den tossede verden mere i zen.<br \/>\nEt opg\u00f8r med konformiteten og dogmerne<br \/>\n\u2013 eller som det hedder p\u00e5 nutidsdansk: et innovationspotentiale.<\/p>\n<p>Den revolution\u00e6re kraft vil I f\u00e5 her p\u00e5 KU \u2013 \u201dmay the force be with you\u201d.<br \/>\nOg s\u00e5 er der ikke gr\u00e6nser for, hvor langt I kan n\u00e5 med at l\u00f8se alverdens gr\u00e6nseoverskridende problemer:<br \/>\nKlima &amp; konflikter,<br \/>\nfattigdom &amp; flygtninge,<br \/>\nfedme &amp; f\u00f8devareknaphed,<br \/>\ng\u00e6ld &amp; Gr\u00e6kenland.<\/p>\n<p>For slet ikke at tale om d\u00e9t, der fylder mest i jeres liv.<br \/>\nAt finde noget at leve af \u2013 et job.<br \/>\nOg at finde noget at leve for \u2013 modet til selv at definere, hvad der er rigtigt og forkert.<\/p>\n<p>Her kommer s\u00e5 tre rektor-r\u00e5d til et studie i zen<br \/>\n\u2013 i balance mellem uddannelse og dannelse.<\/p>\n<p>For det f\u00f8rste:<br \/>\nV\u00e6r nysgerrig.<br \/>\nS\u00f8g det fremmede.<br \/>\nBliv en kulturel kam\u00e6leon, der kan skifte sprog og falde ind i omgivelserne,<br \/>\nsom en verdensborger i \u201den verden af i morgen\u201d.<br \/>\nL\u00e6r flere sprog \u2013 husk at engelsk kun giver \u00e9t verdensbillede.<br \/>\nRejs ud.<br \/>\nG\u00e5 p\u00e5 opdagelse i gr\u00e6nselandet.<br \/>\nTag eksotiske fag p\u00e5 fremmede fakulteter.<br \/>\nDuk forudindtaget op til foredrag og g\u00e5 hjem med en uventet konklusion.<br \/>\nKom til arrangementer derinde i festsalen \u2013 med statsm\u00e6nd og kvinder<br \/>\nog folk, der er \u201dnoget ved verdensmusikken\u201d .<br \/>\nLad mig give jer et indtryk af sp\u00e6ndvidden over \u00e5rene.<br \/>\nFra Ingmar Bergman til Michael Haneke.<br \/>\nFra Hannah Arendt til J\u00fcrgen Habermas.<br \/>\nFra Winston Churchill til Angela Merkel, der kom til debat med de studerende i april. <\/p>\n<p>For det andet:<br \/>\nFordyb jer.<br \/>\nSluk for Ipadens bl\u00e5lys i sovev\u00e6relset.<br \/>\nT\u00e6nd for den indre lystavle og l\u00e6s b\u00f8ger &#8211; ikke kun faglitteratur.<br \/>\nL\u00e6r om Gr\u00f8nland ved at l\u00e6se Leine.<br \/>\nLav din egen russiske oprustning gennem Tolstoy.<br \/>\nTag fat p\u00e5 Europas historie ved at l\u00e6se Zweig.<br \/>\nIndr\u00f8mmet: Jeg har selv en Netflix-konto.<br \/>\nOg jeg har en svaghed for Frank Underwoods m\u00f8rke underskov af ugerninger i House of Cards.<br \/>\nMen korthuset kan ramle, hvis man kun streamer underholdning efter behag.<br \/>\nDet er ikke n\u00f8rdet at vide noget.<br \/>\nMen derimod klogt at dykke ned i substansen<br \/>\n\u2013 frem for bare at surfe p\u00e5 Internettets overflade.<br \/>\nOg husk p\u00e5: Fornuftens filter er bedre end Googles algoritmer.<\/p>\n<p>For det tredje:<br \/>\nV\u00e6r selvst\u00e6ndig.<br \/>\nVi tilbyder ikke fois-gras studier eller studier hvor I h\u00e5ndmades med f\u00e6rdigretter.<br \/>\nOg KU skal ikke v\u00e6re et curling-universitet, som fejer alle forhindringer v\u00e6k. <\/p>\n<p>Men derfor beh\u00f8ver man jo ikke at rende forvirret rundt for at finde den mest basale info<br \/>\n&#8211; s\u00e5som om ens undervisning er aflyst \u2013 og at man kan sove en time l\u00e6ngere.<br \/>\nDerfor har vi nu f\u00e5et en app \u2013 myUCPH &#8211; s\u00e5 I kan ha\u2019 KU med i lommen.<\/p>\n<p>Nej, universitetet er ikke 4.G.<br \/>\nMen \u00e9n ting vil du genkende fra gym:<br \/>\nDu skal tage din uddannelse til tiden.<br \/>\nS\u00e5dan er de regler, som politikerne har bestemt. <\/p>\n<p>Men i det lange l\u00f8b er det kortsigtet at starte med en sprint.<br \/>\nOg at v\u00e6re \u201dSmart i en fart\u201d er heller ikke god stil p\u00e5 universitetet.<br \/>\nDerfor vil vi p\u00e5 KU g\u00f8re vores til, at der stadig plads til de omveje,<br \/>\nder er genveje til en bedre uddannelse og til mere dannelse:<br \/>\nUdlandsophold, erhvervserfaring og iv\u00e6rks\u00e6tter-dr\u00f8mme.<br \/>\nFor slet ikke at tale om tid og rum til de sk\u00f8re teorier,<br \/>\nsom netop ikke er s\u00e5 sk\u00f8re ved n\u00e6rmere eftertanke \u2013 i Niels Bohr \u00e5nd.<\/p>\n<p>Et studieliv i overhalingsbanen med hornet i bund<br \/>\n\u2013 lyder heller ikke sundt for medtrafikanterne.<br \/>\nPas p\u00e5 hinanden og skab et godt studiemilj\u00f8<br \/>\n\u2013 s\u00e6rligt her i starten, hvor der er mange nye ting, man skal v\u00e6re opm\u00e6rksom p\u00e5.<br \/>\nF\u00e5 overblik p\u00e5 intranettet \u2013 KUnet.<br \/>\nL\u00e6s studiebeskederne, se jeres personlige skema og klik videre til Absalon \u2013 jeres online kursusrum.<br \/>\nOg husk ogs\u00e5 de ikke-virtuelle f\u00e6llesskaber:<br \/>\nmeld jer ind i Alumneforeningen \u2013 eller en af de mange studenterforeninger. <\/p>\n<p>Dear students <\/p>\n<p>Today you enter the University of Copenhagen.<br \/>\nAnd in this ceremony you are accepted as citizens<br \/>\nin this republic of higher learning.<\/p>\n<p>In a moment you will all shake my hand<br \/>\n\u2013 or the hand of Prorector for Education, Lykke Friis. <\/p>\n<p>The handshake means that you will obtain your academic \u201ccitizenship\u201d<br \/>\nand that you promise to obey the university laws of 1479.<br \/>\nThe laws are mostly about all the power of the professors<br \/>\nand about misbehaving students who will be thrown in prison. <\/p>\n<p>As you can hear, it sounds very \u201cold school\u201d and medieval.<br \/>\nSo today, I hope we can shake hands on the merits of modern university education:<br \/>\nTolerance, openness and freethinking. <\/p>\n<p>In other words the academic spirit that will give you \u2013 and indeed the world &#8211;<br \/>\nnot only a moment of zen, but a lifetime of zen. <\/p>\n<p>Thank you!<\/p>\n<p>(Editor&#8217;s note: This speech was delivered to the University Post under embargo. The spoken word 28 August 2015 may have varied)<\/p>\n<p>universitypost@adm.ku.dk<\/p>\n<p><em>Do you have a good story? We would like to <a href=\"http:\/\/universitypost.dk\/article\/how-share-stories-university-post\" target=\"_blank\">hear from you<\/a>. In the meantime, like us on <a href=\"https:\/\/www.facebook.com\/UniversityPost\" target=\"_blank\"> Facebook <\/a> for features, guides and tips on upcoming events and follow us on <a href=\"https:\/\/twitter.com\/UniversityPost\" target=\"_blank\"> Twitter<\/a> for links to other Copenhagen academia news stories.<\/em><\/p>\n"},{"acf_fc_layout":"ArticleEnd"},{"acf_fc_layout":"OtherStories","headline":"","hand_picked_posts":false,"references":false,"category":false,"theme":false,"number_of_posts":"4","style":"default"}]},"taxonomyData":{"category":[{"term_id":44,"name":"Campus","slug":"campus","term_group":0,"term_taxonomy_id":44,"taxonomy":"category","description":"","parent":0,"count":1547,"filter":"raw"}],"post_tag":[],"post_format":[],"expression":[{"term_id":15,"name":"News Article","slug":"news_article","term_group":0,"term_taxonomy_id":15,"taxonomy":"expression","description":"","parent":0,"count":11492,"filter":"raw"}],"translation_priority":[]},"featured_media_url":"https:\/\/uniavisen.dk\/wp-content\/uploads\/2015\/08\/ralf_hemmingsen_from_2014_matriculation.jpg","_links":{"self":[{"href":"https:\/\/uniavisen.dk\/en\/wp-json\/wp\/v2\/posts\/4973","targetHints":{"allow":["GET"]}}],"collection":[{"href":"https:\/\/uniavisen.dk\/en\/wp-json\/wp\/v2\/posts"}],"about":[{"href":"https:\/\/uniavisen.dk\/en\/wp-json\/wp\/v2\/types\/post"}],"author":[{"embeddable":true,"href":"https:\/\/uniavisen.dk\/en\/wp-json\/wp\/v2\/users\/12"}],"replies":[{"embeddable":true,"href":"https:\/\/uniavisen.dk\/en\/wp-json\/wp\/v2\/comments?post=4973"}],"version-history":[{"count":2,"href":"https:\/\/uniavisen.dk\/en\/wp-json\/wp\/v2\/posts\/4973\/revisions"}],"predecessor-version":[{"id":32041,"href":"https:\/\/uniavisen.dk\/en\/wp-json\/wp\/v2\/posts\/4973\/revisions\/32041"}],"wp:featuredmedia":[{"embeddable":true,"href":"https:\/\/uniavisen.dk\/en\/wp-json\/wp\/v2\/media\/4974"}],"wp:attachment":[{"href":"https:\/\/uniavisen.dk\/en\/wp-json\/wp\/v2\/media?parent=4973"}],"wp:term":[{"taxonomy":"category","embeddable":true,"href":"https:\/\/uniavisen.dk\/en\/wp-json\/wp\/v2\/categories?post=4973"},{"taxonomy":"post_tag","embeddable":true,"href":"https:\/\/uniavisen.dk\/en\/wp-json\/wp\/v2\/tags?post=4973"}],"curies":[{"name":"wp","href":"https:\/\/api.w.org\/{rel}","templated":true}]}}