
{"id":62817,"date":"2018-01-31T10:09:47","date_gmt":"2018-01-31T09:09:47","guid":{"rendered":"https:\/\/uniavisen.dk\/overenskomst-tillidsfolk-advarer-afgoerende-deadline\/"},"modified":"2018-01-31T10:25:57","modified_gmt":"2018-01-31T09:25:57","slug":"staff-reps-warning-before-deadline-on-collective-agreement","status":"publish","type":"post","link":"https:\/\/uniavisen.dk\/en\/staff-reps-warning-before-deadline-on-collective-agreement\/","title":{"rendered":"Staff reps warning before deadline on collective agreement"},"content":{"rendered":"<p>Staff representatives are now trying to recruit new members among academic staff at the University of Copenhagen (UCPH) in connection with negotiations for a new Danish collective agreement.<\/p>\n<p>This is in an email with the title &#8220;Sign up for an AC union in January 2018,&#8221; which has also been sent to AC (Danish Confederation of Professional Associations &#8211; Akademikerne) eligible staff in the central administration.<\/p>\n<blockquote><p>I wouldn\u2019t say we set off a big campaign.<\/p>\n<p class=\"quotee\">Signe M\u00f8ller Johansen, Joint staff representative for AC-TAP<\/p>\n<\/blockquote>\n<p>The staff reps warn of the risk of a dispute, possibly in the form of a strike, and say it is important to be a union member before the end of January.<\/p>\n<p>&#8220;Virtually all AC federations have this deadline for enrollment in regard to whether you can get support equivalent to full pay in a dispute situation,&#8221; the email says.<\/p>\n<h3>Just a FYI<\/h3>\n<p>According to Signe M\u00f8ller Johansen, co-chair of the AC-TAP section at the University of Copenhagen, the mail was intended to inform colleagues about the collective agreement situation.<\/p>\n<p>&#8220;I wouldn\u2019t say we set off a big campaign. It is fair to inform colleagues that there is an important deadline which they should be aware of. I therefore invited all the staff reps in my area to write to staff,&#8221; says Signe M\u00f8ller Johansen.<\/p>\n<p>She adds that &#8220;it is also about solidarity, and about us all standing up for our demands together, so we can ensure that we still have reasonable pay and employment terms. Without a doubt, we are stronger in the negotiations if we have more members.&#8221;<\/p>\n<p>Signe M\u00f8ller Johansen emphasizes that she hopes that an agreement can be reached between the parties, so a dispute is averted.<\/p>\n<p>&nbsp;<br \/>\n<!-- end of module 1 --><\/p>\n<h3>This is what separates the two sides<\/h3>\n<p>Sara Vergo, chairman of Dj\u00f8f Offentlig, a trade union for academics in the public sector, says it&#8217;s too early to speak of a dispute, since the negotiations have not really begun.<\/p>\n<p>&#8220;We are very conscious of not talking up a potential dispute, but it is clear that we are in a difficult situation,&#8221; says Sara Vergo.<\/p>\n<p>She does not want to clarify what it is that separates the two sides, but says that it&#8217;s important that we &#8220;keep control of the paid lunch break&#8221; \u2013 something that employers would like to abolish.<\/p>\n<h3>Battle for wage regulation<\/h3>\n<p>Another sore point that has been debated in the media is that the Ministry of Finance believes that salary increases in the public sector have been ahead of the private sector over the past ten years. The ministry wants to <a href=\"https:\/\/www.modst.dk\/media\/17833\/finansministeriets-krav-til-akademikerne.pdf\">close this gap in salaries<\/a>, and wants negotiations to take place in a responsible financial framework.<\/p>\n<p>However, Anders Bondo Christensen, chief negotiator for the municipal employees, says the ministry\u2019s calculations are bogus and just a minister\u2019s campaign.<\/p>\n<blockquote><p>We are very conscious of not talking up a potential dispute<\/p>\n<p class=\"quotee\">Sara Vergo, Chairman of Dj\u00f8f offentlig<\/p>\n<\/blockquote>\n<p>He points out that the<a href=\"https:\/\/dm.dk\/Raadgivning\/L\/Loenregulering\"> salary adjustment scheme<\/a> has since 1996 ensured that salaries in the public sector follow the private sector.<\/p>\n<p>Another potential issue is that the ministry in the future wants a larger proportion of salaries to be negotiated locally at government workplaces \u201cto increase the link between employees\u2019 salaries and their performance\u201d, as it is stated in the negotiating draft.<\/p>\n<h3>A lot of lunch break talk<\/h3>\n<p>Signe M\u00f8ller Johansen hardly hears any colleagues talking about the salary adjustment scheme, as it is very technical, she says. But colleagues talk alot about losing the paid lunch break.<\/p>\n<p>Its loss would correspond to a pay decrease of 7.25 per cent or 2\u00bd hours of extra work per week.<\/p>\n<p>&#8220;This is incredibly provocative to people, as we have dedicated staff at this university who work intensively, and who willingly work through their lunch breaks to finish their tasks. Many of them have accepted that, as a public employee you earn less, but that they in turn often get better working conditions in terms of working hours. If this also disappears, it will be difficult to attract talented staff to public service,&#8221; she says.<\/p>\n<p>Any dispute would start on 1st April 2018 at the earliest.<br \/>\n<!-- end of module 2 --><\/p>\n","protected":false},"excerpt":{"rendered":"<p>Staff reps at the University of Copenhagen (UCPH) are preparing their colleagues for a possible strike and are calling on them to sign up to the AC union to get strike pay.<\/p>\n","protected":false},"author":6,"featured_media":62797,"comment_status":"open","ping_status":"open","sticky":false,"template":"","format":"standard","meta":{"_acf_changed":false,"om_disable_all_campaigns":false,"_monsterinsights_skip_tracking":false,"_monsterinsights_sitenote_active":false,"_monsterinsights_sitenote_note":"","_monsterinsights_sitenote_category":0,"_uf_show_specific_survey":0,"_uf_disable_surveys":false,"footnotes":""},"categories":[44],"tags":[207,1031,1059,1060,795],"class_list":["post-62817","post","type-post","status-publish","format-standard","has-post-thumbnail","hentry","category-campus","tag-arbejdsmiljoe-en","tag-arbejdstid-en","tag-frokostpause-en","tag-overenskomst-en","tag-working-environment","expression-feature_article"],"acf":[],"aioseo_notices":[],"yoast_head":"<!-- This site is optimized with the Yoast SEO plugin v27.5 - https:\/\/yoast.com\/product\/yoast-seo-wordpress\/ -->\n<title>Staff reps warning before deadline on collective agreement<\/title>\n<meta name=\"robots\" content=\"index, follow, max-snippet:-1, max-image-preview:large, max-video-preview:-1\" \/>\n<link rel=\"canonical\" href=\"https:\/\/uniavisen.dk\/en\/staff-reps-warning-before-deadline-on-collective-agreement\/\" \/>\n<meta property=\"og:locale\" content=\"en_US\" \/>\n<meta property=\"og:type\" content=\"article\" \/>\n<meta property=\"og:title\" content=\"Staff reps warning before deadline on collective agreement\" \/>\n<meta property=\"og:description\" content=\"Staff reps at the University of Copenhagen (UCPH) are preparing their colleagues for a possible strike and are calling on them to sign up to the AC union to get strike pay.\" \/>\n<meta property=\"og:url\" content=\"https:\/\/uniavisen.dk\/en\/staff-reps-warning-before-deadline-on-collective-agreement\/\" \/>\n<meta property=\"og:site_name\" content=\"University Post\" \/>\n<meta property=\"article:publisher\" content=\"https:\/\/www.facebook.com\/uniavis\" \/>\n<meta property=\"article:published_time\" content=\"2018-01-31T09:09:47+00:00\" \/>\n<meta property=\"article:modified_time\" content=\"2018-01-31T09:25:57+00:00\" \/>\n<meta property=\"og:image\" content=\"https:\/\/uniavisen.dk\/wp-content\/uploads\/2018\/01\/polfotochristianlindgren2013041112453951000x667-1.jpg\" \/>\n\t<meta property=\"og:image:width\" content=\"1000\" \/>\n\t<meta property=\"og:image:height\" content=\"667\" \/>\n\t<meta property=\"og:image:type\" content=\"image\/jpeg\" \/>\n<meta name=\"author\" content=\"Claus Baggersgaard\" \/>\n<meta name=\"twitter:card\" content=\"summary_large_image\" \/>\n<meta name=\"twitter:creator\" content=\"@Uniavisen\" \/>\n<meta name=\"twitter:site\" content=\"@Uniavisen\" \/>\n<meta name=\"twitter:label1\" content=\"Written by\" \/>\n\t<meta name=\"twitter:data1\" content=\"Claus Baggersgaard\" \/>\n\t<meta name=\"twitter:label2\" content=\"Est. reading time\" \/>\n\t<meta name=\"twitter:data2\" content=\"3 minutes\" \/>\n<script type=\"application\/ld+json\" class=\"yoast-schema-graph\">{\"@context\":\"https:\\\/\\\/schema.org\",\"@graph\":[{\"@type\":\"Article\",\"@id\":\"https:\\\/\\\/uniavisen.dk\\\/en\\\/staff-reps-warning-before-deadline-on-collective-agreement\\\/#article\",\"isPartOf\":{\"@id\":\"https:\\\/\\\/uniavisen.dk\\\/en\\\/staff-reps-warning-before-deadline-on-collective-agreement\\\/\"},\"author\":{\"name\":\"Claus Baggersgaard\",\"@id\":\"https:\\\/\\\/uniavisen.dk\\\/#\\\/schema\\\/person\\\/4e643b38c3645345615df27cf227500c\"},\"headline\":\"Staff reps warning before deadline on collective agreement\",\"datePublished\":\"2018-01-31T09:09:47+00:00\",\"dateModified\":\"2018-01-31T09:25:57+00:00\",\"mainEntityOfPage\":{\"@id\":\"https:\\\/\\\/uniavisen.dk\\\/en\\\/staff-reps-warning-before-deadline-on-collective-agreement\\\/\"},\"wordCount\":700,\"commentCount\":0,\"image\":{\"@id\":\"https:\\\/\\\/uniavisen.dk\\\/en\\\/staff-reps-warning-before-deadline-on-collective-agreement\\\/#primaryimage\"},\"thumbnailUrl\":\"https:\\\/\\\/uniavisen.dk\\\/wp-content\\\/uploads\\\/2018\\\/01\\\/polfotochristianlindgren2013041112453951000x667-1.jpg\",\"keywords\":[\"Arbejdsmilj\u00f8\",\"Arbejdstid\",\"Frokostpause\",\"Overenskomst\",\"working environment\"],\"articleSection\":[\"Campus\"],\"inLanguage\":\"en-US\"},{\"@type\":\"WebPage\",\"@id\":\"https:\\\/\\\/uniavisen.dk\\\/en\\\/staff-reps-warning-before-deadline-on-collective-agreement\\\/\",\"url\":\"https:\\\/\\\/uniavisen.dk\\\/en\\\/staff-reps-warning-before-deadline-on-collective-agreement\\\/\",\"name\":\"Staff reps warning before deadline on collective agreement\",\"isPartOf\":{\"@id\":\"https:\\\/\\\/uniavisen.dk\\\/#website\"},\"primaryImageOfPage\":{\"@id\":\"https:\\\/\\\/uniavisen.dk\\\/en\\\/staff-reps-warning-before-deadline-on-collective-agreement\\\/#primaryimage\"},\"image\":{\"@id\":\"https:\\\/\\\/uniavisen.dk\\\/en\\\/staff-reps-warning-before-deadline-on-collective-agreement\\\/#primaryimage\"},\"thumbnailUrl\":\"https:\\\/\\\/uniavisen.dk\\\/wp-content\\\/uploads\\\/2018\\\/01\\\/polfotochristianlindgren2013041112453951000x667-1.jpg\",\"datePublished\":\"2018-01-31T09:09:47+00:00\",\"dateModified\":\"2018-01-31T09:25:57+00:00\",\"author\":{\"@id\":\"https:\\\/\\\/uniavisen.dk\\\/#\\\/schema\\\/person\\\/4e643b38c3645345615df27cf227500c\"},\"breadcrumb\":{\"@id\":\"https:\\\/\\\/uniavisen.dk\\\/en\\\/staff-reps-warning-before-deadline-on-collective-agreement\\\/#breadcrumb\"},\"inLanguage\":\"en-US\",\"potentialAction\":[{\"@type\":\"ReadAction\",\"target\":[\"https:\\\/\\\/uniavisen.dk\\\/en\\\/staff-reps-warning-before-deadline-on-collective-agreement\\\/\"]}]},{\"@type\":\"ImageObject\",\"inLanguage\":\"en-US\",\"@id\":\"https:\\\/\\\/uniavisen.dk\\\/en\\\/staff-reps-warning-before-deadline-on-collective-agreement\\\/#primaryimage\",\"url\":\"https:\\\/\\\/uniavisen.dk\\\/wp-content\\\/uploads\\\/2018\\\/01\\\/polfotochristianlindgren2013041112453951000x667-1.jpg\",\"contentUrl\":\"https:\\\/\\\/uniavisen.dk\\\/wp-content\\\/uploads\\\/2018\\\/01\\\/polfotochristianlindgren2013041112453951000x667-1.jpg\",\"width\":1000,\"height\":667,\"caption\":\"L\u00e6rere demonstrerer under lockouten i 2013. De nuv\u00e6rende overenskomstforhandlinger kan resultere i en storkonflikt, der ogs\u00e5 vil inddrage ansatte i staten.\"},{\"@type\":\"BreadcrumbList\",\"@id\":\"https:\\\/\\\/uniavisen.dk\\\/en\\\/staff-reps-warning-before-deadline-on-collective-agreement\\\/#breadcrumb\",\"itemListElement\":[{\"@type\":\"ListItem\",\"position\":1,\"name\":\"Home\",\"item\":\"https:\\\/\\\/uniavisen.dk\\\/en\\\/\"},{\"@type\":\"ListItem\",\"position\":2,\"name\":\"Staff reps warning before deadline on collective agreement\"}]},{\"@type\":\"WebSite\",\"@id\":\"https:\\\/\\\/uniavisen.dk\\\/#website\",\"url\":\"https:\\\/\\\/uniavisen.dk\\\/\",\"name\":\"University Post\",\"description\":\"Independent of management\",\"potentialAction\":[{\"@type\":\"SearchAction\",\"target\":{\"@type\":\"EntryPoint\",\"urlTemplate\":\"https:\\\/\\\/uniavisen.dk\\\/?s={search_term_string}\"},\"query-input\":{\"@type\":\"PropertyValueSpecification\",\"valueRequired\":true,\"valueName\":\"search_term_string\"}}],\"inLanguage\":\"en-US\"},{\"@type\":\"Person\",\"@id\":\"https:\\\/\\\/uniavisen.dk\\\/#\\\/schema\\\/person\\\/4e643b38c3645345615df27cf227500c\",\"name\":\"Claus Baggersgaard\",\"image\":{\"@type\":\"ImageObject\",\"inLanguage\":\"en-US\",\"@id\":\"https:\\\/\\\/secure.gravatar.com\\\/avatar\\\/895e17d8d96f2c268d43aacd6ed1debda99b934651bc4abbb963c913c428828b?s=96&d=identicon&r=g\",\"url\":\"https:\\\/\\\/secure.gravatar.com\\\/avatar\\\/895e17d8d96f2c268d43aacd6ed1debda99b934651bc4abbb963c913c428828b?s=96&d=identicon&r=g\",\"contentUrl\":\"https:\\\/\\\/secure.gravatar.com\\\/avatar\\\/895e17d8d96f2c268d43aacd6ed1debda99b934651bc4abbb963c913c428828b?s=96&d=identicon&r=g\",\"caption\":\"Claus Baggersgaard\"},\"url\":\"https:\\\/\\\/uniavisen.dk\\\/en\\\/author\\\/claus\\\/\"}]}<\/script>\n<!-- \/ Yoast SEO plugin. -->","yoast_head_json":{"title":"Staff reps warning before deadline on collective agreement","robots":{"index":"index","follow":"follow","max-snippet":"max-snippet:-1","max-image-preview":"max-image-preview:large","max-video-preview":"max-video-preview:-1"},"canonical":"https:\/\/uniavisen.dk\/en\/staff-reps-warning-before-deadline-on-collective-agreement\/","og_locale":"en_US","og_type":"article","og_title":"Staff reps warning before deadline on collective agreement","og_description":"Staff reps at the University of Copenhagen (UCPH) are preparing their colleagues for a possible strike and are calling on them to sign up to the AC union to get strike pay.","og_url":"https:\/\/uniavisen.dk\/en\/staff-reps-warning-before-deadline-on-collective-agreement\/","og_site_name":"University Post","article_publisher":"https:\/\/www.facebook.com\/uniavis","article_published_time":"2018-01-31T09:09:47+00:00","article_modified_time":"2018-01-31T09:25:57+00:00","og_image":[{"width":1000,"height":667,"url":"https:\/\/uniavisen.dk\/wp-content\/uploads\/2018\/01\/polfotochristianlindgren2013041112453951000x667-1.jpg","type":"image\/jpeg"}],"author":"Claus Baggersgaard","twitter_card":"summary_large_image","twitter_creator":"@Uniavisen","twitter_site":"@Uniavisen","twitter_misc":{"Written by":"Claus Baggersgaard","Est. reading time":"3 minutes"},"schema":{"@context":"https:\/\/schema.org","@graph":[{"@type":"Article","@id":"https:\/\/uniavisen.dk\/en\/staff-reps-warning-before-deadline-on-collective-agreement\/#article","isPartOf":{"@id":"https:\/\/uniavisen.dk\/en\/staff-reps-warning-before-deadline-on-collective-agreement\/"},"author":{"name":"Claus Baggersgaard","@id":"https:\/\/uniavisen.dk\/#\/schema\/person\/4e643b38c3645345615df27cf227500c"},"headline":"Staff reps warning before deadline on collective agreement","datePublished":"2018-01-31T09:09:47+00:00","dateModified":"2018-01-31T09:25:57+00:00","mainEntityOfPage":{"@id":"https:\/\/uniavisen.dk\/en\/staff-reps-warning-before-deadline-on-collective-agreement\/"},"wordCount":700,"commentCount":0,"image":{"@id":"https:\/\/uniavisen.dk\/en\/staff-reps-warning-before-deadline-on-collective-agreement\/#primaryimage"},"thumbnailUrl":"https:\/\/uniavisen.dk\/wp-content\/uploads\/2018\/01\/polfotochristianlindgren2013041112453951000x667-1.jpg","keywords":["Arbejdsmilj\u00f8","Arbejdstid","Frokostpause","Overenskomst","working environment"],"articleSection":["Campus"],"inLanguage":"en-US"},{"@type":"WebPage","@id":"https:\/\/uniavisen.dk\/en\/staff-reps-warning-before-deadline-on-collective-agreement\/","url":"https:\/\/uniavisen.dk\/en\/staff-reps-warning-before-deadline-on-collective-agreement\/","name":"Staff reps warning before deadline on collective agreement","isPartOf":{"@id":"https:\/\/uniavisen.dk\/#website"},"primaryImageOfPage":{"@id":"https:\/\/uniavisen.dk\/en\/staff-reps-warning-before-deadline-on-collective-agreement\/#primaryimage"},"image":{"@id":"https:\/\/uniavisen.dk\/en\/staff-reps-warning-before-deadline-on-collective-agreement\/#primaryimage"},"thumbnailUrl":"https:\/\/uniavisen.dk\/wp-content\/uploads\/2018\/01\/polfotochristianlindgren2013041112453951000x667-1.jpg","datePublished":"2018-01-31T09:09:47+00:00","dateModified":"2018-01-31T09:25:57+00:00","author":{"@id":"https:\/\/uniavisen.dk\/#\/schema\/person\/4e643b38c3645345615df27cf227500c"},"breadcrumb":{"@id":"https:\/\/uniavisen.dk\/en\/staff-reps-warning-before-deadline-on-collective-agreement\/#breadcrumb"},"inLanguage":"en-US","potentialAction":[{"@type":"ReadAction","target":["https:\/\/uniavisen.dk\/en\/staff-reps-warning-before-deadline-on-collective-agreement\/"]}]},{"@type":"ImageObject","inLanguage":"en-US","@id":"https:\/\/uniavisen.dk\/en\/staff-reps-warning-before-deadline-on-collective-agreement\/#primaryimage","url":"https:\/\/uniavisen.dk\/wp-content\/uploads\/2018\/01\/polfotochristianlindgren2013041112453951000x667-1.jpg","contentUrl":"https:\/\/uniavisen.dk\/wp-content\/uploads\/2018\/01\/polfotochristianlindgren2013041112453951000x667-1.jpg","width":1000,"height":667,"caption":"L\u00e6rere demonstrerer under lockouten i 2013. De nuv\u00e6rende overenskomstforhandlinger kan resultere i en storkonflikt, der ogs\u00e5 vil inddrage ansatte i staten."},{"@type":"BreadcrumbList","@id":"https:\/\/uniavisen.dk\/en\/staff-reps-warning-before-deadline-on-collective-agreement\/#breadcrumb","itemListElement":[{"@type":"ListItem","position":1,"name":"Home","item":"https:\/\/uniavisen.dk\/en\/"},{"@type":"ListItem","position":2,"name":"Staff reps warning before deadline on collective agreement"}]},{"@type":"WebSite","@id":"https:\/\/uniavisen.dk\/#website","url":"https:\/\/uniavisen.dk\/","name":"University Post","description":"Independent of management","potentialAction":[{"@type":"SearchAction","target":{"@type":"EntryPoint","urlTemplate":"https:\/\/uniavisen.dk\/?s={search_term_string}"},"query-input":{"@type":"PropertyValueSpecification","valueRequired":true,"valueName":"search_term_string"}}],"inLanguage":"en-US"},{"@type":"Person","@id":"https:\/\/uniavisen.dk\/#\/schema\/person\/4e643b38c3645345615df27cf227500c","name":"Claus Baggersgaard","image":{"@type":"ImageObject","inLanguage":"en-US","@id":"https:\/\/secure.gravatar.com\/avatar\/895e17d8d96f2c268d43aacd6ed1debda99b934651bc4abbb963c913c428828b?s=96&d=identicon&r=g","url":"https:\/\/secure.gravatar.com\/avatar\/895e17d8d96f2c268d43aacd6ed1debda99b934651bc4abbb963c913c428828b?s=96&d=identicon&r=g","contentUrl":"https:\/\/secure.gravatar.com\/avatar\/895e17d8d96f2c268d43aacd6ed1debda99b934651bc4abbb963c913c428828b?s=96&d=identicon&r=g","caption":"Claus Baggersgaard"},"url":"https:\/\/uniavisen.dk\/en\/author\/claus\/"}]}},"advancedCustomFields":{"expression":{"term_id":18,"name":"Feature Article","slug":"feature_article","term_group":0,"term_taxonomy_id":18,"taxonomy":"expression","description":"","parent":0,"count":1200,"filter":"raw"},"enable_comments":true,"align_content":"alignleft","feature_color":"","layout_group":[{"acf_fc_layout":"Headline","use_post_title":true,"headline":"","style":"default","highlighted_words":"","text_size":"small"},{"acf_fc_layout":"Image","image":{"ID":62797,"id":62797,"title":"L\u00e6rerkonflikt, Lockout","filename":"polfotochristianlindgren2013041112453951000x667-1.jpg","filesize":167431,"url":"https:\/\/uniavisen.dk\/wp-content\/uploads\/2018\/01\/polfotochristianlindgren2013041112453951000x667-1.jpg","link":"https:\/\/uniavisen.dk\/en\/overenskomst-tillidsfolk-advarer-afgoerende-deadline\/laererkonflikt-lockout-2\/","alt":"","author":"4","description":"","caption":"L\u00e6rere demonstrerer under lockouten i 2013. De nuv\u00e6rende overenskomstforhandlinger kan resultere i en storkonflikt, der ogs\u00e5 vil inddrage ansatte i staten.","name":"laererkonflikt-lockout-2","status":"inherit","uploaded_to":62775,"date":"2018-01-30 11:03:19","modified":"2018-01-31 09:53:45","menu_order":0,"mime_type":"image\/jpeg","type":"image","subtype":"jpeg","icon":"https:\/\/uniavisen.dk\/wp-includes\/images\/media\/default.png","width":1000,"height":667,"sizes":{"thumbnail":"https:\/\/uniavisen.dk\/wp-content\/uploads\/2018\/01\/polfotochristianlindgren2013041112453951000x667-1-150x150.jpg","thumbnail-width":150,"thumbnail-height":150,"medium":"https:\/\/uniavisen.dk\/wp-content\/uploads\/2018\/01\/polfotochristianlindgren2013041112453951000x667-1-480x320.jpg","medium-width":480,"medium-height":320,"medium_large":"https:\/\/uniavisen.dk\/wp-content\/uploads\/2018\/01\/polfotochristianlindgren2013041112453951000x667-1-768x512.jpg","medium_large-width":768,"medium_large-height":512,"large":"https:\/\/uniavisen.dk\/wp-content\/uploads\/2018\/01\/polfotochristianlindgren2013041112453951000x667-1.jpg","large-width":1000,"large-height":667,"1536x1536":"https:\/\/uniavisen.dk\/wp-content\/uploads\/2018\/01\/polfotochristianlindgren2013041112453951000x667-1.jpg","1536x1536-width":1000,"1536x1536-height":667,"2048x2048":"https:\/\/uniavisen.dk\/wp-content\/uploads\/2018\/01\/polfotochristianlindgren2013041112453951000x667-1.jpg","2048x2048-width":1000,"2048x2048-height":667,"featured-soft":"https:\/\/uniavisen.dk\/wp-content\/uploads\/2018\/01\/polfotochristianlindgren2013041112453951000x667-1-290x193.jpg","featured-soft-width":290,"featured-soft-height":193,"featured-hard":"https:\/\/uniavisen.dk\/wp-content\/uploads\/2018\/01\/polfotochristianlindgren2013041112453951000x667-1-290x180.jpg","featured-hard-width":290,"featured-hard-height":180,"narrow":"https:\/\/uniavisen.dk\/wp-content\/uploads\/2018\/01\/polfotochristianlindgren2013041112453951000x667-1-700x467.jpg","narrow-width":700,"narrow-height":467,"extended":"https:\/\/uniavisen.dk\/wp-content\/uploads\/2018\/01\/polfotochristianlindgren2013041112453951000x667-1-990x660.jpg","extended-width":990,"extended-height":660}},"style":"extended","text_placement":"metadata-below","image_link_url":"","image_link_title":"","caption_prefix":"","enable_alternative_caption":true,"alternative_caption":"Teachers striking during the 2013 lockout. The bargaining on collective agreements could lead to an even wider dispute that will also involve state employees, like at universities."},{"acf_fc_layout":"Standfirst","subject":"Collective agreements 2018","text":"Tillidsfolk p\u00e5 K\u00f8benhavns Universitet forbereder deres kolleger p\u00e5 muligheden for, at de skal strejke og opfordrer dem til at melde sig ind i en AC-fagforening for at f\u00e5 konfliktunderst\u00f8ttelse.","use_post_excerpt":true},{"acf_fc_layout":"Byline","is_author":true,"contributors":false},{"acf_fc_layout":"Content","content":"<p>Staff representatives are now trying to recruit new members among academic staff at the University of Copenhagen (UCPH) in connection with negotiations for a new Danish collective agreement.<\/p>\n<p>This is in an email with the title &#8220;Sign up for an AC union in January 2018,&#8221; which has also been sent to AC (Danish Confederation of Professional Associations &#8211; Akademikerne) eligible staff in the central administration.<\/p>\n<blockquote><p>I wouldn\u2019t say we set off a big campaign.<\/p>\n<p class=\"quotee\">Signe M\u00f8ller Johansen, Joint staff representative for AC-TAP<\/p>\n<\/blockquote>\n<p>The staff reps warn of the risk of a dispute, possibly in the form of a strike, and say it is important to be a union member before the end of January.<\/p>\n<p>&#8220;Virtually all AC federations have this deadline for enrollment in regard to whether you can get support equivalent to full pay in a dispute situation,&#8221; the email says.<\/p>\n<h3>Just a FYI<\/h3>\n<p>According to Signe M\u00f8ller Johansen, co-chair of the AC-TAP section at the University of Copenhagen, the mail was intended to inform colleagues about the collective agreement situation.<\/p>\n<p>&#8220;I wouldn\u2019t say we set off a big campaign. It is fair to inform colleagues that there is an important deadline which they should be aware of. I therefore invited all the staff reps in my area to write to staff,&#8221; says Signe M\u00f8ller Johansen.<\/p>\n<p>She adds that &#8220;it is also about solidarity, and about us all standing up for our demands together, so we can ensure that we still have reasonable pay and employment terms. Without a doubt, we are stronger in the negotiations if we have more members.&#8221;<\/p>\n<p>Signe M\u00f8ller Johansen emphasizes that she hopes that an agreement can be reached between the parties, so a dispute is averted.<\/p>\n<p>&nbsp;<\/p>\n"},{"acf_fc_layout":"Quote","quote":"Virtually all AC federations have this deadline for enrollment in regard to whether you can get support equivalent to full pay in a dispute situation.","quotee":"Email from staff representatives","style":"extended"},{"acf_fc_layout":"Content","content":"<h3>This is what separates the two sides<\/h3>\n<p>Sara Vergo, chairman of Dj\u00f8f Offentlig, a trade union for academics in the public sector, says it&#8217;s too early to speak of a dispute, since the negotiations have not really begun.<\/p>\n<p>&#8220;We are very conscious of not talking up a potential dispute, but it is clear that we are in a difficult situation,&#8221; says Sara Vergo.<\/p>\n<p>She does not want to clarify what it is that separates the two sides, but says that it&#8217;s important that we &#8220;keep control of the paid lunch break&#8221; \u2013 something that employers would like to abolish.<\/p>\n<h3>Battle for wage regulation<\/h3>\n<p>Another sore point that has been debated in the media is that the Ministry of Finance believes that salary increases in the public sector have been ahead of the private sector over the past ten years. The ministry wants to <a href=\"https:\/\/www.modst.dk\/media\/17833\/finansministeriets-krav-til-akademikerne.pdf\">close this gap in salaries<\/a>, and wants negotiations to take place in a responsible financial framework.<\/p>\n<p>However, Anders Bondo Christensen, chief negotiator for the municipal employees, says the ministry\u2019s calculations are bogus and just a minister\u2019s campaign.<\/p>\n<blockquote><p>We are very conscious of not talking up a potential dispute<\/p>\n<p class=\"quotee\">Sara Vergo, Chairman of Dj\u00f8f offentlig<\/p>\n<\/blockquote>\n<p>He points out that the<a href=\"https:\/\/dm.dk\/Raadgivning\/L\/Loenregulering\"> salary adjustment scheme<\/a> has since 1996 ensured that salaries in the public sector follow the private sector.<\/p>\n<p>Another potential issue is that the ministry in the future wants a larger proportion of salaries to be negotiated locally at government workplaces \u201cto increase the link between employees\u2019 salaries and their performance\u201d, as it is stated in the negotiating draft.<\/p>\n<h3>A lot of lunch break talk<\/h3>\n<p>Signe M\u00f8ller Johansen hardly hears any colleagues talking about the salary adjustment scheme, as it is very technical, she says. But colleagues talk alot about losing the paid lunch break.<\/p>\n<p>Its loss would correspond to a pay decrease of 7.25 per cent or 2\u00bd hours of extra work per week.<\/p>\n<p>&#8220;This is incredibly provocative to people, as we have dedicated staff at this university who work intensively, and who willingly work through their lunch breaks to finish their tasks. Many of them have accepted that, as a public employee you earn less, but that they in turn often get better working conditions in terms of working hours. If this also disappears, it will be difficult to attract talented staff to public service,&#8221; she says.<\/p>\n<p>Any dispute would start on 1st April 2018 at the earliest.<\/p>\n"},{"acf_fc_layout":"ArticleEnd"},{"acf_fc_layout":"Newsletter","lang_select":"Dansk","identifier":"Newsletter","headline":"Receive a weekly newsletter in your inbox","button_text":"Tilmeld nu","class":""},{"acf_fc_layout":"OtherStories","headline":"","hand_picked_posts":false,"references":false,"category":false,"theme":false,"number_of_posts":"4","style":"default"}]},"taxonomyData":{"category":[{"term_id":44,"name":"Campus","slug":"campus","term_group":0,"term_taxonomy_id":44,"taxonomy":"category","description":"","parent":0,"count":1547,"filter":"raw"}],"post_tag":[{"term_id":207,"name":"Arbejdsmilj\u00f8","slug":"arbejdsmiljoe-en","term_group":0,"term_taxonomy_id":207,"taxonomy":"post_tag","description":"","parent":0,"count":10,"filter":"raw"},{"term_id":1031,"name":"Arbejdstid","slug":"arbejdstid-en","term_group":0,"term_taxonomy_id":1031,"taxonomy":"post_tag","description":"","parent":0,"count":1,"filter":"raw"},{"term_id":1059,"name":"Frokostpause","slug":"frokostpause-en","term_group":0,"term_taxonomy_id":1059,"taxonomy":"post_tag","description":"","parent":0,"count":2,"filter":"raw"},{"term_id":1060,"name":"Overenskomst","slug":"overenskomst-en","term_group":0,"term_taxonomy_id":1060,"taxonomy":"post_tag","description":"","parent":0,"count":4,"filter":"raw"},{"term_id":795,"name":"working environment","slug":"working-environment","term_group":0,"term_taxonomy_id":795,"taxonomy":"post_tag","description":"","parent":0,"count":12,"filter":"raw"}],"post_format":[],"expression":[{"term_id":18,"name":"Feature Article","slug":"feature_article","term_group":0,"term_taxonomy_id":18,"taxonomy":"expression","description":"","parent":0,"count":1200,"filter":"raw"}],"translation_priority":[]},"featured_media_url":"https:\/\/uniavisen.dk\/wp-content\/uploads\/2018\/01\/polfotochristianlindgren2013041112453951000x667-1.jpg","_links":{"self":[{"href":"https:\/\/uniavisen.dk\/en\/wp-json\/wp\/v2\/posts\/62817","targetHints":{"allow":["GET"]}}],"collection":[{"href":"https:\/\/uniavisen.dk\/en\/wp-json\/wp\/v2\/posts"}],"about":[{"href":"https:\/\/uniavisen.dk\/en\/wp-json\/wp\/v2\/types\/post"}],"author":[{"embeddable":true,"href":"https:\/\/uniavisen.dk\/en\/wp-json\/wp\/v2\/users\/6"}],"replies":[{"embeddable":true,"href":"https:\/\/uniavisen.dk\/en\/wp-json\/wp\/v2\/comments?post=62817"}],"version-history":[{"count":3,"href":"https:\/\/uniavisen.dk\/en\/wp-json\/wp\/v2\/posts\/62817\/revisions"}],"predecessor-version":[{"id":62820,"href":"https:\/\/uniavisen.dk\/en\/wp-json\/wp\/v2\/posts\/62817\/revisions\/62820"}],"wp:featuredmedia":[{"embeddable":true,"href":"https:\/\/uniavisen.dk\/en\/wp-json\/wp\/v2\/media\/62797"}],"wp:attachment":[{"href":"https:\/\/uniavisen.dk\/en\/wp-json\/wp\/v2\/media?parent=62817"}],"wp:term":[{"taxonomy":"category","embeddable":true,"href":"https:\/\/uniavisen.dk\/en\/wp-json\/wp\/v2\/categories?post=62817"},{"taxonomy":"post_tag","embeddable":true,"href":"https:\/\/uniavisen.dk\/en\/wp-json\/wp\/v2\/tags?post=62817"}],"curies":[{"name":"wp","href":"https:\/\/api.w.org\/{rel}","templated":true}]}}