
{"id":66196,"date":"2018-03-23T11:02:54","date_gmt":"2018-03-23T10:02:54","guid":{"rendered":"https:\/\/uniavisen.dk\/slut-uorganiserede-besoeg-paa-ku-pinger\/"},"modified":"2018-03-23T14:34:49","modified_gmt":"2018-03-23T13:34:49","slug":"slut-uorganiserede-besoeg-paa-ku-pinger","status":"publish","type":"post","link":"https:\/\/uniavisen.dk\/en\/slut-uorganiserede-besoeg-paa-ku-pinger\/","title":{"rendered":"Guideline change requires rector approval for VIP visits"},"content":{"rendered":"<p>On 22 January, Carles Puigdemont, the exiled leader of the Catalonian government, was invited to speak to the Department of Political Science, where he wound up<a href=\"https:\/\/uniavisen.dk\/en\/this-is-why-the-university-of-copenhagen-has-agreed-to-a-visit-from-puigdemont\/\"> locking horns<\/a> with Marlene Wind, the director of the university\u2019s Centre for European Politics.<\/p>\n<p>The visit was closely watched outside the university as well. The Spanish government had issued an arrest order for Puigdemont, and it was unclear whether the Danish police would crash the event and detain the guest of honour. (They didn\u2019t.)<\/p>\n<p>Now, the next time someone at the university wants to invite a high-profile guest, Henrik C Wegener, the rector, wants to be kept in the loop. Although it isn\u2019t clear whether Puigdemont\u2019s visit set the administration off, or whether it is because the university is an unruly place in general, the new guidelines where handed down two days after the visit.<\/p>\n<h2>SPECIAL ATTENTION<\/h2>\n<p>Anyone (and anyone here includes student groups) who invites a special guest to the university must now inform the Rector\u2019s Office, the communications department, and the head of security. If it is deemed necessary, the visit will need to be co-ordinated with the rector.<\/p>\n<blockquote><p>In general, we feel that it can\u2019t hurt to be in dialogue with the administration, but there is an expectation of mutual respect<\/p>\n<p class=\"quotee\">Magnus Hagmann, Chair of student group International Debat<\/p>\n<\/blockquote>\n<p>Just what type of involvement the Rector\u2019s Office will have depends on who the visitor is.<\/p>\n<p>If, for example, a cabinet member the university regularly deals with, or with whom it happens to be having a political or financial row (think higher-education minister or buildings minister), decides to show up, the rector wants to be informed about it, and he wants to have the opportunity to attend whatever event the visit is connected with (or to send a dean in his absence if he doesn\u2019t have time).<\/p>\n<p>The same applies to foreign dignitaries.<\/p>\n<h2>STUDENT GROUP: FAITH IN THE ADMINSTRATION<\/h2>\n<p>Mikkel Vedby Rasmussen, head of the Department of Political Science, sent the guidelines to faculty and student groups on 16 March.<\/p>\n<p>One of the groups to be informed was International Debat, a debate group. Magnus Hagmann, its chair, didn\u2019t expect them to cause any problems, but added that the students would still decide whom they chose to invite.<\/p>\n<p>\u201cAs it is now, we routinely inform the department administration about all our events, in the expectation that it is entirely up to us, as an organisation, to come up with our own programme,\u201d Hagmann wrote in message to University Post.<\/p>\n<p>\u201cIn general, we feel that it can\u2019t hurt to be in dialogue with the administration, but there is an expectation of mutual respect. I can\u2019t imagine that the administration would try to change one of our events. So, I\u2019m not worried.\u201d<\/p>\n<p>So far this year, International Debat has hosted events featuring the participation of the British, French and German ambassadors, as well as the head of Socialistisk Folkeparti, a political party.<\/p>\n<h2>RESEACH CENTRES AND ROYAL VISITS<\/h2>\n<p>The guidelines also state that the rector would like to be informed if someone \u201copens a basic research centre\/<secret text=\"This isn\u2019t something that happens every day, or even every other day, but in the past 10 years, Novo Nordisk has put its name on three major university research centres and donated 2.5 billion kroner in the process.\">Novo Nordisk Centre <\/secret>or the like\u201d. If someone wants to hold this type of event, the rector reserves the right both to decide whether it can be held and to have his office work with the organisers to find a date when it can be held.<\/p>\n<p>The same applies if someone wants to invite the queen. Royal visits call for the highest level of involvement by the Rector\u2019s Office. In such cases, the rector himself needs to approve an invitation before it gets sent.<\/p>\n<p>Even though the timing of the new rules might suggest otherwise, the administration, according to Rasmussen, could find no reason to criticise Puigdemont\u2019s visit.<\/p>\n<p>The university administration declined to comment on the guidelines.<br \/>\n<!-- end of module 1 --><\/p>\n","protected":false},"excerpt":{"rendered":"<p>A guideline adopted two days after the visit of Catalonian leader Carles Puigdemont instructs event organisers to inform the rector if they invite a VIP<\/p>\n","protected":false},"author":7,"featured_media":66047,"comment_status":"open","ping_status":"open","sticky":false,"template":"","format":"standard","meta":{"_acf_changed":false,"om_disable_all_campaigns":false,"_monsterinsights_skip_tracking":false,"_monsterinsights_sitenote_active":false,"_monsterinsights_sitenote_note":"","_monsterinsights_sitenote_category":0,"_uf_show_specific_survey":0,"_uf_disable_surveys":false,"footnotes":""},"categories":[44],"tags":[1194,274,434],"class_list":["post-66196","post","type-post","status-publish","format-standard","has-post-thumbnail","hentry","category-campus","tag-kongehuset-en","tag-rektorat-en","tag-statskundskab-en","expression-news_article"],"acf":[],"aioseo_notices":[],"yoast_head":"<!-- This site is optimized with the Yoast SEO plugin v27.5 - https:\/\/yoast.com\/product\/yoast-seo-wordpress\/ -->\n<title>Guideline change at UCPH requires rector approval for VIP visits<\/title>\n<meta name=\"description\" content=\"A guideline adopted two days after the visit of Catalonian leader Carles Puigdemont instructs event organisers to inform the rector if they invite a VIP\" \/>\n<meta name=\"robots\" content=\"index, follow, max-snippet:-1, max-image-preview:large, max-video-preview:-1\" \/>\n<link rel=\"canonical\" href=\"https:\/\/uniavisen.dk\/en\/slut-uorganiserede-besoeg-paa-ku-pinger\/\" \/>\n<meta property=\"og:locale\" content=\"en_US\" \/>\n<meta property=\"og:type\" content=\"article\" \/>\n<meta property=\"og:title\" content=\"Guideline change at UCPH requires rector approval for VIP visits\" \/>\n<meta property=\"og:description\" content=\"A guideline adopted two days after the visit of Catalonian leader Carles Puigdemont instructs event organisers to inform the rector if they invite a VIP\" \/>\n<meta property=\"og:url\" content=\"https:\/\/uniavisen.dk\/en\/slut-uorganiserede-besoeg-paa-ku-pinger\/\" \/>\n<meta property=\"og:site_name\" content=\"University Post\" \/>\n<meta property=\"article:publisher\" content=\"https:\/\/www.facebook.com\/uniavis\" \/>\n<meta property=\"article:author\" content=\"https:\/\/www.facebook.com\/christoffer.zieler\" \/>\n<meta property=\"article:published_time\" content=\"2018-03-23T10:02:54+00:00\" \/>\n<meta property=\"article:modified_time\" content=\"2018-03-23T13:34:49+00:00\" \/>\n<meta property=\"og:image\" content=\"https:\/\/uniavisen.dk\/wp-content\/uploads\/2018\/03\/puigdemont-1.jpg\" \/>\n\t<meta property=\"og:image:width\" content=\"2448\" \/>\n\t<meta property=\"og:image:height\" content=\"1944\" \/>\n\t<meta property=\"og:image:type\" content=\"image\/jpeg\" \/>\n<meta name=\"author\" content=\"Christoffer Zieler\" \/>\n<meta name=\"twitter:card\" content=\"summary_large_image\" \/>\n<meta name=\"twitter:creator\" content=\"@Uniavisen\" \/>\n<meta name=\"twitter:site\" content=\"@Uniavisen\" \/>\n<meta name=\"twitter:label1\" content=\"Written by\" \/>\n\t<meta name=\"twitter:data1\" content=\"Christoffer Zieler\" \/>\n\t<meta name=\"twitter:label2\" content=\"Est. reading time\" \/>\n\t<meta name=\"twitter:data2\" content=\"3 minutes\" \/>\n<script type=\"application\/ld+json\" class=\"yoast-schema-graph\">{\"@context\":\"https:\\\/\\\/schema.org\",\"@graph\":[{\"@type\":\"Article\",\"@id\":\"https:\\\/\\\/uniavisen.dk\\\/en\\\/slut-uorganiserede-besoeg-paa-ku-pinger\\\/#article\",\"isPartOf\":{\"@id\":\"https:\\\/\\\/uniavisen.dk\\\/en\\\/slut-uorganiserede-besoeg-paa-ku-pinger\\\/\"},\"author\":{\"name\":\"Christoffer Zieler\",\"@id\":\"https:\\\/\\\/uniavisen.dk\\\/#\\\/schema\\\/person\\\/a96cc389f544930451424dd312b34b8c\"},\"headline\":\"Guideline change requires rector approval for VIP visits\",\"datePublished\":\"2018-03-23T10:02:54+00:00\",\"dateModified\":\"2018-03-23T13:34:49+00:00\",\"mainEntityOfPage\":{\"@id\":\"https:\\\/\\\/uniavisen.dk\\\/en\\\/slut-uorganiserede-besoeg-paa-ku-pinger\\\/\"},\"wordCount\":688,\"commentCount\":0,\"image\":{\"@id\":\"https:\\\/\\\/uniavisen.dk\\\/en\\\/slut-uorganiserede-besoeg-paa-ku-pinger\\\/#primaryimage\"},\"thumbnailUrl\":\"https:\\\/\\\/uniavisen.dk\\\/wp-content\\\/uploads\\\/2018\\\/03\\\/puigdemont-1.jpg\",\"keywords\":[\"Kongehuset\",\"Rektorat\",\"Statskundskab\"],\"articleSection\":[\"Campus\"],\"inLanguage\":\"en-US\"},{\"@type\":\"WebPage\",\"@id\":\"https:\\\/\\\/uniavisen.dk\\\/en\\\/slut-uorganiserede-besoeg-paa-ku-pinger\\\/\",\"url\":\"https:\\\/\\\/uniavisen.dk\\\/en\\\/slut-uorganiserede-besoeg-paa-ku-pinger\\\/\",\"name\":\"Guideline change at UCPH requires rector approval for VIP visits\",\"isPartOf\":{\"@id\":\"https:\\\/\\\/uniavisen.dk\\\/#website\"},\"primaryImageOfPage\":{\"@id\":\"https:\\\/\\\/uniavisen.dk\\\/en\\\/slut-uorganiserede-besoeg-paa-ku-pinger\\\/#primaryimage\"},\"image\":{\"@id\":\"https:\\\/\\\/uniavisen.dk\\\/en\\\/slut-uorganiserede-besoeg-paa-ku-pinger\\\/#primaryimage\"},\"thumbnailUrl\":\"https:\\\/\\\/uniavisen.dk\\\/wp-content\\\/uploads\\\/2018\\\/03\\\/puigdemont-1.jpg\",\"datePublished\":\"2018-03-23T10:02:54+00:00\",\"dateModified\":\"2018-03-23T13:34:49+00:00\",\"author\":{\"@id\":\"https:\\\/\\\/uniavisen.dk\\\/#\\\/schema\\\/person\\\/a96cc389f544930451424dd312b34b8c\"},\"description\":\"A guideline adopted two days after the visit of Catalonian leader Carles Puigdemont instructs event organisers to inform the rector if they invite a VIP\",\"breadcrumb\":{\"@id\":\"https:\\\/\\\/uniavisen.dk\\\/en\\\/slut-uorganiserede-besoeg-paa-ku-pinger\\\/#breadcrumb\"},\"inLanguage\":\"en-US\",\"potentialAction\":[{\"@type\":\"ReadAction\",\"target\":[\"https:\\\/\\\/uniavisen.dk\\\/en\\\/slut-uorganiserede-besoeg-paa-ku-pinger\\\/\"]}]},{\"@type\":\"ImageObject\",\"inLanguage\":\"en-US\",\"@id\":\"https:\\\/\\\/uniavisen.dk\\\/en\\\/slut-uorganiserede-besoeg-paa-ku-pinger\\\/#primaryimage\",\"url\":\"https:\\\/\\\/uniavisen.dk\\\/wp-content\\\/uploads\\\/2018\\\/03\\\/puigdemont-1.jpg\",\"contentUrl\":\"https:\\\/\\\/uniavisen.dk\\\/wp-content\\\/uploads\\\/2018\\\/03\\\/puigdemont-1.jpg\",\"width\":2448,\"height\":1944,\"caption\":\"Carles Puigdemont g\u00e6ster KU 2018\"},{\"@type\":\"BreadcrumbList\",\"@id\":\"https:\\\/\\\/uniavisen.dk\\\/en\\\/slut-uorganiserede-besoeg-paa-ku-pinger\\\/#breadcrumb\",\"itemListElement\":[{\"@type\":\"ListItem\",\"position\":1,\"name\":\"Home\",\"item\":\"https:\\\/\\\/uniavisen.dk\\\/en\\\/\"},{\"@type\":\"ListItem\",\"position\":2,\"name\":\"Guideline change requires rector approval for VIP visits\"}]},{\"@type\":\"WebSite\",\"@id\":\"https:\\\/\\\/uniavisen.dk\\\/#website\",\"url\":\"https:\\\/\\\/uniavisen.dk\\\/\",\"name\":\"University Post\",\"description\":\"Independent of management\",\"potentialAction\":[{\"@type\":\"SearchAction\",\"target\":{\"@type\":\"EntryPoint\",\"urlTemplate\":\"https:\\\/\\\/uniavisen.dk\\\/?s={search_term_string}\"},\"query-input\":{\"@type\":\"PropertyValueSpecification\",\"valueRequired\":true,\"valueName\":\"search_term_string\"}}],\"inLanguage\":\"en-US\"},{\"@type\":\"Person\",\"@id\":\"https:\\\/\\\/uniavisen.dk\\\/#\\\/schema\\\/person\\\/a96cc389f544930451424dd312b34b8c\",\"name\":\"Christoffer Zieler\",\"image\":{\"@type\":\"ImageObject\",\"inLanguage\":\"en-US\",\"@id\":\"https:\\\/\\\/secure.gravatar.com\\\/avatar\\\/4bf8592c5d42f63ff76abd26557ba3887d83a2e784a2508b81d423cf582346fa?s=96&d=identicon&r=g\",\"url\":\"https:\\\/\\\/secure.gravatar.com\\\/avatar\\\/4bf8592c5d42f63ff76abd26557ba3887d83a2e784a2508b81d423cf582346fa?s=96&d=identicon&r=g\",\"contentUrl\":\"https:\\\/\\\/secure.gravatar.com\\\/avatar\\\/4bf8592c5d42f63ff76abd26557ba3887d83a2e784a2508b81d423cf582346fa?s=96&d=identicon&r=g\",\"caption\":\"Christoffer Zieler\"},\"sameAs\":[\"https:\\\/\\\/www.facebook.com\\\/christoffer.zieler\"],\"url\":\"https:\\\/\\\/uniavisen.dk\\\/en\\\/author\\\/christoffer\\\/\"}]}<\/script>\n<!-- \/ Yoast SEO plugin. -->","yoast_head_json":{"title":"Guideline change at UCPH requires rector approval for VIP visits","description":"A guideline adopted two days after the visit of Catalonian leader Carles Puigdemont instructs event organisers to inform the rector if they invite a VIP","robots":{"index":"index","follow":"follow","max-snippet":"max-snippet:-1","max-image-preview":"max-image-preview:large","max-video-preview":"max-video-preview:-1"},"canonical":"https:\/\/uniavisen.dk\/en\/slut-uorganiserede-besoeg-paa-ku-pinger\/","og_locale":"en_US","og_type":"article","og_title":"Guideline change at UCPH requires rector approval for VIP visits","og_description":"A guideline adopted two days after the visit of Catalonian leader Carles Puigdemont instructs event organisers to inform the rector if they invite a VIP","og_url":"https:\/\/uniavisen.dk\/en\/slut-uorganiserede-besoeg-paa-ku-pinger\/","og_site_name":"University Post","article_publisher":"https:\/\/www.facebook.com\/uniavis","article_author":"https:\/\/www.facebook.com\/christoffer.zieler","article_published_time":"2018-03-23T10:02:54+00:00","article_modified_time":"2018-03-23T13:34:49+00:00","og_image":[{"width":2448,"height":1944,"url":"https:\/\/uniavisen.dk\/wp-content\/uploads\/2018\/03\/puigdemont-1.jpg","type":"image\/jpeg"}],"author":"Christoffer Zieler","twitter_card":"summary_large_image","twitter_creator":"@Uniavisen","twitter_site":"@Uniavisen","twitter_misc":{"Written by":"Christoffer Zieler","Est. reading time":"3 minutes"},"schema":{"@context":"https:\/\/schema.org","@graph":[{"@type":"Article","@id":"https:\/\/uniavisen.dk\/en\/slut-uorganiserede-besoeg-paa-ku-pinger\/#article","isPartOf":{"@id":"https:\/\/uniavisen.dk\/en\/slut-uorganiserede-besoeg-paa-ku-pinger\/"},"author":{"name":"Christoffer Zieler","@id":"https:\/\/uniavisen.dk\/#\/schema\/person\/a96cc389f544930451424dd312b34b8c"},"headline":"Guideline change requires rector approval for VIP visits","datePublished":"2018-03-23T10:02:54+00:00","dateModified":"2018-03-23T13:34:49+00:00","mainEntityOfPage":{"@id":"https:\/\/uniavisen.dk\/en\/slut-uorganiserede-besoeg-paa-ku-pinger\/"},"wordCount":688,"commentCount":0,"image":{"@id":"https:\/\/uniavisen.dk\/en\/slut-uorganiserede-besoeg-paa-ku-pinger\/#primaryimage"},"thumbnailUrl":"https:\/\/uniavisen.dk\/wp-content\/uploads\/2018\/03\/puigdemont-1.jpg","keywords":["Kongehuset","Rektorat","Statskundskab"],"articleSection":["Campus"],"inLanguage":"en-US"},{"@type":"WebPage","@id":"https:\/\/uniavisen.dk\/en\/slut-uorganiserede-besoeg-paa-ku-pinger\/","url":"https:\/\/uniavisen.dk\/en\/slut-uorganiserede-besoeg-paa-ku-pinger\/","name":"Guideline change at UCPH requires rector approval for VIP visits","isPartOf":{"@id":"https:\/\/uniavisen.dk\/#website"},"primaryImageOfPage":{"@id":"https:\/\/uniavisen.dk\/en\/slut-uorganiserede-besoeg-paa-ku-pinger\/#primaryimage"},"image":{"@id":"https:\/\/uniavisen.dk\/en\/slut-uorganiserede-besoeg-paa-ku-pinger\/#primaryimage"},"thumbnailUrl":"https:\/\/uniavisen.dk\/wp-content\/uploads\/2018\/03\/puigdemont-1.jpg","datePublished":"2018-03-23T10:02:54+00:00","dateModified":"2018-03-23T13:34:49+00:00","author":{"@id":"https:\/\/uniavisen.dk\/#\/schema\/person\/a96cc389f544930451424dd312b34b8c"},"description":"A guideline adopted two days after the visit of Catalonian leader Carles Puigdemont instructs event organisers to inform the rector if they invite a VIP","breadcrumb":{"@id":"https:\/\/uniavisen.dk\/en\/slut-uorganiserede-besoeg-paa-ku-pinger\/#breadcrumb"},"inLanguage":"en-US","potentialAction":[{"@type":"ReadAction","target":["https:\/\/uniavisen.dk\/en\/slut-uorganiserede-besoeg-paa-ku-pinger\/"]}]},{"@type":"ImageObject","inLanguage":"en-US","@id":"https:\/\/uniavisen.dk\/en\/slut-uorganiserede-besoeg-paa-ku-pinger\/#primaryimage","url":"https:\/\/uniavisen.dk\/wp-content\/uploads\/2018\/03\/puigdemont-1.jpg","contentUrl":"https:\/\/uniavisen.dk\/wp-content\/uploads\/2018\/03\/puigdemont-1.jpg","width":2448,"height":1944,"caption":"Carles Puigdemont g\u00e6ster KU 2018"},{"@type":"BreadcrumbList","@id":"https:\/\/uniavisen.dk\/en\/slut-uorganiserede-besoeg-paa-ku-pinger\/#breadcrumb","itemListElement":[{"@type":"ListItem","position":1,"name":"Home","item":"https:\/\/uniavisen.dk\/en\/"},{"@type":"ListItem","position":2,"name":"Guideline change requires rector approval for VIP visits"}]},{"@type":"WebSite","@id":"https:\/\/uniavisen.dk\/#website","url":"https:\/\/uniavisen.dk\/","name":"University Post","description":"Independent of management","potentialAction":[{"@type":"SearchAction","target":{"@type":"EntryPoint","urlTemplate":"https:\/\/uniavisen.dk\/?s={search_term_string}"},"query-input":{"@type":"PropertyValueSpecification","valueRequired":true,"valueName":"search_term_string"}}],"inLanguage":"en-US"},{"@type":"Person","@id":"https:\/\/uniavisen.dk\/#\/schema\/person\/a96cc389f544930451424dd312b34b8c","name":"Christoffer Zieler","image":{"@type":"ImageObject","inLanguage":"en-US","@id":"https:\/\/secure.gravatar.com\/avatar\/4bf8592c5d42f63ff76abd26557ba3887d83a2e784a2508b81d423cf582346fa?s=96&d=identicon&r=g","url":"https:\/\/secure.gravatar.com\/avatar\/4bf8592c5d42f63ff76abd26557ba3887d83a2e784a2508b81d423cf582346fa?s=96&d=identicon&r=g","contentUrl":"https:\/\/secure.gravatar.com\/avatar\/4bf8592c5d42f63ff76abd26557ba3887d83a2e784a2508b81d423cf582346fa?s=96&d=identicon&r=g","caption":"Christoffer Zieler"},"sameAs":["https:\/\/www.facebook.com\/christoffer.zieler"],"url":"https:\/\/uniavisen.dk\/en\/author\/christoffer\/"}]}},"advancedCustomFields":{"layout_group":[{"acf_fc_layout":"Headline","use_post_title":true,"headline":"","style":"default","highlighted_words":"","text_size":"small"},{"acf_fc_layout":"Image","image":{"ID":66047,"id":66047,"title":"Carles Puigdemont g\u00e6ster KU 2018","filename":"puigdemont-1.jpg","filesize":465921,"url":"https:\/\/uniavisen.dk\/wp-content\/uploads\/2018\/03\/puigdemont-1.jpg","link":"https:\/\/uniavisen.dk\/en\/slut-uorganiserede-besoeg-paa-ku-pinger\/puigdemont-3\/","alt":"Carles Puigdemont g\u00e6ster KU 2018","author":"5","description":"Carles Puigdemont g\u00e6ster KU 2018","caption":"Carles Puigdemont g\u00e6ster KU 2018","name":"puigdemont-3","status":"inherit","uploaded_to":65827,"date":"2018-03-21 12:23:32","modified":"2018-03-21 12:24:16","menu_order":0,"mime_type":"image\/jpeg","type":"image","subtype":"jpeg","icon":"https:\/\/uniavisen.dk\/wp-includes\/images\/media\/default.png","width":2448,"height":1944,"sizes":{"thumbnail":"https:\/\/uniavisen.dk\/wp-content\/uploads\/2018\/03\/puigdemont-1-150x150.jpg","thumbnail-width":150,"thumbnail-height":150,"medium":"https:\/\/uniavisen.dk\/wp-content\/uploads\/2018\/03\/puigdemont-1-480x381.jpg","medium-width":480,"medium-height":381,"medium_large":"https:\/\/uniavisen.dk\/wp-content\/uploads\/2018\/03\/puigdemont-1-768x610.jpg","medium_large-width":768,"medium_large-height":610,"large":"https:\/\/uniavisen.dk\/wp-content\/uploads\/2018\/03\/puigdemont-1-1280x1016.jpg","large-width":1280,"large-height":1016,"1536x1536":"https:\/\/uniavisen.dk\/wp-content\/uploads\/2018\/03\/puigdemont-1.jpg","1536x1536-width":1536,"1536x1536-height":1220,"2048x2048":"https:\/\/uniavisen.dk\/wp-content\/uploads\/2018\/03\/puigdemont-1.jpg","2048x2048-width":2048,"2048x2048-height":1626,"featured-soft":"https:\/\/uniavisen.dk\/wp-content\/uploads\/2018\/03\/puigdemont-1-290x230.jpg","featured-soft-width":290,"featured-soft-height":230,"featured-hard":"https:\/\/uniavisen.dk\/wp-content\/uploads\/2018\/03\/puigdemont-1-290x180.jpg","featured-hard-width":290,"featured-hard-height":180,"narrow":"https:\/\/uniavisen.dk\/wp-content\/uploads\/2018\/03\/puigdemont-1-700x556.jpg","narrow-width":700,"narrow-height":556,"extended":"https:\/\/uniavisen.dk\/wp-content\/uploads\/2018\/03\/puigdemont-1-990x786.jpg","extended-width":990,"extended-height":786}},"style":"extended","text_placement":"metadata-below","image_link_url":"","image_link_title":"","caption_prefix":"","enable_alternative_caption":true,"alternative_caption":"Catalonian leader Carles Puigdemont was invited to address the Department of Political Science in January"},{"acf_fc_layout":"Standfirst","subject":"Regler","text":"A guideline adopted two days after the visit of Catalonian leader Carles Puigdemont instructs event organisers to inform the rector if they invite a VIP","use_post_excerpt":false},{"acf_fc_layout":"Byline","is_author":true,"contributors":false},{"acf_fc_layout":"Content","content":"<p>On 22 January, Carles Puigdemont, the exiled leader of the Catalonian government, was invited to speak to the Department of Political Science, where he wound up<a href=\"https:\/\/uniavisen.dk\/en\/this-is-why-the-university-of-copenhagen-has-agreed-to-a-visit-from-puigdemont\/\"> locking horns<\/a> with Marlene Wind, the director of the university\u2019s Centre for European Politics.<\/p>\n<p>The visit was closely watched outside the university as well. The Spanish government had issued an arrest order for Puigdemont, and it was unclear whether the Danish police would crash the event and detain the guest of honour. (They didn\u2019t.)<\/p>\n<p>Now, the next time someone at the university wants to invite a high-profile guest, Henrik C Wegener, the rector, wants to be kept in the loop. Although it isn\u2019t clear whether Puigdemont\u2019s visit set the administration off, or whether it is because the university is an unruly place in general, the new guidelines where handed down two days after the visit.<\/p>\n<h2>SPECIAL ATTENTION<\/h2>\n<p>Anyone (and anyone here includes student groups) who invites a special guest to the university must now inform the Rector\u2019s Office, the communications department, and the head of security. If it is deemed necessary, the visit will need to be co-ordinated with the rector.<\/p>\n<blockquote><p>In general, we feel that it can\u2019t hurt to be in dialogue with the administration, but there is an expectation of mutual respect<\/p>\n<p class=\"quotee\">Magnus Hagmann, Chair of student group International Debat<\/p>\n<\/blockquote>\n<p>Just what type of involvement the Rector\u2019s Office will have depends on who the visitor is.<\/p>\n<p>If, for example, a cabinet member the university regularly deals with, or with whom it happens to be having a political or financial row (think higher-education minister or buildings minister), decides to show up, the rector wants to be informed about it, and he wants to have the opportunity to attend whatever event the visit is connected with (or to send a dean in his absence if he doesn\u2019t have time).<\/p>\n<p>The same applies to foreign dignitaries.<\/p>\n<h2>STUDENT GROUP: FAITH IN THE ADMINSTRATION<\/h2>\n<p>Mikkel Vedby Rasmussen, head of the Department of Political Science, sent the guidelines to faculty and student groups on 16 March.<\/p>\n<p>One of the groups to be informed was International Debat, a debate group. Magnus Hagmann, its chair, didn\u2019t expect them to cause any problems, but added that the students would still decide whom they chose to invite.<\/p>\n<p>\u201cAs it is now, we routinely inform the department administration about all our events, in the expectation that it is entirely up to us, as an organisation, to come up with our own programme,\u201d Hagmann wrote in message to University Post.<\/p>\n<p>\u201cIn general, we feel that it can\u2019t hurt to be in dialogue with the administration, but there is an expectation of mutual respect. I can\u2019t imagine that the administration would try to change one of our events. So, I\u2019m not worried.\u201d<\/p>\n<p>So far this year, International Debat has hosted events featuring the participation of the British, French and German ambassadors, as well as the head of Socialistisk Folkeparti, a political party.<\/p>\n<h2>RESEACH CENTRES AND ROYAL VISITS<\/h2>\n<p>The guidelines also state that the rector would like to be informed if someone \u201copens a basic research centre\/<secret text=\"This isn\u2019t something that happens every day, or even every other day, but in the past 10 years, Novo Nordisk has put its name on three major university research centres and donated 2.5 billion kroner in the process.\">Novo Nordisk Centre <\/secret>or the like\u201d. If someone wants to hold this type of event, the rector reserves the right both to decide whether it can be held and to have his office work with the organisers to find a date when it can be held.<\/p>\n<p>The same applies if someone wants to invite the queen. Royal visits call for the highest level of involvement by the Rector\u2019s Office. In such cases, the rector himself needs to approve an invitation before it gets sent.<\/p>\n<p>Even though the timing of the new rules might suggest otherwise, the administration, according to Rasmussen, could find no reason to criticise Puigdemont\u2019s visit.<\/p>\n<p>The university administration declined to comment on the guidelines.<\/p>\n"},{"acf_fc_layout":"ArticleEnd"},{"acf_fc_layout":"Newsletter","lang_select":"Dansk","identifier":"Newsletter","headline":"RECEIVE A WEEKLY NEWSLETTER IN YOUR INBOX","button_text":"Tilmeld nu","class":""},{"acf_fc_layout":"OtherStories","headline":"","hand_picked_posts":false,"references":false,"category":false,"theme":false,"number_of_posts":"4","style":"default"}],"expression":{"term_id":15,"name":"News Article","slug":"news_article","term_group":0,"term_taxonomy_id":15,"taxonomy":"expression","description":"","parent":0,"count":11493,"filter":"raw"},"enable_comments":true,"align_content":"alignleft","feature_color":""},"taxonomyData":{"category":[{"term_id":44,"name":"Campus","slug":"campus","term_group":0,"term_taxonomy_id":44,"taxonomy":"category","description":"","parent":0,"count":1547,"filter":"raw"}],"post_tag":[{"term_id":1194,"name":"Kongehuset","slug":"kongehuset-en","term_group":0,"term_taxonomy_id":1194,"taxonomy":"post_tag","description":"","parent":0,"count":1,"filter":"raw"},{"term_id":274,"name":"Rektorat","slug":"rektorat-en","term_group":0,"term_taxonomy_id":274,"taxonomy":"post_tag","description":"","parent":0,"count":4,"filter":"raw"},{"term_id":434,"name":"Statskundskab","slug":"statskundskab-en","term_group":0,"term_taxonomy_id":434,"taxonomy":"post_tag","description":"","parent":0,"count":7,"filter":"raw"}],"post_format":[],"expression":[{"term_id":15,"name":"News Article","slug":"news_article","term_group":0,"term_taxonomy_id":15,"taxonomy":"expression","description":"","parent":0,"count":11493,"filter":"raw"}],"translation_priority":[]},"featured_media_url":"https:\/\/uniavisen.dk\/wp-content\/uploads\/2018\/03\/puigdemont-1-1280x1016.jpg","_links":{"self":[{"href":"https:\/\/uniavisen.dk\/en\/wp-json\/wp\/v2\/posts\/66196","targetHints":{"allow":["GET"]}}],"collection":[{"href":"https:\/\/uniavisen.dk\/en\/wp-json\/wp\/v2\/posts"}],"about":[{"href":"https:\/\/uniavisen.dk\/en\/wp-json\/wp\/v2\/types\/post"}],"author":[{"embeddable":true,"href":"https:\/\/uniavisen.dk\/en\/wp-json\/wp\/v2\/users\/7"}],"replies":[{"embeddable":true,"href":"https:\/\/uniavisen.dk\/en\/wp-json\/wp\/v2\/comments?post=66196"}],"version-history":[{"count":3,"href":"https:\/\/uniavisen.dk\/en\/wp-json\/wp\/v2\/posts\/66196\/revisions"}],"predecessor-version":[{"id":66204,"href":"https:\/\/uniavisen.dk\/en\/wp-json\/wp\/v2\/posts\/66196\/revisions\/66204"}],"wp:featuredmedia":[{"embeddable":true,"href":"https:\/\/uniavisen.dk\/en\/wp-json\/wp\/v2\/media\/66047"}],"wp:attachment":[{"href":"https:\/\/uniavisen.dk\/en\/wp-json\/wp\/v2\/media?parent=66196"}],"wp:term":[{"taxonomy":"category","embeddable":true,"href":"https:\/\/uniavisen.dk\/en\/wp-json\/wp\/v2\/categories?post=66196"},{"taxonomy":"post_tag","embeddable":true,"href":"https:\/\/uniavisen.dk\/en\/wp-json\/wp\/v2\/tags?post=66196"}],"curies":[{"name":"wp","href":"https:\/\/api.w.org\/{rel}","templated":true}]}}